{"id":244218,"date":"2025-07-12T05:49:13","date_gmt":"2025-07-12T05:49:13","guid":{"rendered":"https:\/\/www.europesays.com\/fr\/244218\/"},"modified":"2025-07-12T05:49:13","modified_gmt":"2025-07-12T05:49:13","slug":"les-dessous-du-transfert-de-cameron-woki-reveles","status":"publish","type":"post","link":"https:\/\/www.europesays.com\/fr\/244218\/","title":{"rendered":"Les dessous du transfert de Cameron Woki r\u00e9v\u00e9l\u00e9s"},"content":{"rendered":"<p>L&rsquo;arriv\u00e9e de Cameron Woki fait saliver les fans de l&rsquo;UBB. Le club finaliste du Top 14 et champion d&rsquo;Europe en titre se donne les moyens de faire mieux en championnat la saison prochaine. Pour cela, il faut un effectif de qualit\u00e9 et comp\u00e9titif. C&rsquo;est donc \u00e0 cet effet que la direction multiplie les recrutements.<\/p>\n<p>\u00a0<\/p>\n<p>En \u00e9voquant le retour de la troisi\u00e8me ligne aile, le pr\u00e9sident de l&rsquo;UBB est revenu sur les circonstances du d\u00e9part de Cameron Woki en 2022. Il a tenu \u00e0 justifier cette situation par le terme \u00ab concours de circonstance \u00bb. Mais la maison manquait au joueur et Laurent Marti ne lui a pas ferm\u00e9 la porte. Au micro de Top Rugby, il a racont\u00e9 comment les choses se sont pass\u00e9es pour aboutir \u00e0 ce transfert.<\/p>\n<p>\u00a0<\/p>\n<p>\u00a0<\/p>\n<p>Cameron Woki a fait des efforts !<\/p>\n<p>\u00a0<\/p>\n<blockquote>\n<p>\u00ab D\u00e8s la saison pass\u00e9e, Cameron avait commenc\u00e9 \u00e0 envoyer quelques messages en disant qu\u2019il regrettait un peu Bordeaux et je crois que la greffe \u00e0 Paris n\u2019avait pas vraiment pris. Cette ann\u00e9e, il a \u00e9t\u00e9 un peu plus insistant. En fin de saison, il y a eu un contexte o\u00f9 on a estim\u00e9 que tout \u00e9tait r\u00e9uni. Il fallait remplacer Guido Petti. Cameron a aussi fait des efforts pour pouvoir revenir \u00e0 l\u2019Union Bordeaux-B\u00e8gles, ce qui nous a confort\u00e9s \u00bb.<\/p>\n<\/blockquote>\n<p>\u00a0<\/p>\n<p>Voil\u00e0 qui est clair en ce qui concerne les circonstances de l&rsquo;arriv\u00e9e du troisi\u00e8me ligne de 26 ans. A noter que c&rsquo;est avec l&rsquo;UBB que Cameron Woki a lanc\u00e9 sa carri\u00e8re professionnelle. Et pour le coup, il y est rest\u00e9 pendant 5 ans. Ce qui lui permis de disputer un total de 96 matchs, dont 74 titularisations. Cameroun Woki a marqu\u00e9 95 points sur cette p\u00e9riode.<\/p>\n<p>Partagez cette info avec vos amis et vos proches en cliquant ici<br \/>Pour r\u00e9sumer<\/p>\n<p>Cameron Woki revient \u00e0 l\u2019UBB, club o\u00f9 il a lanc\u00e9 sa carri\u00e8re (96 matchs, 95 points). Apr\u00e8s un passage mitig\u00e9 \u00e0 Paris, son retour r\u00e9sulte d\u2019un \u00ab concours de circonstance \u00bb et de sa volont\u00e9 affirm\u00e9e. Il vient remplacer Guido Petti pour renforcer l\u2019effectif.<\/p>\n<p> <img decoding=\"async\" width=\"76\" height=\"76\" loading=\"lazy\" src=\"https:\/\/www.europesays.com\/fr\/wp-content\/uploads\/2025\/04\/avatar-quinze.png\" alt=\"Voldi Fr\u00e9jus\u00a0Hounvio\"\/><\/p>\n","protected":false},"excerpt":{"rendered":"L&rsquo;arriv\u00e9e de Cameron Woki fait saliver les fans de l&rsquo;UBB. Le club finaliste du Top 14 et champion&hellip;\n","protected":false},"author":2,"featured_media":244219,"comment_status":"","ping_status":"","sticky":false,"template":"","format":"standard","meta":{"footnotes":""},"categories":[1416],"tags":[1011,27,479,1468,60],"class_list":{"0":"post-244218","1":"post","2":"type-post","3":"status-publish","4":"format-standard","5":"has-post-thumbnail","7":"category-rugby","8":"tag-fr","9":"tag-france","10":"tag-rugby","11":"tag-rugby-football","12":"tag-sports"},"share_on_mastodon":{"url":"https:\/\/pubeurope.com\/@fr\/114838697736176142","error":""},"_links":{"self":[{"href":"https:\/\/www.europesays.com\/fr\/wp-json\/wp\/v2\/posts\/244218","targetHints":{"allow":["GET"]}}],"collection":[{"href":"https:\/\/www.europesays.com\/fr\/wp-json\/wp\/v2\/posts"}],"about":[{"href":"https:\/\/www.europesays.com\/fr\/wp-json\/wp\/v2\/types\/post"}],"author":[{"embeddable":true,"href":"https:\/\/www.europesays.com\/fr\/wp-json\/wp\/v2\/users\/2"}],"replies":[{"embeddable":true,"href":"https:\/\/www.europesays.com\/fr\/wp-json\/wp\/v2\/comments?post=244218"}],"version-history":[{"count":0,"href":"https:\/\/www.europesays.com\/fr\/wp-json\/wp\/v2\/posts\/244218\/revisions"}],"wp:featuredmedia":[{"embeddable":true,"href":"https:\/\/www.europesays.com\/fr\/wp-json\/wp\/v2\/media\/244219"}],"wp:attachment":[{"href":"https:\/\/www.europesays.com\/fr\/wp-json\/wp\/v2\/media?parent=244218"}],"wp:term":[{"taxonomy":"category","embeddable":true,"href":"https:\/\/www.europesays.com\/fr\/wp-json\/wp\/v2\/categories?post=244218"},{"taxonomy":"post_tag","embeddable":true,"href":"https:\/\/www.europesays.com\/fr\/wp-json\/wp\/v2\/tags?post=244218"}],"curies":[{"name":"wp","href":"https:\/\/api.w.org\/{rel}","templated":true}]}}