{"id":244220,"date":"2025-07-12T05:50:14","date_gmt":"2025-07-12T05:50:14","guid":{"rendered":"https:\/\/www.europesays.com\/fr\/244220\/"},"modified":"2025-07-12T05:50:14","modified_gmt":"2025-07-12T05:50:14","slug":"jaurais-du-etre-capable-dentrainer-alcaraz-dans-un-cinquieme-set-regrette-fritz-qui-a-joue-un-bon-match","status":"publish","type":"post","link":"https:\/\/www.europesays.com\/fr\/244220\/","title":{"rendered":"\u00abJ\u2019aurais d\u00fb \u00eatre capable d\u2019entra\u00eener Alcaraz dans un cinqui\u00e8me set\u00bb, regrette Fritz, qui a \u00abjou\u00e9 un bon match\u00bb"},"content":{"rendered":"<p>Le num\u00e9ro 5 mondial am\u00e9ricain fait le point apr\u00e8s sa d\u00e9faite contre Carlos Alcaraz, ce vendredi, en demi-finales de Wimbledon.<\/p>\n<p class=\"fig-paragraph\">L&rsquo;Am\u00e9ricain Taylor Fritz (5e mondial), battu vendredi par Carlos Alcaraz (2e) en demi-finales de Wimbledon apr\u00e8s avoir gaspill\u00e9 deux balles de quatri\u00e8me set, a regrett\u00e9 de ne pas avoir r\u00e9ussi \u00e0 pousser son adversaire au cinqui\u00e8me set. \u00abJ&rsquo;ai eu des occasions, c&rsquo;est s\u00fbr\u00bb, a jug\u00e9 le Californien de 27 ans en conf\u00e9rence de presse, apr\u00e8s\u00a0<a href=\"http:\/\/www.lefigaro.fr\/sports\/tennis\/wimbledon\/wimbledon-alcaraz-ecarte-fritz-et-retourne-en-finale-20250711\" data-fig-type=\"NewsFlash\" data-gtm-custom-categorie=\"navigation\" data-gtm-custom-action=\"crossclick\" data-gtm-custom-label=\"Contextuel\" data-gtm-event=\"customEventSPE\" data-fig-domain=\"LEFIGARO\" target=\"_blank\" rel=\"noopener\">sa d\u00e9faite 6-4, 5-7, 6-3, 7-6 (8\/6)<\/a>.<\/p>\n<p class=\"fig-paragraph\">\u00abSi je suis r\u00e9aliste, j&rsquo;aurais d\u00fb \u00eatre capable de l&rsquo;entra\u00eener dans un cinqui\u00e8me set. Apr\u00e8s, ce qui se serait pass\u00e9 au cinqui\u00e8me se serait pass\u00e9\u00bb, a poursuivi Fritz. \u00abJe trouve que j&rsquo;ai jou\u00e9 un bon match\u00bb, s&rsquo;est malgr\u00e9 tout satisfait le perdant, qui disputait sa deuxi\u00e8me demi-finale en Grand Chelem apr\u00e8s avoir atteint la finale de l&rsquo;US Open en 2019. \u00abIl y a eu quelques rat\u00e9s dans le premier jeu du match et au troisi\u00e8me set. (Mais) dans le deuxi\u00e8me et le quatri\u00e8me, j&rsquo;ai fait exactement ce que j&rsquo;avais l&rsquo;intention de faire, a assur\u00e9 l&rsquo;Am\u00e9ricain. Et j&rsquo;ai trouv\u00e9 aussi que Carlos servait exceptionnellement bien\u00bb.<\/p>\n<blockquote class=\"fig-quote&#10;    \">\n<p class=\"fig-quote__text\">Alcaraz s\u2019est \u00e9norm\u00e9ment adapt\u00e9 apr\u00e8s le deuxi\u00e8me set.<\/p>\n<p>            Taylor Fritz\n    <\/p><\/blockquote>\n<p>                                    <a class=\"fig-a11y-skip a11y-hidden\" href=\"#fig-a11y-skip-main-inarticle\"><br \/>\n        Passer la publicit\u00e9<br \/>\n    <\/a><\/p>\n<p class=\"fig-paragraph\">Alcaraz \u00abpeut gagner de tellement de mani\u00e8res diff\u00e9rentes, l&rsquo;a compliment\u00e9 Fritz. Et il est tr\u00e8s fort pour s&rsquo;adapter. Il s&rsquo;est \u00e9norm\u00e9ment adapt\u00e9 apr\u00e8s le deuxi\u00e8me set.\u00bb<\/p>\n<p class=\"fig-paragraph\">\u00abJ&rsquo;ai retourn\u00e9 (les services d&rsquo;Alcaraz) pour mettre la balle dans le court, ce qui fonctionne tr\u00e8s bien contre la plupart des joueurs car j&rsquo;arrive \u00e0 neutraliser l&rsquo;\u00e9change. Mais contre Alcaraz et (le N.1 mondial) Jannik\u00bb Sinner, cela ne suffit pas, a-t-il d\u00e9plor\u00e9 apr\u00e8s sa troisi\u00e8me d\u00e9faite en autant de duels contre l&rsquo;Espagnol.<\/p>\n","protected":false},"excerpt":{"rendered":"Le num\u00e9ro 5 mondial am\u00e9ricain fait le point apr\u00e8s sa d\u00e9faite contre Carlos Alcaraz, ce vendredi, en demi-finales&hellip;\n","protected":false},"author":2,"featured_media":244221,"comment_status":"","ping_status":"","sticky":false,"template":"","format":"standard","meta":{"footnotes":""},"categories":[1415],"tags":[7779,1011,27,20859,60,1467,4173],"class_list":{"0":"post-244220","1":"post","2":"type-post","3":"status-publish","4":"format-standard","5":"has-post-thumbnail","7":"category-tennis","8":"tag-carlos-alcaraz","9":"tag-fr","10":"tag-france","11":"tag-jannik-sinner","12":"tag-sports","13":"tag-tennis","14":"tag-wimbledon"},"share_on_mastodon":{"url":"https:\/\/pubeurope.com\/@fr\/114838701471887780","error":""},"_links":{"self":[{"href":"https:\/\/www.europesays.com\/fr\/wp-json\/wp\/v2\/posts\/244220","targetHints":{"allow":["GET"]}}],"collection":[{"href":"https:\/\/www.europesays.com\/fr\/wp-json\/wp\/v2\/posts"}],"about":[{"href":"https:\/\/www.europesays.com\/fr\/wp-json\/wp\/v2\/types\/post"}],"author":[{"embeddable":true,"href":"https:\/\/www.europesays.com\/fr\/wp-json\/wp\/v2\/users\/2"}],"replies":[{"embeddable":true,"href":"https:\/\/www.europesays.com\/fr\/wp-json\/wp\/v2\/comments?post=244220"}],"version-history":[{"count":0,"href":"https:\/\/www.europesays.com\/fr\/wp-json\/wp\/v2\/posts\/244220\/revisions"}],"wp:featuredmedia":[{"embeddable":true,"href":"https:\/\/www.europesays.com\/fr\/wp-json\/wp\/v2\/media\/244221"}],"wp:attachment":[{"href":"https:\/\/www.europesays.com\/fr\/wp-json\/wp\/v2\/media?parent=244220"}],"wp:term":[{"taxonomy":"category","embeddable":true,"href":"https:\/\/www.europesays.com\/fr\/wp-json\/wp\/v2\/categories?post=244220"},{"taxonomy":"post_tag","embeddable":true,"href":"https:\/\/www.europesays.com\/fr\/wp-json\/wp\/v2\/tags?post=244220"}],"curies":[{"name":"wp","href":"https:\/\/api.w.org\/{rel}","templated":true}]}}