{"id":244230,"date":"2025-07-12T05:56:11","date_gmt":"2025-07-12T05:56:11","guid":{"rendered":"https:\/\/www.europesays.com\/fr\/244230\/"},"modified":"2025-07-12T05:56:11","modified_gmt":"2025-07-12T05:56:11","slug":"cette-emission-ma-sortie-de-ma-reserve","status":"publish","type":"post","link":"https:\/\/www.europesays.com\/fr\/244230\/","title":{"rendered":"\u00ab Cette \u00e9mission m\u2019a sortie de ma r\u00e9serve \u00bb"},"content":{"rendered":"<p>            Par<br \/>\n        <strong><br \/>\n            <a href=\"https:\/\/actu.fr\/auteur\/redaction-vb\" title=\"Consulter tous les articles de R\u00e9daction La Voix Le Bocage\" rel=\"nofollow noopener\" target=\"_blank\">R\u00e9daction La Voix Le Bocage<\/a><br \/>\n        <\/strong><\/p>\n<p>        Publi\u00e9 le<\/p>\n<p>            11 juil. 2025 \u00e0 20h16        <\/p>\n<p>Native de <b>Champ-du-Boult<\/b> (Noues-de-Sienne), <b>Nathalie Lepauvre<\/b> vit aujourd\u2019hui \u00e0 <b>Villedieu-les-Po\u00ebles-Rouffigny<\/b> o\u00f9 elle travaille dans une grande surface. Elle est surtout connue pour avoir particip\u00e9 en <b>2017 <\/b>\u00e0 la <b>saison 12<\/b> de <a href=\"https:\/\/actu.fr\/tag\/lamour-est-dans-le-pre\" rel=\"nofollow noopener\" target=\"_blank\"><b>L\u2019amour est dans le pr\u00e9<\/b><\/a>, \u00e9mission de t\u00e9l\u00e9r\u00e9alit\u00e9 phare de la cha\u00eene M6.<\/p>\n<p class=\" wall-content\">\u00ab\u2009Encourag\u00e9e par des amies, j\u2019avais \u00e9crit \u00e0 <b>Patrice<\/b>, un \u00e9leveur de vaches normandes de la <b>Sarthe <\/b>qui m\u2019avait plu\u2009\u00bb, explique-t-elle. \u00ab\u2009Je vivais avec mes deux fils que j\u2019\u00e9levais seule. Le <b>monde agricole m\u2019est familier<\/b>\u2009: mes parents, apr\u00e8s avoir tenu un bar-restaurant \u00e0 <a href=\"https:\/\/actu.fr\/normandie\/champ-du-boult_14151\" rel=\"nofollow noopener\" target=\"_blank\">Champ-du-Boult<\/a>, avaient repris la ferme des grands-parents au Gast. J\u2019avais eu un coup de c\u0153ur et m\u2019\u00e9tais dit \u2018Pourquoi pas\u2019\u2009\u00bb.<\/p>\n<p>\u00ab\u2009Beaucoup de gens me reconnaissent\u2009\u00bb<\/p>\n<p class=\" wall-content\">Si Cupidon n\u2019avait alors pas r\u00e9ussi \u00e0 faire na\u00eetre le grand amour, Nathalie n\u2019est pas perdante\u2009: \u00ab\u2009D\u2019abord, nous sommes rest\u00e9s <b>bons amis avec Patrice<\/b>, j\u2019ai gagn\u00e9 une grande et belle amiti\u00e9 avec les anciens participants, toutes saisons confondues\u2009\u00bb. Des \u00ab\u2009<b>retrouvailles\u2009<\/b>\u00bb r\u00e9alis\u00e9es \u00e0 l\u2019occasion du <b>Salon de l\u2019Agriculture en 2018<\/b>. \u00ab\u2009C\u2019\u00e9tait sur le stand de Fred et Pierre, producteurs d\u2019Armagnac dans le Gers\u2009\u00bb.<\/p>\n<p class=\" wall-content\">La s\u00e9millante quinquag\u00e9naire y a aussi gagn\u00e9 de la <b>force<\/b>. \u00ab\u2009Cette \u00e9mission m\u2019a sortie de ma r\u00e9serve. J\u2019\u00e9tais tr\u00e8s timide\u2009; \u00e7a m\u2019a donn\u00e9 <b>confiance en moi<\/b>, m\u00eame si l\u2019amour n\u2019a pas \u00e9t\u00e9 trouv\u00e9. Beaucoup de gens me reconnaissent \u00e0 mon <b>sourire<\/b>. Je suis r\u00e9guli\u00e8rement abord\u00e9e par des gens qui se souviennent de mon passage dans l\u2019\u00e9mission. \u00c7a n\u2019a pas totalement boulevers\u00e9 ma vie mais aujourd\u2019hui, je profite plus de la vie qu\u2019avant. Et puis, j\u2019ai cette seconde famille de<b> l\u2019ADP Tour<\/b>. C\u2019est le groupe qui me motive\u2009; ils prennent de mes nouvelles, s\u2019inqui\u00e8tent de ma sant\u00e9\u2009; je les appelle, aide comme je peux\u2009\u00bb.<\/p>\n<p>    <img   decoding=\"async\" loading=\"lazy\" class=\"size-large\" src=\"https:\/\/www.europesays.com\/fr\/wp-content\/uploads\/2025\/07\/362329927b6864a2329927b682e232v-960x640.jpg\" alt=\"Native de Champ-du-Boult, Nathalie Lepauvre, ancienne participante de l'Amour est dans le pr\u00e9, aujourd'hui b\u00e9n\u00e9vole au sein de l'ADP Tour\" width=\"960\" height=\"640\"\/><br \/>\n    Nathalie Lepauvre est originaire de Champ-du-Boult, proche de Vire Normandie (Calvados). \u00a9La Voix le BocageVid\u00e9os : en ce moment sur ActuUn march\u00e9 pour les rencontrer<\/p>\n<p class=\" wall-content\">Des liens qui se tissent au fil du temps avec les <b>anciens participants<\/b> qui, forts de leur amiti\u00e9 et de la notori\u00e9t\u00e9 gagn\u00e9e par leur passage dans l\u2019\u00e9mission, cr\u00e9ent cet \u00ab\u2009<b>Amour est dans le Pr\u00e9 Tour<\/b>.\u2009\u00bb<\/p>\n<p class=\" wall-content\">\u00ab\u2009L\u2019ADP Tour a \u00e9t\u00e9 cr\u00e9\u00e9 sur un principe simple\u2009: chaque participant organise un <b>march\u00e9 localement<\/b>, o\u00f9 qu\u2019il se trouve en France\u2009; march\u00e9 auquel il invite \u00e0 se joindre les autres participants de l\u2019\u00e9mission et producteurs\u2009\u00bb. D\u00e9marr\u00e9 en <b>2020 <\/b>avec \u00e0 peine 5 march\u00e9s dans l\u2019ann\u00e9e, l\u2019ADP Tour se d\u00e9veloppe depuis et propose en <b>2025 <\/b>plus de <b>12 manifestations<\/b>.<\/p>\n<blockquote class=\"ac-article-quote wall-content\">\n<p>J\u2019\u00e9volue comme b\u00e9n\u00e9vole. J\u2019apporte mon aide aux participants. C\u2019est chaque fois de beaux moments de rencontre avec les gens qui viennent nous voir. Il y a des curieux, des amateurs de bons produits, des fans de l\u2019\u00e9mission qui font parfois des centaines de kilom\u00e8tres, 4 \u00e0 5\u00a0heures de route pour venir voir \u2018les gens de l\u2019Amour est dans le pr\u00e9\u2019. On peut avoir 3\u2009000\u00a0visiteurs par jour, voire plus.<\/p>\n<p>Nathalie Lepauvre<\/p><\/blockquote>\n<p>\u00ab\u2009Venir \u00e9changer avec les agriculteurs\u2009\u00bb<\/p>\n<p class=\" wall-content\">Et <b>Nathalie <\/b>ne m\u00e9nage pas ses efforts pour soutenir cette <b>nouvelle famille<\/b>\u2009: \u00ab\u2009Quand j\u2019ai vu qu\u2019il y avait un march\u00e9 pr\u00e9vu \u00e0 <b>Saint-Andr\u00e9-des-Eaux<\/b>, dans les <b>C\u00f4tes-d\u2019Armor<\/b>, ce qui n\u2019est pas tr\u00e8s loin d\u2019ici (200\u00a0km ndlr), je me suis dit qu\u2019il \u00e9tait important qu\u2019un maximum de personnes de ce c\u00f4t\u00e9 du <a href=\"https:\/\/actu.fr\/normandie\/calvados_14\" rel=\"nofollow noopener\" target=\"_blank\">Calvados<\/a>, des fans de l\u2019\u00e9mission peut-\u00eatre, le sachent et qu\u2019ils puissent venir \u00e9changer avec les <b>agriculteurs <\/b>de l\u2019Amour est dans le pr\u00e9 et d\u00e9couvrir les bons produits. Ils seront une <b>quinzaine<\/b> venus de toute la France. On trouvera miel, armagnac, popcorn, confiture, kiwi, fruits et l\u00e9gumes, vins, champagne, terrines et autres produits de canard, b\u0153uf, taureau\u2009; fleurs, \u00e9pices, velout\u00e9 de l\u00e9gumes\u2026\u2009\u00bb<\/p>\n<p>Pratique. March\u00e9 de producteurs de l\u2019Amour est dans le pr\u00e9, les samedi\u00a012, dimanche\u00a013 et lundi 14\u00a0juillet 2025 sur le terrain de la vieille \u00e9glise \u00e0 Saint-Andr\u00e9-des-Eaux (C\u00f4tes-d\u2019Armor). Horaires\u2009: samedi et dimanche\u00a010 h \u00e0 18\u2009h \u2013 lundi de 9\u2009h\u200930 \u00e0 13\u2009h. Buvette et restauration sur place. Animations et jeux pour enfants. Entr\u00e9e gratuite. Parking gratuit \u00e0 proximit\u00e9. Aire pour les camping-cars sur la base de loisir de Betineux (1\u00a0km \u00e0 pied autour de l\u2019\u00e9tang).<\/p>\n<p class=\" wall-content\">Suivez toute l\u2019actualit\u00e9 de vos villes et m\u00e9dias favoris en vous inscrivant \u00e0 <a href=\"https:\/\/moncompte.actu.fr\" title=\"D\u00e9couvez Mon Actu\" rel=\"nofollow noopener\" data-trk=\"{&quot;cta&quot;:{&quot;action&quot;:&quot;https:\\\/\\\/moncompte.actu.fr&quot;,&quot;category&quot;:&quot;mon compte&quot;,&quot;from&quot;:&quot;article footer&quot;,&quot;name&quot;:&quot;Mon actu&quot;,&quot;type&quot;:&quot;cta&quot;}}\" target=\"_blank\">Mon Actu<\/a>.<\/p>\n","protected":false},"excerpt":{"rendered":"Par R\u00e9daction La Voix Le Bocage Publi\u00e9 le 11 juil. 2025 \u00e0 20h16 Native de Champ-du-Boult (Noues-de-Sienne), Nathalie&hellip;\n","protected":false},"author":2,"featured_media":244231,"comment_status":"","ping_status":"","sticky":false,"template":"","format":"standard","meta":{"footnotes":""},"categories":[1359],"tags":[5164,58,59,1011,27,1757,973,252],"class_list":{"0":"post-244230","1":"post","2":"type-post","3":"status-publish","4":"format-standard","5":"has-post-thumbnail","7":"category-people","8":"tag-calvados","9":"tag-divertissement","10":"tag-entertainment","11":"tag-fr","12":"tag-france","13":"tag-insolite","14":"tag-people","15":"tag-television"},"share_on_mastodon":{"url":"https:\/\/pubeurope.com\/@fr\/114838725225203321","error":""},"_links":{"self":[{"href":"https:\/\/www.europesays.com\/fr\/wp-json\/wp\/v2\/posts\/244230","targetHints":{"allow":["GET"]}}],"collection":[{"href":"https:\/\/www.europesays.com\/fr\/wp-json\/wp\/v2\/posts"}],"about":[{"href":"https:\/\/www.europesays.com\/fr\/wp-json\/wp\/v2\/types\/post"}],"author":[{"embeddable":true,"href":"https:\/\/www.europesays.com\/fr\/wp-json\/wp\/v2\/users\/2"}],"replies":[{"embeddable":true,"href":"https:\/\/www.europesays.com\/fr\/wp-json\/wp\/v2\/comments?post=244230"}],"version-history":[{"count":0,"href":"https:\/\/www.europesays.com\/fr\/wp-json\/wp\/v2\/posts\/244230\/revisions"}],"wp:featuredmedia":[{"embeddable":true,"href":"https:\/\/www.europesays.com\/fr\/wp-json\/wp\/v2\/media\/244231"}],"wp:attachment":[{"href":"https:\/\/www.europesays.com\/fr\/wp-json\/wp\/v2\/media?parent=244230"}],"wp:term":[{"taxonomy":"category","embeddable":true,"href":"https:\/\/www.europesays.com\/fr\/wp-json\/wp\/v2\/categories?post=244230"},{"taxonomy":"post_tag","embeddable":true,"href":"https:\/\/www.europesays.com\/fr\/wp-json\/wp\/v2\/tags?post=244230"}],"curies":[{"name":"wp","href":"https:\/\/api.w.org\/{rel}","templated":true}]}}