{"id":244234,"date":"2025-07-12T05:58:10","date_gmt":"2025-07-12T05:58:10","guid":{"rendered":"https:\/\/www.europesays.com\/fr\/244234\/"},"modified":"2025-07-12T05:58:10","modified_gmt":"2025-07-12T05:58:10","slug":"lart-devant-les-juges-liberation","status":"publish","type":"post","link":"https:\/\/www.europesays.com\/fr\/244234\/","title":{"rendered":"l\u2019art devant les juges \u2013 Lib\u00e9ration"},"content":{"rendered":"<p class=\"sc-ksZaOG ehjQrN text-element\">Qu\u2019est-ce que l\u2019art ? Si\u00e8cle apr\u00e8s si\u00e8cle, la question n\u2019a cess\u00e9 d\u2019animer le d\u00e9bat des philosophes et des \u00e9tudiants. Elle a aussi eu sa place dans une cour de justice new-yorkaise, le 21 octobre 1927. Le sculpteur moderniste d\u2019origine roumaine, Constantin <a href=\"https:\/\/www.liberation.fr\/culture\/arts\/brancusi-loiseau-rare-a-beaubourg-20240418_G77E2I23ARBWPP3SVPHZMVHXAQ\/\" target=\"_blank\" rel=\"noopener\" title=\"https:\/\/www.liberation.fr\/culture\/arts\/brancusi-loiseau-rare-a-beaubourg-20240418_G77E2I23ARBWPP3SVPHZMVHXAQ\/\">Brancusi<\/a>, intente un proc\u00e8s contre les Etats-Unis. Un an auparavant, une vingtaine de ses \u0153uvres sont envoy\u00e9es dans la capitale am\u00e9ricaine, accompagn\u00e9es par <a href=\"https:\/\/www.liberation.fr\/idees-et-debats\/derriere-lurinoir-de-duchamp-une-baronne-dada-a-loeuvre-20241114_E6VAPLQSPVA4XHP7QTFWRS6Z7I\/\" target=\"_blank\" rel=\"noopener\" title=\"https:\/\/www.liberation.fr\/idees-et-debats\/derriere-lurinoir-de-duchamp-une-baronne-dada-a-loeuvre-20241114_E6VAPLQSPVA4XHP7QTFWRS6Z7I\/\">Marcel Duchamp<\/a>. A leur arriv\u00e9e, la douane les saisit et s\u2019interroge sur l\u2019une d\u2019elles, l\u2019Envol de l\u2019oiseau. \u00abJe n\u2019ai cherch\u00e9 pendant toute ma vie que l\u2019essence du vol\u00bb, disait le sculpteur \u00e0 propos de la s\u00e9rie dans laquelle elle s\u2019inscrit. Mais pour les agents, il s\u2019agit d\u2019un \u00abobjet manufactur\u00e9\u00bb, donc soumis \u00e0 une taxe, \u00e0 l\u2019inverse d\u2019une \u0153uvre d\u2019art. Cent ans plus tard, l\u2019\u00e9crivaine et philosophe Dana Grigorcea, elle aussi d\u2019origine roumaine, s\u2019inspire librement de cette histoire r<\/p>\n","protected":false},"excerpt":{"rendered":"Qu\u2019est-ce que l\u2019art ? Si\u00e8cle apr\u00e8s si\u00e8cle, la question n\u2019a cess\u00e9 d\u2019animer le d\u00e9bat des philosophes et des&hellip;\n","protected":false},"author":2,"featured_media":244235,"comment_status":"","ping_status":"","sticky":false,"template":"","format":"standard","meta":{"footnotes":""},"categories":[1357],"tags":[1379,10488,58,59,1011,27,1380,3067],"class_list":{"0":"post-244234","1":"post","2":"type-post","3":"status-publish","4":"format-standard","5":"has-post-thumbnail","7":"category-livres","8":"tag-books","9":"tag-cahier-livres","10":"tag-divertissement","11":"tag-entertainment","12":"tag-fr","13":"tag-france","14":"tag-livres","15":"tag-suisse"},"share_on_mastodon":{"url":"https:\/\/pubeurope.com\/@fr\/114838732981477916","error":""},"_links":{"self":[{"href":"https:\/\/www.europesays.com\/fr\/wp-json\/wp\/v2\/posts\/244234","targetHints":{"allow":["GET"]}}],"collection":[{"href":"https:\/\/www.europesays.com\/fr\/wp-json\/wp\/v2\/posts"}],"about":[{"href":"https:\/\/www.europesays.com\/fr\/wp-json\/wp\/v2\/types\/post"}],"author":[{"embeddable":true,"href":"https:\/\/www.europesays.com\/fr\/wp-json\/wp\/v2\/users\/2"}],"replies":[{"embeddable":true,"href":"https:\/\/www.europesays.com\/fr\/wp-json\/wp\/v2\/comments?post=244234"}],"version-history":[{"count":0,"href":"https:\/\/www.europesays.com\/fr\/wp-json\/wp\/v2\/posts\/244234\/revisions"}],"wp:featuredmedia":[{"embeddable":true,"href":"https:\/\/www.europesays.com\/fr\/wp-json\/wp\/v2\/media\/244235"}],"wp:attachment":[{"href":"https:\/\/www.europesays.com\/fr\/wp-json\/wp\/v2\/media?parent=244234"}],"wp:term":[{"taxonomy":"category","embeddable":true,"href":"https:\/\/www.europesays.com\/fr\/wp-json\/wp\/v2\/categories?post=244234"},{"taxonomy":"post_tag","embeddable":true,"href":"https:\/\/www.europesays.com\/fr\/wp-json\/wp\/v2\/tags?post=244234"}],"curies":[{"name":"wp","href":"https:\/\/api.w.org\/{rel}","templated":true}]}}