{"id":244236,"date":"2025-07-12T05:59:25","date_gmt":"2025-07-12T05:59:25","guid":{"rendered":"https:\/\/www.europesays.com\/fr\/244236\/"},"modified":"2025-07-12T05:59:25","modified_gmt":"2025-07-12T05:59:25","slug":"secret-story-celia-revele-avoir-vole-dans-la-maison-des-secrets-et-devoile-son-butin","status":"publish","type":"post","link":"https:\/\/www.europesays.com\/fr\/244236\/","title":{"rendered":"Secret Story : C\u00e9lia r\u00e9v\u00e8le avoir vol\u00e9 dans la maison des secrets et d\u00e9voile son butin"},"content":{"rendered":"<p>      R\u00e9sum\u00e9<\/p>\n<p>C\u00e9lia, r\u00e9cemment \u00e9limin\u00e9e de Secret Story, a avou\u00e9 repartir avec plusieurs souvenirs d\u00e9rob\u00e9s dans la maison, tout en partageant ses impressions sur son aventure.<\/p>\n<p>        Sommaire<\/p>\n<p>Elle n\u2019a pas souhait\u00e9 repartir les mains vides de <strong><a href=\"https:\/\/www.public.fr\/tag\/secret-story\" rel=\"nofollow noopener\" target=\"_blank\">\u00ab\u00a0Secret Story\u00a0\u00bb<\/a><\/strong>. Afin de repartir avec quelques souvenirs de la maison des secrets, <strong>C\u00e9lia a d\u00e9rob\u00e9 quelques objets<\/strong> pr\u00e9sents dans le lieu l\u2019ayant accueillie pendant plusieurs semaines.\u00a0<\/p>\n<p>En effet, ce jeudi 10 juillet 2025, C\u00e9lia a malheureusement quitt\u00e9 l\u2019aventure. Nomm\u00e9e aux c\u00f4t\u00e9s <a href=\"https:\/\/www.public.fr\/secret-story-cette-photo-qui-prouve-quaimed-avait-deja-participe-a-lemission\" rel=\"nofollow noopener\" target=\"_blank\">d\u2019A\u00efmed<\/a>, Pimprenelle, et Adrien, c\u2019est la candidate originaire de la Belgique qui a r\u00e9colt\u00e9 le moins de voix. Cela entrainant ainsi son \u00e9limination.<\/p>\n<p>Pour rappel, la jeune femme a fait son entr\u00e9e en bin\u00f4me avec A\u00efmed dans <strong>\u00ab\u00a0Secret Story\u00a0\u00bb<\/strong>. Ensemble, ils d\u00e9fendaient le secret \u00ab\u00a0nous sommes les gardiens de la transparence\u00a0\u00bb. Un pouvoir qui leur permettait de diffuser des images, pouvant causer certains probl\u00e8mes, aux autres habitants. A\u00efmed a \u00e9t\u00e9 buzz\u00e9 en premier par Anita, avant que Romy ne d\u00e9couvre que C\u00e9lia \u00e9tait le bin\u00f4me du candidat au cours de cette semaine.\u00a0<\/p>\n<p>C\u00e9lia avoue avoir vol\u00e9 des objets dans \u00ab\u00a0Secret Story\u00a0\u00bb<\/p>\n<p>De fait, C\u00e9lia n\u2019a pu profiter que quelques jours de son aventure sans avoir \u00e0 d\u00e9fendre son secret. Malgr\u00e9 tout, elle garde un excellent souvenir de son aventure comme elle vient de le confier \u00e0 nos confr\u00e8res de <a href=\"https:\/\/www.programme-tv.net\/news\/tele-realite\/383221-le-poids-de-ma-valise-a-un-peu-augmente-celia-eliminee-de-secret-story-2025-devoile-les-objets-qu-elle-a-voles-dans-la-maison\/\" rel=\"nofollow noopener\" target=\"_blank\">T\u00e9l\u00e9-Loisirs<\/a>.<\/p>\n<p>Aupr\u00e8s du m\u00e9dia, elle a donn\u00e9 son avis sur les autres secrets des candidats de <strong>\u00ab\u00a0Secrets Story\u00a0\u00bb<\/strong> et en a m\u00eame profit\u00e9 pour faire une r\u00e9v\u00e9lation de taille. Selon ses dires, elle aurait <strong>d\u00e9rob\u00e9 plusieurs objets dans la maison des secrets<\/strong> et n\u2019a pas h\u00e9sit\u00e9 \u00e0 les lister.<\/p>\n<p>\u00ab\u00a0Alors je suis repartie avec une magnifique gourde comportant mon nom. Je suis partie avec ce magnifique peignoir que je garderai toute ma vie et que je porterai \u00e0 pr\u00e9sent \u00e0 chaque fin de douche. Et je suis partie avec ce magnifique pull jaune avec mon nom dans le dos et le tr\u00e8s beau logo\u00a0Secret Story\u00a0!\u00a0\u00bb, a-t-elle avou\u00e9 \u00e0 T\u00e9l\u00e9-Loisirs.<\/p>\n<p>Ses regrets apr\u00e8s son \u00e9limination<\/p>\n<p>En plus de tous ces objets, C\u00e9lia r\u00e9v\u00e8le \u00e9galement avoir r\u00e9cup\u00e9rer \u00ab\u00a0une belle poign\u00e9e de photos polaro\u00efds\u00a0\u00bb faites lors de la soir\u00e9e Summer Secret. <\/p>\n<p>\u00ab\u00a0Donc j&rsquo;ai plein de beaux souvenirs, et je suis tr\u00e8s contente de les avoir avec moi. Le poids de ma valise a un petit peu augment\u00e9\u00a0!\u00a0\u00bb, s\u2019amuse celle qui vient de quitter l\u2019aventure <strong>\u00ab\u00a0Secret Story\u00a0\u00bb.<\/strong>\u00a0<\/p>\n<p>M\u00eame si elle a pu repartir avec plusieurs objets, elle regrette toutefois de ne pas avoir \u00ab\u00a0fait assez de screenshots\u00a0\u00bb avec ses yeux de la maison : \u00ab\u00a0parce que pour moi j&rsquo;allais revenir. Je ne l&rsquo;ai peut-\u00eatre pas assez regard\u00e9e\u2026\u00a0\u00bb<\/p>\n<p>      Mentionn\u00e9s dans cet article<\/p>\n<p>\u00c0 lire aussi<\/p>\n","protected":false},"excerpt":{"rendered":"R\u00e9sum\u00e9 C\u00e9lia, r\u00e9cemment \u00e9limin\u00e9e de Secret Story, a avou\u00e9 repartir avec plusieurs souvenirs d\u00e9rob\u00e9s dans la maison, tout&hellip;\n","protected":false},"author":2,"featured_media":244237,"comment_status":"","ping_status":"","sticky":false,"template":"","format":"standard","meta":{"footnotes":""},"categories":[1356],"tags":[58,59,1011,27,29901,252,1364,1175],"class_list":{"0":"post-244236","1":"post","2":"type-post","3":"status-publish","4":"format-standard","5":"has-post-thumbnail","7":"category-television","8":"tag-divertissement","9":"tag-entertainment","10":"tag-fr","11":"tag-france","12":"tag-secret-story","13":"tag-television","14":"tag-tv","15":"tag-vol"},"share_on_mastodon":{"url":"https:\/\/pubeurope.com\/@fr\/114838737367373448","error":""},"_links":{"self":[{"href":"https:\/\/www.europesays.com\/fr\/wp-json\/wp\/v2\/posts\/244236","targetHints":{"allow":["GET"]}}],"collection":[{"href":"https:\/\/www.europesays.com\/fr\/wp-json\/wp\/v2\/posts"}],"about":[{"href":"https:\/\/www.europesays.com\/fr\/wp-json\/wp\/v2\/types\/post"}],"author":[{"embeddable":true,"href":"https:\/\/www.europesays.com\/fr\/wp-json\/wp\/v2\/users\/2"}],"replies":[{"embeddable":true,"href":"https:\/\/www.europesays.com\/fr\/wp-json\/wp\/v2\/comments?post=244236"}],"version-history":[{"count":0,"href":"https:\/\/www.europesays.com\/fr\/wp-json\/wp\/v2\/posts\/244236\/revisions"}],"wp:featuredmedia":[{"embeddable":true,"href":"https:\/\/www.europesays.com\/fr\/wp-json\/wp\/v2\/media\/244237"}],"wp:attachment":[{"href":"https:\/\/www.europesays.com\/fr\/wp-json\/wp\/v2\/media?parent=244236"}],"wp:term":[{"taxonomy":"category","embeddable":true,"href":"https:\/\/www.europesays.com\/fr\/wp-json\/wp\/v2\/categories?post=244236"},{"taxonomy":"post_tag","embeddable":true,"href":"https:\/\/www.europesays.com\/fr\/wp-json\/wp\/v2\/tags?post=244236"}],"curies":[{"name":"wp","href":"https:\/\/api.w.org\/{rel}","templated":true}]}}