{"id":244238,"date":"2025-07-12T06:00:13","date_gmt":"2025-07-12T06:00:13","guid":{"rendered":"https:\/\/www.europesays.com\/fr\/244238\/"},"modified":"2025-07-12T06:00:13","modified_gmt":"2025-07-12T06:00:13","slug":"rap-passion-et-ambition-ces-deux-potes-veulent-faire-bouger-la-scene-mentonnaise-et-ca-commence-des-samedi-soir","status":"publish","type":"post","link":"https:\/\/www.europesays.com\/fr\/244238\/","title":{"rendered":"Rap, passion et ambition: ces deux potes veulent faire bouger la sc\u00e8ne mentonnaise (et \u00e7a commence d\u00e8s samedi soir)"},"content":{"rendered":"<p>Lorsque Marvin Klein et Yoann Piazza parlent de rap, ils pourraient bavarder des heures sans s\u2019arr\u00eater. \u00ab\u2005On mange rap, on dort rap, on vit rap. C\u2019est difficile pour nous de s\u2019occuper autrement aujourd\u2019hui\u2005\u00bb, reconna\u00eet le premier. Il y a six mois, les deux comp\u00e8res cr\u00e9aient l\u2019association 13HOR dont ils sont aujourd\u2019hui les copr\u00e9sidents.<br \/>&#13;<br \/>\nLeur objectif\u2005: mettre en avant des artistes, chanteurs, danseurs et musiciens encore m\u00e9connus et d\u00e9sireux de gagner en visibilit\u00e9. <br \/>&#13;<br \/>\n\u00ab\u00a0Ce n\u2019est que le d\u00e9but mais notre volont\u00e9 est r\u00e9elle. Notre r\u00e9gion regorge de talents et on souhaite absolument valoriser leur travail\u00a0\u00bb\u2005\u00bb, lance Yoann. Une chose est certaine, le duo est d\u00e9termin\u00e9. \u00ab\u00a0Sur le long terme, on veut faire quelque chose de grand et toucher un public national. On est ambitieux mais on prend notre temps pour faire les choses bien, mod\u00e8re Marvin. On ne veut pas griller les \u00e9tapes.\u00a0\u00bb<br \/>&#13;\n<\/p>\n<p><strong>Le rap comme th\u00e9rapie<\/strong><\/p>\n<p>&#13;<br \/>\nAujourd\u2019hui, le duo souhaite donc se d\u00e9velopper et collaborer avec d\u2019autres associations qui partagent les m\u00eames ambitions. \u00c0 titre personnel, ils ont \u00e9galement des projets bien affirm\u00e9s\u2005: \u00ab\u00a0On nous a toujours rappel\u00e9 l\u2019importance d\u2019aider les autres. Mais des fois, il faut aussi penser \u00e0 soi\u00a0\u00bb. En effet, ces Mentonnais aspirent tous les deux \u00e0 faire de leur passion un m\u00e9tier.<\/p>\n<p>\u00ab\u00a0On se compl\u00e8te bien mais je dirai que Marvin est plus \u00e0 l\u2019aise pour la topline (la partie vocale d\u2019un morceau) et moi, je suis meilleur pour l\u2019\u00e9criture. Des fois, il m\u2019arrive de cr\u00e9er un texte en une seule matin\u00e9e\u00a0\u00bb, avoue Yoann. Petit, il habitait dans le village de Peille, au nord-ouest de Menton. C\u2019est son p\u00e8re, \u00e9pris de po\u00e8mes et de litt\u00e9rature, qui lui a fait prendre conscience du pouvoir des mots et de leur importance\u2005: \u00ab\u00a0J\u2019essaie de mettre \u00e0 profit tout ce qu\u2019il m\u2019a appris. Je pense que \u00e7a m\u2019a aussi permis de d\u00e9velopper un esprit cr\u00e9atif\u00a0\u00bb. Une fois au coll\u00e8ge, on lui a offert un carnet. Dedans, il a commenc\u00e9 \u00e0 \u00e9crire ses premiers couplets. \u00ab\u00a0Il s\u2019est rapidement rempli, on a d\u00fb en acheter un autre\u00a0\u00bb, se rappelle le jeune homme.<\/p>\n<p>Environ dix ans plus tard, Marvin et Yoann d\u00e9cident de fonder un duo musical\u2005: le Hookk. \u00ab\u00a0Pour l\u2019instant, les revenus ne sont pas suffisants pour en vivre, du coup on travaille \u00e0 c\u00f4t\u00e9. Mais au fond, ce qui compte le plus pour nous, c\u2019est le rap\u00a0\u00bb, soutiennent en c\u0153ur les deux artistes. Amis de longue date, ils se retrouvent tous les jours pour \u00e9crire, cr\u00e9er et r\u00e9p\u00e9ter. N\u00e9anmoins, m\u00eame s\u2019ils esp\u00e8rent faire carri\u00e8re dans la musique, les deux gar\u00e7ons prennent leur temps et ne veulent pas pr\u00e9cipiter les choses\u2005: \u00ab\u00a0On ne cherche pas forc\u00e9ment \u00e0 devenir c\u00e9l\u00e8bre. Le plus important, c\u2019est de prendre du plaisir dans ce qu\u2019on fait\u00a0\u00bb, pr\u00e9cise Marvin.<\/p>\n<p><strong>\u00ab\u00a0Changer les mentalit\u00e9s\u00a0\u00bb<\/strong><\/p>\n<p>Ce soir, les deux acolytes se produiront dans le cadre de l\u2019Urban Sun, le tout premier spectacle qu\u2019ils organisent. Ils esp\u00e8rent donc donner de la visibilit\u00e9 aux 16 artistes qui participent, mais pas que\u2005: \u00ab\u00a0On fait aussi notre maximum pour changer les mentalit\u00e9s autour du rap. Et je pense que des \u00e9v\u00e9nements comme celui-ci peuvent vraiment faire bouger les choses\u00a0\u00bb, affirme Yoann. En 2023, ils rencontrent Vanessa Vivier, \u00e9ducatrice \u00e0 la Mission Locale Est 06. Gr\u00e2ce \u00e0 elle, ils ont pu \u00e9changer et sympathiser avec plusieurs cr\u00e9ateurs musicaux du secteur, une v\u00e9ritable opportunit\u00e9 lorsqu\u2019on d\u00e9marre dans un milieu artistique. Un studio d\u2019enregistrement a \u00e9galement \u00e9t\u00e9 mis \u00e0 leur disposition afin qu\u2019ils puissent produire un travail de qualit\u00e9.<\/p>\n<p>\u00c0 pr\u00e9sent, leur objectif est clair\u2005: multiplier les prestations pour faire tomber les pr\u00e9jug\u00e9s autour du rap. \u00ab\u00a0Le rap, c\u2019est un univers immense avec des dizaines de styles diff\u00e9rents. Si rien ne te convient, c\u2019est que tu n\u2019\u00e9coutes pas le bon artiste\u00a0\u00bb. Leur concert, organis\u00e9 sur l\u2019esplanade Francis-Palmero \u00e0 Menton, est surtout le fruit d\u2019un long travail de six mois. Durant cette p\u00e9riode, Marvin et Yoann \u00e9taient pr\u00e9sents pour donner de pr\u00e9cieux conseils, notamment \u00e0 ceux qui passent pour la premi\u00e8re fois sur sc\u00e8ne. \u00ab\u00a0Quand tu es face \u00e0 un public, tu n\u2019es plus le m\u00eame, tu ne contr\u00f4les plus rien, raconte Marvin. La sc\u00e8ne, c\u2019est comme une drogue\u202f\u2005: une fois que t\u2019y as go\u00fbt\u00e9, tu ne peux plus t\u2019arr\u00eater.\u00a0\u00bb<\/p>\n","protected":false},"excerpt":{"rendered":"Lorsque Marvin Klein et Yoann Piazza parlent de rap, ils pourraient bavarder des heures sans s\u2019arr\u00eater. \u00ab\u2005On mange&hellip;\n","protected":false},"author":2,"featured_media":244239,"comment_status":"","ping_status":"","sticky":false,"template":"","format":"standard","meta":{"footnotes":""},"categories":[1355],"tags":[58,59,1011,27,1361,873,3366],"class_list":{"0":"post-244238","1":"post","2":"type-post","3":"status-publish","4":"format-standard","5":"has-post-thumbnail","7":"category-musique","8":"tag-divertissement","9":"tag-entertainment","10":"tag-fr","11":"tag-france","12":"tag-music","13":"tag-musique","14":"tag-vie-locale"},"share_on_mastodon":{"url":"https:\/\/pubeurope.com\/@fr\/114838741071681139","error":""},"_links":{"self":[{"href":"https:\/\/www.europesays.com\/fr\/wp-json\/wp\/v2\/posts\/244238","targetHints":{"allow":["GET"]}}],"collection":[{"href":"https:\/\/www.europesays.com\/fr\/wp-json\/wp\/v2\/posts"}],"about":[{"href":"https:\/\/www.europesays.com\/fr\/wp-json\/wp\/v2\/types\/post"}],"author":[{"embeddable":true,"href":"https:\/\/www.europesays.com\/fr\/wp-json\/wp\/v2\/users\/2"}],"replies":[{"embeddable":true,"href":"https:\/\/www.europesays.com\/fr\/wp-json\/wp\/v2\/comments?post=244238"}],"version-history":[{"count":0,"href":"https:\/\/www.europesays.com\/fr\/wp-json\/wp\/v2\/posts\/244238\/revisions"}],"wp:featuredmedia":[{"embeddable":true,"href":"https:\/\/www.europesays.com\/fr\/wp-json\/wp\/v2\/media\/244239"}],"wp:attachment":[{"href":"https:\/\/www.europesays.com\/fr\/wp-json\/wp\/v2\/media?parent=244238"}],"wp:term":[{"taxonomy":"category","embeddable":true,"href":"https:\/\/www.europesays.com\/fr\/wp-json\/wp\/v2\/categories?post=244238"},{"taxonomy":"post_tag","embeddable":true,"href":"https:\/\/www.europesays.com\/fr\/wp-json\/wp\/v2\/tags?post=244238"}],"curies":[{"name":"wp","href":"https:\/\/api.w.org\/{rel}","templated":true}]}}