{"id":244245,"date":"2025-07-12T06:04:11","date_gmt":"2025-07-12T06:04:11","guid":{"rendered":"https:\/\/www.europesays.com\/fr\/244245\/"},"modified":"2025-07-12T06:04:11","modified_gmt":"2025-07-12T06:04:11","slug":"un-bouleversement-pour-les-fans","status":"publish","type":"post","link":"https:\/\/www.europesays.com\/fr\/244245\/","title":{"rendered":"un bouleversement pour les fans ?"},"content":{"rendered":"<p>Si l\u2019on en croit les indiscr\u00e9tions du <a title=\"Financial Times\" href=\"https:\/\/www.ft.com\/content\/ef6bbb12-1ef5-4fc7-bff5-77d000c36bff\" target=\"_blank\" rel=\"noopener\">Financial Times<\/a>, l\u2019int\u00e9r\u00eat d\u2019Apple pour la <a href=\"https:\/\/www.automobile-magazine.fr\/formule-1\" target=\"_blank\" rel=\"noopener\">Formule 1<\/a> ne serait pas n\u00e9 de nulle part. Depuis plusieurs ann\u00e9es, le groupe am\u00e9ricain investit massivement dans le sport en direct, cherchant \u00e0 \u00e9toffer son offre <strong>Apple TV+<\/strong> pour rivaliser avec Amazon, Netflix ou Disney+. Apr\u00e8s avoir d\u00e9croch\u00e9 les droits mondiaux de la Major League Soccer (MLS) et des matchs de baseball (MLB), <strong>Apple viserait un coup de ma\u00eetre\u202f: s\u2019imposer sur le terrain du sport automobile, <\/strong>l\u2019un des rares spectacles capables de f\u00e9d\u00e9rer une audience mondiale, jeune, technophile et fid\u00e8le de 1,5 milliards de spectateurs.<\/p>\n<p>Pourquoi Apple s&rsquo;int\u00e9resse \u00e0 la F1 ?<\/p>\n<p>Un autre \u00e9l\u00e9ment alimente la sp\u00e9culation\u202f: <strong>Apple a effectivement produit \u00ab\u202fF1\u202f: le film\u202f\u00bb<\/strong>, une superproduction hollywoodienne r\u00e9alis\u00e9e par Joseph Kosinski avec Brad Pitt, sortie en juin 2025. <strong>Ce projet, men\u00e9 en partenariat avec la Formule 1, Mercedes et la FIA, a permis \u00e0 Apple de tisser des liens \u00e9troits avec l\u2019\u00e9cosyst\u00e8me du paddock <\/strong>et de jauger l\u2019attrait mondial de la discipline. Il serait donc logique que la marque cherche \u00e0 capitaliser sur cette dynamique, en proposant \u00e0 ses abonn\u00e9s une exp\u00e9rience F1 enrichie et exclusive. Autre point int\u00e9ressant, apr\u00e8s dix jours d&rsquo;exploitation l<strong>e film atteint 293 millions de dollars de recettes<\/strong> et devient le plus gros succ\u00e8s d&rsquo;une production Apple dans le monde.<\/p>\n<p>Aucune communication officielle n\u2019a filtr\u00e9, mais plusieurs sources affirment donc qu\u2019Apple aurait propos\u00e9 un contrat de diffusion mondiale du championnat \u00e0 partir de 2029, <strong>pour un montant qui d\u00e9passerait les 2\u202fmilliards de dollars annuels.<\/strong> Ce chiffre, s\u2019il se confirmait, repr\u00e9senterait presque le double des revenus actuels de la F1 issus des droits TV, estim\u00e9s \u00e0 1,1\u202fmilliard de dollars en 2023. Il d\u00e9passerait largement les contrats sign\u00e9s avec Sky au Royaume-Uni, Canal+ en France ou ESPN aux \u00c9tats-Unis, qui verrouillent aujourd\u2019hui la diffusion dans leurs pays respectifs.<\/p>\n<p><strong>La strat\u00e9gie d\u2019Apple serait de proposer la F1 en streaming sur Apple TV+<\/strong>, avec une exp\u00e9rience utilisateur tr\u00e8s moderne\u202f: choix des cam\u00e9ras embarqu\u00e9es, donn\u00e9es t\u00e9l\u00e9m\u00e9triques en temps r\u00e9el, statistiques enrichies, acc\u00e8s multi-\u00e9crans, et int\u00e9gration pouss\u00e9e \u00e0 l\u2019\u00e9cosyst\u00e8me Apple (iPhone, iPad, Apple TV, Vision Pro). Ce mod\u00e8le, d\u00e9j\u00e0 amorc\u00e9 avec la MLS et la MLB, permettrait \u00e0 Apple de fid\u00e9liser une base d\u2019abonn\u00e9s mondiale, tout en s\u2019imposant comme un acteur central du sport en direct.<\/p>\n<p>Un contrat pas si simple \u00e0 n\u00e9gocier<\/p>\n<p>Mais rien n\u2019est fait, loin de l\u00e0. Le principal \u00e9cueil r\u00e9side dans la mosa\u00efque de contrats existants\u202f: <strong>dans de nombreux pays, les droits de la F1 sont verrouill\u00e9s jusqu\u2019en 2029<\/strong>, voire au-del\u00e0, par des cha\u00eenes nationales ou des groupes audiovisuels majeurs. Impossible, donc, pour Apple de proposer une offre exclusive mondiale avant l\u2019expiration de ces accords. Il faudrait composer avec des exceptions pays par pays, n\u00e9gocier des sous-licences, ou attendre la fin des contrats. Un casse-t\u00eate juridique et commercial, d\u2019autant que <strong>certains march\u00e9s imposent la diffusion en clair de certains Grands Prix<\/strong> (France, Royaume-Uni\u2026), pour garantir l\u2019acc\u00e8s du public aux \u00e9v\u00e9nements majeurs.<\/p>\n<p>Autre d\u00e9fi\u202f: l\u2019accessibilit\u00e9. <strong>La F1 a b\u00e2ti sa popularit\u00e9<\/strong> sur une exposition gratuite ou peu ch\u00e8re, via la t\u00e9l\u00e9vision traditionnelle. Passer \u00e0 une diffusion principalement payante et num\u00e9rique risque de priver une partie du public, notamment les plus \u00e2g\u00e9s ou ceux qui ne souhaitent pas multiplier les abonnements. Ce point est d\u2019autant plus sensible que <strong>la fragmentation des droits sportifs oblige d\u00e9j\u00e0 les fans \u00e0 jongler entre plusieurs plateformes<\/strong> pour suivre l\u2019ensemble des comp\u00e9titions.<\/p>\n<p>Si ce projet aboutissait, la Formule 1 deviendrait le premier grand championnat \u00e0 basculer sur une plateforme technologique mondiale, avec une exp\u00e9rience enrichie mais un acc\u00e8s plus restreint.<\/p>\n","protected":false},"excerpt":{"rendered":"Si l\u2019on en croit les indiscr\u00e9tions du Financial Times, l\u2019int\u00e9r\u00eat d\u2019Apple pour la Formule 1 ne serait pas&hellip;\n","protected":false},"author":2,"featured_media":244246,"comment_status":"","ping_status":"","sticky":false,"template":"","format":"standard","meta":{"footnotes":""},"categories":[8],"tags":[58,59,1011,27,622],"class_list":{"0":"post-244245","1":"post","2":"type-post","3":"status-publish","4":"format-standard","5":"has-post-thumbnail","7":"category-divertissement","8":"tag-divertissement","9":"tag-entertainment","10":"tag-fr","11":"tag-france","12":"tag-toute-lu0027actualitu00e9"},"share_on_mastodon":{"url":"https:\/\/pubeurope.com\/@fr\/114838756768608367","error":""},"_links":{"self":[{"href":"https:\/\/www.europesays.com\/fr\/wp-json\/wp\/v2\/posts\/244245","targetHints":{"allow":["GET"]}}],"collection":[{"href":"https:\/\/www.europesays.com\/fr\/wp-json\/wp\/v2\/posts"}],"about":[{"href":"https:\/\/www.europesays.com\/fr\/wp-json\/wp\/v2\/types\/post"}],"author":[{"embeddable":true,"href":"https:\/\/www.europesays.com\/fr\/wp-json\/wp\/v2\/users\/2"}],"replies":[{"embeddable":true,"href":"https:\/\/www.europesays.com\/fr\/wp-json\/wp\/v2\/comments?post=244245"}],"version-history":[{"count":0,"href":"https:\/\/www.europesays.com\/fr\/wp-json\/wp\/v2\/posts\/244245\/revisions"}],"wp:featuredmedia":[{"embeddable":true,"href":"https:\/\/www.europesays.com\/fr\/wp-json\/wp\/v2\/media\/244246"}],"wp:attachment":[{"href":"https:\/\/www.europesays.com\/fr\/wp-json\/wp\/v2\/media?parent=244245"}],"wp:term":[{"taxonomy":"category","embeddable":true,"href":"https:\/\/www.europesays.com\/fr\/wp-json\/wp\/v2\/categories?post=244245"},{"taxonomy":"post_tag","embeddable":true,"href":"https:\/\/www.europesays.com\/fr\/wp-json\/wp\/v2\/tags?post=244245"}],"curies":[{"name":"wp","href":"https:\/\/api.w.org\/{rel}","templated":true}]}}