{"id":244257,"date":"2025-07-12T06:10:11","date_gmt":"2025-07-12T06:10:11","guid":{"rendered":"https:\/\/www.europesays.com\/fr\/244257\/"},"modified":"2025-07-12T06:10:11","modified_gmt":"2025-07-12T06:10:11","slug":"jai-le-sentiment-que-les-patients-sont-laisses-a-labandon","status":"publish","type":"post","link":"https:\/\/www.europesays.com\/fr\/244257\/","title":{"rendered":"\u00ab\u00a0J\u2019ai le sentiment que les patients sont laiss\u00e9s \u00e0 l\u2019abandon\u00a0\u00bb"},"content":{"rendered":"<p>Comme des centaines de milliers d\u2019autres patients du HPL, Anne (1) a re\u00e7u, jeudi apr\u00e8s-midi, un courriel de l\u2019H\u00f4pital priv\u00e9 de la Loire l\u2019informant que l\u2019\u00e9tablissement avait fait l\u2019objet, le 26\u00a0juin, \u00ab\u00a0d\u2019un vol d\u2019identifiants num\u00e9riques qui a permis \u00e0 une personne malveillante de se connecter depuis l\u2019ext\u00e9rieur \u00e0 son logiciel et de proc\u00e9der \u00e0 l\u2019exfiltration d\u2019une quantit\u00e9 importante de donn\u00e9es \u00e0 caract\u00e8re personnel pr\u00e9sentes dans ce logiciel.\u00a0\u00bb<\/p>\n<p>\u00ab\u00a0L\u2019analyse de l\u2019incident a permis de d\u00e9terminer que vous \u00e9tiez concern\u00e9e par cette violation de donn\u00e9es. C\u2019est \u00e0 la suite de cette constatation que nous vous informons que vos donn\u00e9es personnelles expos\u00e9es sont celles pr\u00e9sentes sur votre fiche administrative qui&#8230;<\/p>\n","protected":false},"excerpt":{"rendered":"Comme des centaines de milliers d\u2019autres patients du HPL, Anne (1) a re\u00e7u, jeudi apr\u00e8s-midi, un courriel de&hellip;\n","protected":false},"author":2,"featured_media":244258,"comment_status":"","ping_status":"","sticky":false,"template":"","format":"standard","meta":{"footnotes":""},"categories":[9653],"tags":[1111,11,2430,7539,1777,674,274,107,1011,27,3367,12,25,4001,7538,71],"class_list":{"0":"post-244257","1":"post","2":"type-post","3":"status-publish","4":"format-standard","5":"has-post-thumbnail","7":"category-saint-etienne","8":"tag-actu","9":"tag-actualites","10":"tag-auvergne-rhone-alpes","11":"tag-edition-loire-sud","12":"tag-eu","13":"tag-europe","14":"tag-faits-divers-justice","15":"tag-fil-info","16":"tag-fr","17":"tag-france","18":"tag-loire","19":"tag-news","20":"tag-republique-francaise","21":"tag-saint-etienne","22":"tag-saint-etienne-ville","23":"tag-sante"},"share_on_mastodon":{"url":"https:\/\/pubeurope.com\/@fr\/114838780218607420","error":""},"_links":{"self":[{"href":"https:\/\/www.europesays.com\/fr\/wp-json\/wp\/v2\/posts\/244257","targetHints":{"allow":["GET"]}}],"collection":[{"href":"https:\/\/www.europesays.com\/fr\/wp-json\/wp\/v2\/posts"}],"about":[{"href":"https:\/\/www.europesays.com\/fr\/wp-json\/wp\/v2\/types\/post"}],"author":[{"embeddable":true,"href":"https:\/\/www.europesays.com\/fr\/wp-json\/wp\/v2\/users\/2"}],"replies":[{"embeddable":true,"href":"https:\/\/www.europesays.com\/fr\/wp-json\/wp\/v2\/comments?post=244257"}],"version-history":[{"count":0,"href":"https:\/\/www.europesays.com\/fr\/wp-json\/wp\/v2\/posts\/244257\/revisions"}],"wp:featuredmedia":[{"embeddable":true,"href":"https:\/\/www.europesays.com\/fr\/wp-json\/wp\/v2\/media\/244258"}],"wp:attachment":[{"href":"https:\/\/www.europesays.com\/fr\/wp-json\/wp\/v2\/media?parent=244257"}],"wp:term":[{"taxonomy":"category","embeddable":true,"href":"https:\/\/www.europesays.com\/fr\/wp-json\/wp\/v2\/categories?post=244257"},{"taxonomy":"post_tag","embeddable":true,"href":"https:\/\/www.europesays.com\/fr\/wp-json\/wp\/v2\/tags?post=244257"}],"curies":[{"name":"wp","href":"https:\/\/api.w.org\/{rel}","templated":true}]}}