{"id":244269,"date":"2025-07-12T06:18:44","date_gmt":"2025-07-12T06:18:44","guid":{"rendered":"https:\/\/www.europesays.com\/fr\/244269\/"},"modified":"2025-07-12T06:18:44","modified_gmt":"2025-07-12T06:18:44","slug":"un-plancher-seffondre-quatre-personnes-relogees","status":"publish","type":"post","link":"https:\/\/www.europesays.com\/fr\/244269\/","title":{"rendered":"un plancher s&rsquo;effondre, quatre personnes relog\u00e9es"},"content":{"rendered":"\n<p><strong>Un plancher du rez-de-chauss\u00e9e d\u2019un immeuble s&rsquo;est effondr\u00e9 ce mercredi 9 juillet vers 20h \u00e0 Rouen<\/strong>. L&rsquo;habitation, b\u00e2tie sur trois niveaux avec des combles, a \u00e9t\u00e9 enti\u00e8rement \u00e9vacu\u00e9e. Quatre occupants se sont relog\u00e9s par leurs propres moyens. Personne n&rsquo;a \u00e9t\u00e9 bless\u00e9.<\/p>\n<p>Un arr\u00eat\u00e9 de mise en s\u00e9curit\u00e9<\/p>\n<p>L&rsquo;intervention, qui a dur\u00e9 plus de trois heures, a n\u00e9cessit\u00e9 la pr\u00e9sence d&rsquo;une \u00ab\u00a0Unit\u00e9 de sauvetage d\u2019appui et de recherche\u00a0\u00bb du Sdis 76. <strong>Un arr\u00eat\u00e9 de mise en s\u00e9curit\u00e9 devait \u00eatre au lendemain des faits<\/strong>. Par ailleurs, des experts de la m\u00e9tropole de Rouen ont \u00e9t\u00e9 mandat\u00e9s pour poursuivre les investigations.<\/p>\n","protected":false},"excerpt":{"rendered":"Un plancher du rez-de-chauss\u00e9e d\u2019un immeuble s&rsquo;est effondr\u00e9 ce mercredi 9 juillet vers 20h \u00e0 Rouen. L&rsquo;habitation, b\u00e2tie&hellip;\n","protected":false},"author":2,"featured_media":244270,"comment_status":"","ping_status":"","sticky":false,"template":"","format":"standard","meta":{"footnotes":""},"categories":[9587],"tags":[1111,11,1777,674,1011,27,38395,22461,38398,12,5161,38397,1311,25,9590,38396],"class_list":{"0":"post-244269","1":"post","2":"type-post","3":"status-publish","4":"format-standard","5":"has-post-thumbnail","7":"category-rouen","8":"tag-actu","9":"tag-actualites","10":"tag-eu","11":"tag-europe","12":"tag-fr","13":"tag-france","14":"tag-immeuble-rouen","15":"tag-infos-rouen","16":"tag-intervention-pompiers-rouen","17":"tag-news","18":"tag-normandie","19":"tag-plancher-effondre-rouen","20":"tag-pompiers","21":"tag-republique-francaise","22":"tag-rouen","23":"tag-rouen-rue-cordier"},"share_on_mastodon":{"url":"https:\/\/pubeurope.com\/@fr\/114838811634682938","error":""},"_links":{"self":[{"href":"https:\/\/www.europesays.com\/fr\/wp-json\/wp\/v2\/posts\/244269","targetHints":{"allow":["GET"]}}],"collection":[{"href":"https:\/\/www.europesays.com\/fr\/wp-json\/wp\/v2\/posts"}],"about":[{"href":"https:\/\/www.europesays.com\/fr\/wp-json\/wp\/v2\/types\/post"}],"author":[{"embeddable":true,"href":"https:\/\/www.europesays.com\/fr\/wp-json\/wp\/v2\/users\/2"}],"replies":[{"embeddable":true,"href":"https:\/\/www.europesays.com\/fr\/wp-json\/wp\/v2\/comments?post=244269"}],"version-history":[{"count":0,"href":"https:\/\/www.europesays.com\/fr\/wp-json\/wp\/v2\/posts\/244269\/revisions"}],"wp:featuredmedia":[{"embeddable":true,"href":"https:\/\/www.europesays.com\/fr\/wp-json\/wp\/v2\/media\/244270"}],"wp:attachment":[{"href":"https:\/\/www.europesays.com\/fr\/wp-json\/wp\/v2\/media?parent=244269"}],"wp:term":[{"taxonomy":"category","embeddable":true,"href":"https:\/\/www.europesays.com\/fr\/wp-json\/wp\/v2\/categories?post=244269"},{"taxonomy":"post_tag","embeddable":true,"href":"https:\/\/www.europesays.com\/fr\/wp-json\/wp\/v2\/tags?post=244269"}],"curies":[{"name":"wp","href":"https:\/\/api.w.org\/{rel}","templated":true}]}}