{"id":244275,"date":"2025-07-12T06:24:36","date_gmt":"2025-07-12T06:24:36","guid":{"rendered":"https:\/\/www.europesays.com\/fr\/244275\/"},"modified":"2025-07-12T06:24:36","modified_gmt":"2025-07-12T06:24:36","slug":"la-derniere-implantation-industrielle-dampleur-remonte-a-plus-de-20-ans-rennes-place-ses-espoirs-economiques-en-safran","status":"publish","type":"post","link":"https:\/\/www.europesays.com\/fr\/244275\/","title":{"rendered":"\u00ab\u00a0La derni\u00e8re implantation industrielle d\u2019ampleur remonte \u00e0 plus de 20\u00a0ans\u00a0\u00bb\u00a0: Rennes place ses espoirs \u00e9conomiques en Safran"},"content":{"rendered":"<p class=\"paragraph text_align_left lp-f-body-02\">On n\u2019entend pas encore le bruit des machines mais les go\u00e9lands qui ont d\u00e9cid\u00e9 de se rassembler en nombre ce vendredi 11 juillet, \u00e0 l\u2019occasion de la pose de la premi\u00e8re pierre de l\u2019usine Safran Turbine Airfoils. Leurs cris stridents ponctuent les discours c\u00e9l\u00e9brant unanimement l\u2019arriv\u00e9e de l\u2019industriel sur le site de la Janais, pr\u00e8s de Rennes (<a href=\"https:\/\/www.leparisien.fr\/ille-et-vilaine-35\/\" target=\"_blank\" rel=\"noreferrer noopener\">Ille-et-Vilaine<\/a>).<\/p>\n<p class=\"paragraph text_align_left lp-f-body-02\">\u00ab C\u2019est un moment qui fera date dans l\u2019histoire \u00e9conomique du territoire. La derni\u00e8re implantation industrielle d\u2019ampleur remonte \u00e0 plus de vingt ans \u00bb, se f\u00e9licite la pr\u00e9sidente (PS) de Rennes M\u00e9tropole, Nathalie App\u00e9r\u00e9. \u00ab Vive l\u2019industrie, vive la Bretagne et vive <a href=\"https:\/\/www.leparisien.fr\/seine-et-marne-77\/seine-et-marne-safran-creera-sa-propre-station-de-geothermie-pour-chauffer-300-000-m2-de-locaux-18-02-2025-6226QNGPAZH7JOADXUFQ3KRDNY.php\" target=\"_blank\" rel=\"noreferrer noopener\">Safran<\/a> ! \u00bb s\u2019enflamme Lo\u00efg Chesnais-Girard (ancien socialiste), le pr\u00e9sident de la r\u00e9gion.<\/p>\n","protected":false},"excerpt":{"rendered":"On n\u2019entend pas encore le bruit des machines mais les go\u00e9lands qui ont d\u00e9cid\u00e9 de se rassembler en&hellip;\n","protected":false},"author":2,"featured_media":244276,"comment_status":"","ping_status":"","sticky":false,"template":"","format":"standard","meta":{"footnotes":""},"categories":[2821],"tags":[1111,917,11,829,459,33,1777,674,1011,27,4517,12,584,25],"class_list":{"0":"post-244275","1":"post","2":"type-post","3":"status-publish","4":"format-standard","5":"has-post-thumbnail","7":"category-rennes","8":"tag-actu","9":"tag-actu-locale","10":"tag-actualites","11":"tag-bretagne","12":"tag-departements-horsidfo","13":"tag-economie","14":"tag-eu","15":"tag-europe","16":"tag-fr","17":"tag-france","18":"tag-ille-et-vilaine-35","19":"tag-news","20":"tag-rennes","21":"tag-republique-francaise"},"share_on_mastodon":{"url":"https:\/\/pubeurope.com\/@fr\/114838835261353277","error":""},"_links":{"self":[{"href":"https:\/\/www.europesays.com\/fr\/wp-json\/wp\/v2\/posts\/244275","targetHints":{"allow":["GET"]}}],"collection":[{"href":"https:\/\/www.europesays.com\/fr\/wp-json\/wp\/v2\/posts"}],"about":[{"href":"https:\/\/www.europesays.com\/fr\/wp-json\/wp\/v2\/types\/post"}],"author":[{"embeddable":true,"href":"https:\/\/www.europesays.com\/fr\/wp-json\/wp\/v2\/users\/2"}],"replies":[{"embeddable":true,"href":"https:\/\/www.europesays.com\/fr\/wp-json\/wp\/v2\/comments?post=244275"}],"version-history":[{"count":0,"href":"https:\/\/www.europesays.com\/fr\/wp-json\/wp\/v2\/posts\/244275\/revisions"}],"wp:featuredmedia":[{"embeddable":true,"href":"https:\/\/www.europesays.com\/fr\/wp-json\/wp\/v2\/media\/244276"}],"wp:attachment":[{"href":"https:\/\/www.europesays.com\/fr\/wp-json\/wp\/v2\/media?parent=244275"}],"wp:term":[{"taxonomy":"category","embeddable":true,"href":"https:\/\/www.europesays.com\/fr\/wp-json\/wp\/v2\/categories?post=244275"},{"taxonomy":"post_tag","embeddable":true,"href":"https:\/\/www.europesays.com\/fr\/wp-json\/wp\/v2\/tags?post=244275"}],"curies":[{"name":"wp","href":"https:\/\/api.w.org\/{rel}","templated":true}]}}