{"id":244277,"date":"2025-07-12T06:25:10","date_gmt":"2025-07-12T06:25:10","guid":{"rendered":"https:\/\/www.europesays.com\/fr\/244277\/"},"modified":"2025-07-12T06:25:10","modified_gmt":"2025-07-12T06:25:10","slug":"entzheim-la-commune-construit-et-investit-plus-de-6-millions-deuros-dans-une-residence-pour-seniors","status":"publish","type":"post","link":"https:\/\/www.europesays.com\/fr\/244277\/","title":{"rendered":"Entzheim. La commune construit et investit plus de 6 millions d\u2019euros dans une r\u00e9sidence pour seniors"},"content":{"rendered":"<p>Pour offrir \u00e0 une solution de logement d\u00e9di\u00e9e aux personnes \u00e2g\u00e9es \u2013 les plus de 60 ans repr\u00e9sentaient 22\u00a0% de la population en 2018 (soit 541 seniors) selon les chiffres de l\u2019Insee, la municipalit\u00e9 d\u2019Entzheim n\u2019a l\u00e9sin\u00e9 ni sur les moyens ni sur les ambitions. Apr\u00e8s plusieurs ann\u00e9es de r\u00e9flexion, rythm\u00e9es par des r\u00e9unions, une \u00e9tude des besoins aupr\u00e8s de cette population, des rencontres avec des professionnels du secteur, elle a d\u00e9cid\u00e9 de construire un p\u00f4le seniors sous ma\u00eetrise d\u2019ouvrage communale.<\/p>\n<p>En c\u0153ur de ville, int\u00e9gr\u00e9 dans le patrimoine<\/p>\n<p>Les \u00e9changes avec les promoteurs priv\u00e9s n\u2019ayant rien donn\u00e9 de concluant, et les discussions avec les bailleurs sociaux s\u2019\u00e9tant sold\u00e9es par un constat \u2013 une large part des seniors d\u2019Entzheim d\u00e9passent les plafonds de ressources exig\u00e9s \u2013, l\u2019id\u00e9e de&#8230;<\/p>\n","protected":false},"excerpt":{"rendered":"Pour offrir \u00e0 une solution de logement d\u00e9di\u00e9e aux personnes \u00e2g\u00e9es \u2013 les plus de 60 ans repr\u00e9sentaient&hellip;\n","protected":false},"author":2,"featured_media":244278,"comment_status":"","ping_status":"","sticky":false,"template":"","format":"standard","meta":{"footnotes":""},"categories":[2820],"tags":[1111,11,33,2880,24064,1777,674,107,1011,27,775,1116,3035,12,25,104,640,3089],"class_list":{"0":"post-244277","1":"post","2":"type-post","3":"status-publish","4":"format-standard","5":"has-post-thumbnail","7":"category-strasbourg","8":"tag-actu","9":"tag-actualites","10":"tag-economie","11":"tag-edition-strasbourg","12":"tag-entzheim","13":"tag-eu","14":"tag-europe","15":"tag-fil-info","16":"tag-fr","17":"tag-france","18":"tag-grand-est","19":"tag-immobilier","20":"tag-la-matinale-strasbourg","21":"tag-news","22":"tag-republique-francaise","23":"tag-societe","24":"tag-strasbourg","25":"tag-strasbourg-sud"},"share_on_mastodon":{"url":"https:\/\/pubeurope.com\/@fr\/114838839231104442","error":""},"_links":{"self":[{"href":"https:\/\/www.europesays.com\/fr\/wp-json\/wp\/v2\/posts\/244277","targetHints":{"allow":["GET"]}}],"collection":[{"href":"https:\/\/www.europesays.com\/fr\/wp-json\/wp\/v2\/posts"}],"about":[{"href":"https:\/\/www.europesays.com\/fr\/wp-json\/wp\/v2\/types\/post"}],"author":[{"embeddable":true,"href":"https:\/\/www.europesays.com\/fr\/wp-json\/wp\/v2\/users\/2"}],"replies":[{"embeddable":true,"href":"https:\/\/www.europesays.com\/fr\/wp-json\/wp\/v2\/comments?post=244277"}],"version-history":[{"count":0,"href":"https:\/\/www.europesays.com\/fr\/wp-json\/wp\/v2\/posts\/244277\/revisions"}],"wp:featuredmedia":[{"embeddable":true,"href":"https:\/\/www.europesays.com\/fr\/wp-json\/wp\/v2\/media\/244278"}],"wp:attachment":[{"href":"https:\/\/www.europesays.com\/fr\/wp-json\/wp\/v2\/media?parent=244277"}],"wp:term":[{"taxonomy":"category","embeddable":true,"href":"https:\/\/www.europesays.com\/fr\/wp-json\/wp\/v2\/categories?post=244277"},{"taxonomy":"post_tag","embeddable":true,"href":"https:\/\/www.europesays.com\/fr\/wp-json\/wp\/v2\/tags?post=244277"}],"curies":[{"name":"wp","href":"https:\/\/api.w.org\/{rel}","templated":true}]}}