{"id":244279,"date":"2025-07-12T06:26:15","date_gmt":"2025-07-12T06:26:15","guid":{"rendered":"https:\/\/www.europesays.com\/fr\/244279\/"},"modified":"2025-07-12T06:26:15","modified_gmt":"2025-07-12T06:26:15","slug":"strasbourg-a-la-galerie-la-chambre-le-photographe-mulhousien-stephen-dock-enregistre-le-silence-de-lacier","status":"publish","type":"post","link":"https:\/\/www.europesays.com\/fr\/244279\/","title":{"rendered":"Strasbourg. \u00c0 la galerie La Chambre, le photographe mulhousien Stephen Dock enregistre \u201cle silence de l\u2019acier\u201d"},"content":{"rendered":"<p>De la prise de vue au tirage et \u00e0 l\u2019encadrement de l\u2019image photographique, <a href=\"https:\/\/www.dna.fr\/culture-loisirs\/2022\/11\/20\/stephen-dock-photographe-du-silence-a-decouvrir-a-la-filature?login=1\" target=\"_blank\" rel=\"nofollow noopener\">Stephen Dock<\/a> ma\u00eetrise tout. Une mani\u00e8re pour le Mulhousien qui vit aujourd\u2019hui \u00e0 Cambrai (Nord), de rester ind\u00e9pendant. Autodidacte, free-lance, membre de l\u2019agence VU de 2012 \u00e0 2015, le photographe se donne aujourd\u2019hui, les moyens d\u2019une libert\u00e9.<\/p>\n<p>  \u00ab\u00a0La m\u00e9moire atterrit sur les murs\u00a0\u00bb<\/p>\n<p>S\u2019il a commenc\u00e9 sa carri\u00e8re comme reporter de guerre \u00e0 l\u2019\u00e2ge de 20 ans, Stephen Dock poursuit depuis 2012, un travail documentaire engag\u00e9 autour des vestiges de l\u2019industrie. Un projet qui l\u2019a men\u00e9 en Ulster, Irlande du Nord, en Alsace, Lorraine, en passant par Glasgow. \u00ab\u00a0C\u2019est la m\u00eame faille de charbon qui traverse la France, la Belgique, l\u2019Allemagne et passe sous la Manche, indique-t-il. Cette histoire capitaliste de l\u2019industrialisation ne conna\u00eet pas de fronti\u00e8res, elle fa\u00e7onne un territoire, une culture et ses habitants.\u00a0\u00bb<\/p>\n<p>En grandissant \u00e0 Mulhouse, le photographe se sent en familiarit\u00e9 avec ces portes d\u2019usine ferm\u00e9es, les hauts-fourneaux \u00e9teints, les vestiges industriels. Apr\u00e8s une exposition monographique pr\u00e9sent\u00e9e \u00e0 Arles l\u2019an dernier, ce nouvel opus \u201cLe silence d\u2019acier\u201d s\u2019affiche sur les murs de\u00a0la galerie strasbourgeoise La Chambre. R\u00e9sultat d\u2019une r\u00e9sidence que cette derni\u00e8re lui a propos\u00e9 en 2023, dans le Grand Est.<\/p>\n<p>Ce corpus d\u2019images s\u2019articule autour de trois parties. Les fragments de paysages voisinent avec des postures de corps. Ceux-ci pli\u00e9s voire cass\u00e9s par le travail laborieux, surgissent tels des totems.<\/p>\n<p>Stephen Dock emprunte l\u2019expression \u00e0 Cocteau, \u201cla gomme de l\u2019habitude\u201d afin de regarder et non plus voir les murs, les fa\u00e7ades, les motifs d\u2019anciennes usines \u00e0 Hayange ou \u00e0 Oignies. \u00ab\u00a0La m\u00e9moire de la guerre comme de l\u2019industrialisation atterrit sur les murs\u00a0\u00bb, remarque-t-il.<\/p>\n<p>Historienne de la photographie et commissaire de l\u2019exposition, Rapha\u00eble Bertho souligne les r\u00e9sonances esth\u00e9tiques et politiques du \u201cSilence d\u2019acier\u201d \u2013  qui retentit des franges p\u00e9riph\u00e9riques.<\/p>\n<p>Dans l\u2019ultime partie plus immersive, on chemine dans un noir charbonneux et des nuances de gris, ponctu\u00e9s de lueurs sourdes ou incandescentes \u2013 comme une m\u00e9moire persistante. Ces images m\u00e9taphorisent la mine. Elles voisinent avec l\u2019archive de Charles Bueb. Le mineur a film\u00e9 ses coll\u00e8gues de l\u2019ancienne mine de potasse d\u2019Alsace, le Carreau Rodolphe. Stephen Dock a aussi tir\u00e9 du pass\u00e9, la figure d\u2019une femme\u00a0: il s\u2019agit d\u2019images repr\u00e9sentant Sainte-Barbe, la protectrice des mineurs.<\/p>\n<p class=\"note\">La Chambre, place d\u2019Austerlitz \u00e0 Strasbourg, exposition \u00e0 voir jusqu\u2019au 7\u00a0septembre, du mercredi au dimanche de 14\u00a0h \u00e0 19\u00a0h, fermeture estivale du 4 au 24\u00a0ao\u00fbt. Entr\u00e9e libre. <a href=\"https:\/\/www.la-chambre.org\/\" target=\"_blank\" rel=\"nofollow noopener\">www.la-chambre.org<\/a><\/p>\n","protected":false},"excerpt":{"rendered":"De la prise de vue au tirage et \u00e0 l\u2019encadrement de l\u2019image photographique, Stephen Dock ma\u00eetrise tout. Une&hellip;\n","protected":false},"author":2,"featured_media":244280,"comment_status":"","ping_status":"","sticky":false,"template":"","format":"standard","meta":{"footnotes":""},"categories":[2820],"tags":[1111,11,2389,1687,2880,27337,1777,674,2271,107,1011,27,775,12,25,640,2879],"class_list":{"0":"post-244279","1":"post","2":"type-post","3":"status-publish","4":"format-standard","5":"has-post-thumbnail","7":"category-strasbourg","8":"tag-actu","9":"tag-actualites","10":"tag-alsace","11":"tag-culture-loisirs","12":"tag-edition-strasbourg","13":"tag-estivales","14":"tag-eu","15":"tag-europe","16":"tag-exposition-arts-plastiques","17":"tag-fil-info","18":"tag-fr","19":"tag-france","20":"tag-grand-est","21":"tag-news","22":"tag-republique-francaise","23":"tag-strasbourg","24":"tag-strasbourg-ville"},"share_on_mastodon":{"url":"https:\/\/pubeurope.com\/@fr\/114838843114216026","error":""},"_links":{"self":[{"href":"https:\/\/www.europesays.com\/fr\/wp-json\/wp\/v2\/posts\/244279","targetHints":{"allow":["GET"]}}],"collection":[{"href":"https:\/\/www.europesays.com\/fr\/wp-json\/wp\/v2\/posts"}],"about":[{"href":"https:\/\/www.europesays.com\/fr\/wp-json\/wp\/v2\/types\/post"}],"author":[{"embeddable":true,"href":"https:\/\/www.europesays.com\/fr\/wp-json\/wp\/v2\/users\/2"}],"replies":[{"embeddable":true,"href":"https:\/\/www.europesays.com\/fr\/wp-json\/wp\/v2\/comments?post=244279"}],"version-history":[{"count":0,"href":"https:\/\/www.europesays.com\/fr\/wp-json\/wp\/v2\/posts\/244279\/revisions"}],"wp:featuredmedia":[{"embeddable":true,"href":"https:\/\/www.europesays.com\/fr\/wp-json\/wp\/v2\/media\/244280"}],"wp:attachment":[{"href":"https:\/\/www.europesays.com\/fr\/wp-json\/wp\/v2\/media?parent=244279"}],"wp:term":[{"taxonomy":"category","embeddable":true,"href":"https:\/\/www.europesays.com\/fr\/wp-json\/wp\/v2\/categories?post=244279"},{"taxonomy":"post_tag","embeddable":true,"href":"https:\/\/www.europesays.com\/fr\/wp-json\/wp\/v2\/tags?post=244279"}],"curies":[{"name":"wp","href":"https:\/\/api.w.org\/{rel}","templated":true}]}}