{"id":244283,"date":"2025-07-12T06:28:11","date_gmt":"2025-07-12T06:28:11","guid":{"rendered":"https:\/\/www.europesays.com\/fr\/244283\/"},"modified":"2025-07-12T06:28:11","modified_gmt":"2025-07-12T06:28:11","slug":"a-nice-la-promenade-des-anglais-prise-dans-la-spirale-de-la-mortalite-routiere","status":"publish","type":"post","link":"https:\/\/www.europesays.com\/fr\/244283\/","title":{"rendered":"\u00e0 Nice, la Promenade des Anglais prise dans la spirale de la mortalit\u00e9 routi\u00e8re"},"content":{"rendered":"<p><strong>ENQU\u00caTE &#8211;<\/strong> Depuis plusieurs ann\u00e9es, les drames se multiplient sur l\u2019embl\u00e9matique \u00abProm\u2019\u00bb\u00a0: dix-neuf morts depuis 2020. Lundi soir, un terrible accident qui a co\u00fbt\u00e9 la vie \u00e0 deux jeunes adultes a relanc\u00e9 les interrogations sur la s\u00e9curit\u00e9 de cet axe embl\u00e9matique de la C\u00f4te d\u2019Azur.<\/p>\n<p class=\"fig-paragraph\">Le choc a \u00e9t\u00e9 d\u2019une violence inou\u00efe. Lundi soir, peu avant 22h30, au niveau du 497 Promenade des Anglais,\u00a0<a href=\"http:\/\/www.lefigaro.fr\/nice\/nice-deux-morts-et-un-blesse-grave-apres-un-terrible-accident-sur-la-promenade-des-anglais-20250708\" data-fig-type=\"NewsFlash\" data-gtm-custom-categorie=\"navigation\" data-gtm-custom-action=\"crossclick\" data-gtm-custom-label=\"Contextuel\" data-gtm-event=\"customEventSPE\" data-fig-domain=\"LEFIGARO\" target=\"_blank\" rel=\"noopener\">un motard a percut\u00e9 de plein fouet un jeune \u00e0 v\u00e9lo<\/a>\u00a0engag\u00e9 sur un passage pi\u00e9ton. Sous l\u2019impact, le cycliste, \u00e2g\u00e9 de 19 ans, est tu\u00e9 sur le coup, tout comme la passag\u00e8re du deux-roues motoris\u00e9, n\u00e9e en 2003. Le conducteur de la moto, lui, est gravement bless\u00e9. Un drame de plus sur cet axe embl\u00e9matique de la C\u00f4te d\u2019Azur, th\u00e9\u00e2tre ces derni\u00e8res ann\u00e9es d\u2019une inqui\u00e9tante s\u00e9rie noire. Dix-neuf morts depuis 2020. Quatre d\u00e9j\u00e0 depuis le d\u00e9but de l\u2019ann\u00e9e.<\/p>\n<p class=\"fig-paragraph\">L\u2019\u00e9motion est d\u2019autant plus vive que les premiers \u00e9l\u00e9ments de l\u2019enqu\u00eate laissent entrevoir une vitesse excessive de la moto, m\u00eame si l\u2019expertise est encore attendue. La piste d\u2019un non-respect du feu par le cycliste est \u00e9galement envisag\u00e9e. Reste que ce croisement n\u2019en est pas \u00e0 son premier drame. Le 11 janvier dernier \u00e0 l\u2019aube,\u00a0<a href=\"http:\/\/www.lefigaro.fr\/nice\/nice-un-cycliste-meurt-percute-par-une-voiture-sur-la-promenade-des-anglais-un-homme-de-20-ans-en-garde-a-vue-20250113\" data-fig-type=\"NewsFlash\" data-gtm-custom-categorie=\"navigation\" data-gtm-custom-action=\"crossclick\" data-gtm-custom-label=\"Contextuel\" data-gtm-event=\"customEventSPE\" data-fig-domain=\"LEFIGARO\" target=\"_blank\" rel=\"noopener\">un cycliste d\u2019une soixantaine d\u2019ann\u00e9es<\/a>\u00a0y avait d\u00e9j\u00e0 perdu la vie. Un mois plus tard, l\u2019association Nice \u00e0 V\u00e9lo avait tir\u00e9\u2026<\/p>\n<p class=\"fig-premium-paywall__infos\">\n        Cet article est r\u00e9serv\u00e9 aux abonn\u00e9s.        Il vous reste 90% \u00e0 d\u00e9couvrir.\n    <\/p>\n<p>                <img  data- alt=\"Le Figaro\" class=\"fig-img--complete fig-img\"\/><\/p>\n<p class=\"fig-premium-paywall__title\">Vous avez envie de lire la suite ?<\/p>\n<p class=\"fig-premium-paywall__subtitle\">D\u00e9bloquez tous les articles imm\u00e9diatement.<\/p>\n<p class=\"fig-premium-paywall__connect\">\n                D\u00e9j\u00e0 abonn\u00e9\u00a0?                <a class=\"fig-premium-paywall__connect-link\" href=\"https:\/\/connect.lefigaro.fr\/login?client=horizon_web&amp;type=main&amp;redirect_uri=https%3A%2F%2Fwww.lefigaro.fr%2Fnice%2Fun-cimetiere-a-ciel-ouvert-a-nice-la-promenade-des-anglais-prise-dans-la-spirale-de-la-mortalite-routiere-20250712\" data-js-gtm=\"{&quot;customCategorie&quot;: &quot;conversion&quot;, &quot;customAction&quot;: &quot;before_Landing_Connexion_paywall_auto&quot;, &quot;customLabel&quot;: &quot;bGVmaWdhcm8uZnJfXzFmMDVjMDM1LWM2MDAtNjFjOC1hNjJhLTA5YzVlYTA5NmI0Yl9fTmV3c0ZsYXNo_\u00abUn cimeti\u00e8re \u00e0 ciel ouvert\u00bb\u00a0: \u00e0 Nice, la Promenade des Anglais prise dans la spirale de la mortalit\u00e9 routi\u00e8re_447&quot;, &quot;customIDSPE&quot;: &quot;bGVmaWdhcm8uZnJfXzFmMDVjMDM1LWM2MDAtNjFjOC1hNjJhLTA5YzVlYTA5NmI0Yl9fTmV3c0ZsYXNo&quot;, &quot;event&quot;: &quot;customEventSPE&quot;}\" target=\"_blank\" rel=\"noopener\"><br \/>\n                    Connectez-vous<br \/>\n                <\/a>\n            <\/p>\n","protected":false},"excerpt":{"rendered":"ENQU\u00caTE &#8211; Depuis plusieurs ann\u00e9es, les drames se multiplient sur l\u2019embl\u00e9matique \u00abProm\u2019\u00bb\u00a0: dix-neuf morts depuis 2020. Lundi soir,&hellip;\n","protected":false},"author":2,"featured_media":244284,"comment_status":"","ping_status":"","sticky":false,"template":"","format":"standard","meta":{"footnotes":""},"categories":[2819],"tags":[4376,1111,11,1777,674,6017,1011,27,12,2401,882,25,5009],"class_list":{"0":"post-244283","1":"post","2":"type-post","3":"status-publish","4":"format-standard","5":"has-post-thumbnail","7":"category-nice","8":"tag-accident-de-la-route","9":"tag-actu","10":"tag-actualites","11":"tag-eu","12":"tag-europe","13":"tag-fait-divers","14":"tag-fr","15":"tag-france","16":"tag-news","17":"tag-nice","18":"tag-provence-alpes-cote-dazur","19":"tag-republique-francaise","20":"tag-securite-routiere"},"share_on_mastodon":{"url":"https:\/\/pubeurope.com\/@fr\/114838850959921120","error":""},"_links":{"self":[{"href":"https:\/\/www.europesays.com\/fr\/wp-json\/wp\/v2\/posts\/244283","targetHints":{"allow":["GET"]}}],"collection":[{"href":"https:\/\/www.europesays.com\/fr\/wp-json\/wp\/v2\/posts"}],"about":[{"href":"https:\/\/www.europesays.com\/fr\/wp-json\/wp\/v2\/types\/post"}],"author":[{"embeddable":true,"href":"https:\/\/www.europesays.com\/fr\/wp-json\/wp\/v2\/users\/2"}],"replies":[{"embeddable":true,"href":"https:\/\/www.europesays.com\/fr\/wp-json\/wp\/v2\/comments?post=244283"}],"version-history":[{"count":0,"href":"https:\/\/www.europesays.com\/fr\/wp-json\/wp\/v2\/posts\/244283\/revisions"}],"wp:featuredmedia":[{"embeddable":true,"href":"https:\/\/www.europesays.com\/fr\/wp-json\/wp\/v2\/media\/244284"}],"wp:attachment":[{"href":"https:\/\/www.europesays.com\/fr\/wp-json\/wp\/v2\/media?parent=244283"}],"wp:term":[{"taxonomy":"category","embeddable":true,"href":"https:\/\/www.europesays.com\/fr\/wp-json\/wp\/v2\/categories?post=244283"},{"taxonomy":"post_tag","embeddable":true,"href":"https:\/\/www.europesays.com\/fr\/wp-json\/wp\/v2\/tags?post=244283"}],"curies":[{"name":"wp","href":"https:\/\/api.w.org\/{rel}","templated":true}]}}