{"id":244293,"date":"2025-07-12T06:34:11","date_gmt":"2025-07-12T06:34:11","guid":{"rendered":"https:\/\/www.europesays.com\/fr\/244293\/"},"modified":"2025-07-12T06:34:11","modified_gmt":"2025-07-12T06:34:11","slug":"toulouse-la-jument-dragonne-monumentale-long-ma-enflamme-la-halle-de-la-machine","status":"publish","type":"post","link":"https:\/\/www.europesays.com\/fr\/244293\/","title":{"rendered":"Toulouse\u00a0: la jument-dragonne monumentale Long Ma enflamme la Halle de la Machine"},"content":{"rendered":"<p class=\"paragraph text_align_left lp-f-body-02\">Elle fait son grand retour \u00e0 <a href=\"https:\/\/www.leparisien.fr\/haute-garonne-31\/pour-maintenir-un-billet-dentree-a-9-euros-en-moyenne-la-halle-de-la-machine-a-toulouse-a-besoin-de-mecenes-27-03-2025-OK3R4MWFXFFGVC4ADXYU6ZYYKQ.php\" target=\"_blank\" rel=\"noreferrer nofollow noopener\">la Halle de la Machine<\/a> \u00e0 Toulouse (Haute-Garonne), apr\u00e8s y avoir pass\u00e9 sept mois en 2022. Apr\u00e8s une arriv\u00e9e en pi\u00e8ces d\u00e9tach\u00e9es, transport\u00e9es en convoi exceptionnel, Long Ma, la majestueuse jument-dragonne, cr\u00e9\u00e9e en 2014 par <a href=\"https:\/\/www.leparisien.fr\/culture-loisirs\/dans-le-secret-des-reglages-de-la-gardienne-des-tenebres-la-nouvelle-creature-de-la-compagnie-la-machine-26-10-2024-I7OUMBKEAVC7NC37DGTQN22WWE.php\" target=\"_blank\" rel=\"noreferrer nofollow noopener\">Fran\u00e7ois Delarozi\u00e8re<\/a>, est de nouveau visible depuis ce vendredi 11 juillet 2025 et jusqu\u2019au 4 janvier 2026 dans l\u2019\u00e9tablissement du quartier Montaudran. R\u00e9assembl\u00e9e par les machinistes, elle a repris vie et se r\u00e9veillera plusieurs fois par jour en musique, jusqu\u2019\u00e0 la fin de l\u2019\u00e9t\u00e9, pour le plus grand plaisir du public.<\/p>\n<p class=\"paragraph text_align_left lp-f-body-02\">Cr\u00e9ature chim\u00e9rique, elle observe les hommes et veille sur eux. \u00ab Son nom complet, Long Ma Jing Shen, signifie l\u2019esprit du cheval dragon \u00bb, explique la compagnie La Machine. \u00ab Faite de bois et d\u2019acier, elle mesure 12 m de haut pour 5 m de large et p\u00e8se 45 tonnes. Apr\u00e8s huit mois de construction qui ont mobilis\u00e9 45 constructeurs et 10 sculpteurs, Long Ma marche, trotte, galope, se cabre et se couche. Ses yeux s\u2019ouvrent et se ferment. Son cou se l\u00e8ve et s\u2019abaisse, oscille sur les c\u00f4t\u00e9s. Ses naseaux crachent de la fum\u00e9e et de sa gueule s\u2019\u00e9chappe du feu. \u00bb Donnant l\u2019impression de respirer, sa cage thoracique se gonfle sous la pression de ses poumons d\u2019acier, fascinant les spectateurs.<\/p>\n<p class=\"paragraph text_align_left lp-f-body-02\">Neuf animaux la composent et lui donnent son allure aussi d\u00e9licate qu\u2019impressionnante : serres d\u2019aigle, \u00e9cailles de carpe, bois de cerf, oreilles de bovid\u00e9, yeux de d\u00e9mon, gueule de lion, cou de serpent, ventre de saurien et corps de cheval. <\/p>\n<p>De sortie le 16 juillet<\/p>\n<p class=\"paragraph text_align_left lp-f-body-02\">Long Ma avait fait sa premi\u00e8re apparition \u00e0 P\u00e9kin, en 2014, \u00e0 l\u2019occasion du cinquanti\u00e8me anniversaire des relations diplomatiques entre la France et la Chine. N\u00e9e gr\u00e2ce au m\u00e9c\u00e8ne chinois Adam Yu, cette magnifique cr\u00e9ature appartient aujourd\u2019hui \u00e0 Winland, une soci\u00e9t\u00e9 chinoise active dans la promotion immobili\u00e8re et la cr\u00e9ation artistique.<\/p>\n<p class=\"paragraph text_align_left lp-f-body-02\">Elle est revenue s\u2019installer \u00e0 Toulouse et, tout cet \u00e9t\u00e9, la jument-dragonne s\u2019y r\u00e9veillera ainsi deux fois par jour, une le matin et une autre l\u2019apr\u00e8s-midi\u2026 Sans horaire pr\u00e9cis, pour laisser la magie op\u00e9rer aupr\u00e8s du public. La Halle de la Machine est ouverte du mardi au dimanche, de 10 heures \u00e0 19 heures, et exceptionnellement ce lundi 14 juillet, \u00e0 ces m\u00eames horaires.<\/p>\n<p class=\"paragraph text_align_left lp-f-body-02\">En plus des r\u00e9veils de Long Ma, les visiteurs de la halle peuvent d\u00e9couvrir l\u2019exposition \u00ab Anatomie d\u2019un spectacle \u00bb, qui plonge dans les coulisses <a href=\"https:\/\/www.leparisien.fr\/haute-garonne-31\/face-au-spectacle-la-porte-des-tenebres-larcheveque-de-toulouse-organise-une-messe-pour-proteger-la-ville-03-10-2024-I2BA7URPXJGORAFTSQV24QN6EE.php\" target=\"_blank\" rel=\"noreferrer nofollow noopener\">du spectacle qui a rassembl\u00e9 plus de 1,2 million de personnes en octobre 2024<\/a> dans les rues de Toulouse pour admirer le Minotaure et Lilith. Le 16 juillet, jour du passage du Tour de France dans la Ville rose, Long Ma r\u00e9alisera une sortie sur la Piste des G\u00e9ants, aux c\u00f4t\u00e9s du Minotaure.<\/p>\n","protected":false},"excerpt":{"rendered":"Elle fait son grand retour \u00e0 la Halle de la Machine \u00e0 Toulouse (Haute-Garonne), apr\u00e8s y avoir pass\u00e9&hellip;\n","protected":false},"author":2,"featured_media":244294,"comment_status":"","ping_status":"","sticky":false,"template":"","format":"standard","meta":{"footnotes":""},"categories":[2816],"tags":[1111,11,872,459,1777,674,1011,27,4623,12,2680,25,2312],"class_list":{"0":"post-244293","1":"post","2":"type-post","3":"status-publish","4":"format-standard","5":"has-post-thumbnail","7":"category-toulouse","8":"tag-actu","9":"tag-actualites","10":"tag-culture-et-loisirs","11":"tag-departements-horsidfo","12":"tag-eu","13":"tag-europe","14":"tag-fr","15":"tag-france","16":"tag-haute-garonne-31","17":"tag-news","18":"tag-occitanie","19":"tag-republique-francaise","20":"tag-toulouse"},"share_on_mastodon":{"url":"https:\/\/pubeurope.com\/@fr\/114838874824127652","error":""},"_links":{"self":[{"href":"https:\/\/www.europesays.com\/fr\/wp-json\/wp\/v2\/posts\/244293","targetHints":{"allow":["GET"]}}],"collection":[{"href":"https:\/\/www.europesays.com\/fr\/wp-json\/wp\/v2\/posts"}],"about":[{"href":"https:\/\/www.europesays.com\/fr\/wp-json\/wp\/v2\/types\/post"}],"author":[{"embeddable":true,"href":"https:\/\/www.europesays.com\/fr\/wp-json\/wp\/v2\/users\/2"}],"replies":[{"embeddable":true,"href":"https:\/\/www.europesays.com\/fr\/wp-json\/wp\/v2\/comments?post=244293"}],"version-history":[{"count":0,"href":"https:\/\/www.europesays.com\/fr\/wp-json\/wp\/v2\/posts\/244293\/revisions"}],"wp:featuredmedia":[{"embeddable":true,"href":"https:\/\/www.europesays.com\/fr\/wp-json\/wp\/v2\/media\/244294"}],"wp:attachment":[{"href":"https:\/\/www.europesays.com\/fr\/wp-json\/wp\/v2\/media?parent=244293"}],"wp:term":[{"taxonomy":"category","embeddable":true,"href":"https:\/\/www.europesays.com\/fr\/wp-json\/wp\/v2\/categories?post=244293"},{"taxonomy":"post_tag","embeddable":true,"href":"https:\/\/www.europesays.com\/fr\/wp-json\/wp\/v2\/tags?post=244293"}],"curies":[{"name":"wp","href":"https:\/\/api.w.org\/{rel}","templated":true}]}}