{"id":244296,"date":"2025-07-12T06:36:47","date_gmt":"2025-07-12T06:36:47","guid":{"rendered":"https:\/\/www.europesays.com\/fr\/244296\/"},"modified":"2025-07-12T06:36:47","modified_gmt":"2025-07-12T06:36:47","slug":"deux-suspects-juges-en-comparution-immediate-ce-mercredi","status":"publish","type":"post","link":"https:\/\/www.europesays.com\/fr\/244296\/","title":{"rendered":"deux suspects jug\u00e9s en comparution imm\u00e9diate ce mercredi"},"content":{"rendered":"<p><img decoding=\"async\" class=\"caas-img caas-lazy has-preview\" src=\"https:\/\/www.europesays.com\/fr\/wp-content\/uploads\/2025\/07\/0450dcb3c68a385bafe4d3c105937e19.jpeg\"\/><\/p>\n<p>Deux personnes de 22 et 30 ans, <a href=\"https:\/\/fr.news.yahoo.com\/agression-dun-praticien-sos-m%C3%A9decins-094923602.html\" data-ylk=\"slk:suspect\u00e9es d&#039;avoir agress\u00e9 un m\u00e9decin de SOS M\u00e9decins \u00e0 Lille;elm:context_link;itc:0;sec:content-canvas;outcm:mb_qualified_link;_E:mb_qualified_link;ct:story;\" class=\"link  yahoo-link\" target=\"_blank\" rel=\"noopener\">suspect\u00e9es d&rsquo;avoir agress\u00e9 un m\u00e9decin de SOS M\u00e9decins \u00e0 Lille<\/a>, entra\u00eenant une gr\u00e8ve la semaine derni\u00e8re, ont \u00e9t\u00e9 interpell\u00e9es et doivent \u00eatre jug\u00e9es ce mercredi 9 juillet en comparution imm\u00e9diate, a indiqu\u00e9 le parquet de Lille \u00e0 BFM Grand Lille et \u00e0 l&rsquo;AFP.<\/p>\n<p>\u00ab\u00a0Les deux mis en cause, \u00e2g\u00e9s de 22 et 30 ans, ont \u00e9t\u00e9 d\u00e9f\u00e9r\u00e9s (mardi) soir au parquet. Ils compara\u00eetront (mercredi) \u00e0 l&rsquo;audience de comparution imm\u00e9diate\u00a0\u00bb, qui commence \u00e0 14 heures et comporte plusieurs dossiers, \u00e9crit la procureure de Lille, Carole \u00c9tienne, \u00e0 BFM Grand Lille.<\/p>\n<p>Dans l\u2019attente de leur comparution, \u00ab\u00a0ils ont \u00e9t\u00e9 plac\u00e9s en d\u00e9tention provisoire\u00a0\u00bb, pr\u00e9cise encore la procureure.<\/p>\n<p>L\u2019avocat de la d\u00e9fense conteste les accusations<\/p>\n<p>Aucun report de l\u2019audience ne sera demand\u00e9, affirme \u00e0 BFM Grand Lille Ma\u00eetre El Ouchikli, avocat des deux agresseurs pr\u00e9sum\u00e9s, demandant toutefois que \u00ab\u00a0la justice garde la raison par rapport \u00e0 l&rsquo;\u00e9cho\u00a0disproportionn\u00e9 qu&rsquo;a pris cette affaire notamment \u00e0 cause des m\u00e9dias.\u00a0\u00bb<\/p>\n<p>L\u2019avocat entend n\u00e9anmoins contester la d\u00e9tention provisoire de ses clients, ainsi que les violences qui leur sont reproch\u00e9es. Il soul\u00e8ve notamment des doutes sur la v\u00e9racit\u00e9 des faits. Selon lui, si les quatre coups-de-poing attribu\u00e9s \u00e0 ses clients dans la plainte \u00e9taient av\u00e9r\u00e9s, le m\u00e9decin ne se serait pas relev\u00e9, consid\u00e9rant que l\u2019un est \u00ab\u00a0demi-pro en boxe\u00a0\u00bb (10 ans de boxe derri\u00e8re lui) et l&rsquo;autre \u00ab\u00a0un gaillard massif\u00a0\u00bb, rapporte-t-il \u00e0 BFM Grand Lille.<\/p>\n<p>Avec les cinq jours d\u2019ITT accord\u00e9s \u00e0 la victime, l\u2019avocat se montre lucide. Malgr\u00e9 ses accusations envers la victime \u2013 qu\u2019il estime \u00eatre l\u2019agresseur de la s\u0153ur de l&rsquo;un des deux accus\u00e9s et a eu un comportement qui rel\u00e8ve de l&rsquo;agression sexuelle en posant notamment sa main sur son ventre \u2013 il admet que ses clients seront condamn\u00e9s du fait de leur entr\u00e9e dans le cabinet m\u00e9dical. Mais il veut \u00e9viter \u00ab\u00a0que la r\u00e9ponse judiciaire soit d\u00e9mesur\u00e9e\u00a0\u00bb.<\/p>\n<p>Une agression violente qui suscite l\u2019indignation<\/p>\n<p>Le parquet de Lille avait ouvert <a href=\"https:\/\/www.bfmtv.com\/grand-lille\/lille-enquete-ouverte-apres-l-agression-et-les-menaces-de-mort-subies-par-un-medecin_AV-202507040471.html\" rel=\"nofollow noopener\" target=\"_blank\" data-ylk=\"slk:une enqu\u00eate;elm:context_link;itc:0;sec:content-canvas\" class=\"link \">une enqu\u00eate<\/a> pour \u00ab\u00a0violences sur un professionnel de sant\u00e9\u00a0\u00bb et \u00ab\u00a0menaces de mort\u00a0\u00bb apr\u00e8s cette agression, survenue le 2 juillet en fin de journ\u00e9e \u00e0 l&rsquo;antenne lilloise de SOS M\u00e9decins, dans <a href=\"https:\/\/www.bfmtv.com\/grand-lille\/replay-emissions\/bonjour-lille\/lille-une-operation-antistupefiants-menee-dans-le-quartier-de-moulins_VN-202502200176.html\" rel=\"nofollow noopener\" target=\"_blank\" data-ylk=\"slk:le quartier de Moulins;elm:context_link;itc:0;sec:content-canvas\" class=\"link \">le quartier de Moulins<\/a> (Lille-Sud).<\/p>\n<p>Le m\u00e9decin \u00ab\u00a0a \u00e9t\u00e9 violemment agress\u00e9 (&#8230;) par deux individus venus en mission punitive\u00a0\u00bb, avait rapport\u00e9 dans un communiqu\u00e9 la F\u00e9d\u00e9ration SOS M\u00e9decins France. \u00ab\u00a0Ceux-ci faisaient suite \u00e0 la consultation d&rsquo;une jeune femme venue solliciter un arr\u00eat de travail\u00a0\u00bb.<\/p>\n<p>La victime, \u00ab\u00a0en \u00e9tat de sid\u00e9ration compl\u00e8te\u00a0\u00bb, avait pu \u00eatre secourue \u00ab\u00a0gr\u00e2ce \u00e0 l&rsquo;intervention rapide d&rsquo;un confr\u00e8re\u00a0\u00bb qui a fait fuir les agresseurs, selon SOS M\u00e9decins France.<\/p>\n<p>Le ministre de la Sant\u00e9, Yannick Neuder, a d\u00e9plor\u00e9 sur X un \u00ab\u00a0drame d&rsquo;une rare violence\u00a0\u00bb. Il a rappel\u00e9 que la loi Pradal, adopt\u00e9e le 25 juin, pr\u00e9voyait des peines renforc\u00e9es (jusqu&rsquo;\u00e0 cinq ans de prison et 75.000 euros d&rsquo;amende) en cas de violences contre les personnels de nombreux \u00e9tablissements de sant\u00e9.<\/p>\n<p><a href=\"https:\/\/www.bfmtv.com\/police-justice\/agression-d-un-praticien-de-sos-medecins-a-lille-deux-suspects-juges-en-comparution-immediate-ce-mercredi_AD-202507090313.html#xtor=AL-68\" rel=\"nofollow noopener\" target=\"_blank\" data-ylk=\"slk:Article original publi\u00e9 sur BFMTV.com;elm:context_link;itc:0;sec:content-canvas\" class=\"link \">Article original publi\u00e9 sur BFMTV.com<\/a><\/p>\n","protected":false},"excerpt":{"rendered":"Deux personnes de 22 et 30 ans, suspect\u00e9es d&rsquo;avoir agress\u00e9 un m\u00e9decin de SOS M\u00e9decins \u00e0 Lille, entra\u00eenant&hellip;\n","protected":false},"author":2,"featured_media":244297,"comment_status":"","ping_status":"","sticky":false,"template":"","format":"standard","meta":{"footnotes":""},"categories":[2815],"tags":[1111,11,24187,38400,38399,5816,1777,674,1011,27,811,1307,6971,12,25],"class_list":{"0":"post-244296","1":"post","2":"type-post","3":"status-publish","4":"format-standard","5":"has-post-thumbnail","7":"category-lille","8":"tag-actu","9":"tag-actualites","10":"tag-arret-de-travail","11":"tag-bfm-grand-lille","12":"tag-comparution-immediate","13":"tag-detention-provisoire","14":"tag-eu","15":"tag-europe","16":"tag-fr","17":"tag-france","18":"tag-hauts-de-france","19":"tag-lille","20":"tag-ministre-de-la-sante","21":"tag-news","22":"tag-republique-francaise"},"share_on_mastodon":{"url":"https:\/\/pubeurope.com\/@fr\/114838886465564331","error":""},"_links":{"self":[{"href":"https:\/\/www.europesays.com\/fr\/wp-json\/wp\/v2\/posts\/244296","targetHints":{"allow":["GET"]}}],"collection":[{"href":"https:\/\/www.europesays.com\/fr\/wp-json\/wp\/v2\/posts"}],"about":[{"href":"https:\/\/www.europesays.com\/fr\/wp-json\/wp\/v2\/types\/post"}],"author":[{"embeddable":true,"href":"https:\/\/www.europesays.com\/fr\/wp-json\/wp\/v2\/users\/2"}],"replies":[{"embeddable":true,"href":"https:\/\/www.europesays.com\/fr\/wp-json\/wp\/v2\/comments?post=244296"}],"version-history":[{"count":0,"href":"https:\/\/www.europesays.com\/fr\/wp-json\/wp\/v2\/posts\/244296\/revisions"}],"wp:featuredmedia":[{"embeddable":true,"href":"https:\/\/www.europesays.com\/fr\/wp-json\/wp\/v2\/media\/244297"}],"wp:attachment":[{"href":"https:\/\/www.europesays.com\/fr\/wp-json\/wp\/v2\/media?parent=244296"}],"wp:term":[{"taxonomy":"category","embeddable":true,"href":"https:\/\/www.europesays.com\/fr\/wp-json\/wp\/v2\/categories?post=244296"},{"taxonomy":"post_tag","embeddable":true,"href":"https:\/\/www.europesays.com\/fr\/wp-json\/wp\/v2\/tags?post=244296"}],"curies":[{"name":"wp","href":"https:\/\/api.w.org\/{rel}","templated":true}]}}