{"id":244300,"date":"2025-07-12T06:38:09","date_gmt":"2025-07-12T06:38:09","guid":{"rendered":"https:\/\/www.europesays.com\/fr\/244300\/"},"modified":"2025-07-12T06:38:09","modified_gmt":"2025-07-12T06:38:09","slug":"apres-le-feu-de-foret-des-pennes-mirabeau-et-marseille-lurgence-est-elle-de-replanter","status":"publish","type":"post","link":"https:\/\/www.europesays.com\/fr\/244300\/","title":{"rendered":"Apr\u00e8s le feu de for\u00eat des Pennes-Mirabeau et Marseille, l\u2019urgence est-elle de replanter\u00a0?"},"content":{"rendered":"<p>Sur les hauteurs de Lav\u00e9ra, \u00e0 Martigues, la garrigue repousse. Cinq ans sont pass\u00e9s depuis <a href=\"https:\/\/www.laprovence.com\/article\/papier\/6071928\/feu-de-la-cote-bleue-le-desastre-vu-de-lespace.html\" target=\"_blank\" rel=\"nofollow noopener\">l\u2019incendie d\u2019ao\u00fbt\u00a02020<\/a> qui avait ravag\u00e9 <a href=\"https:\/\/www.laprovence.com\/actu\/en-direct\/6069188\/martigues-au-camping-marius-la-solidarite-avant-tout.html\" target=\"_blank\" rel=\"nofollow noopener\">plus de 1\u00a0000 hectares<\/a> en une journ\u00e9e. Laurent V\u00e9lasco n\u2019y \u00e9tait pas retourn\u00e9 depuis un moment. \u00ab\u00a0Regardez, le ch\u00eane kerm\u00e8s, le ciste cotonneux et le romarin reprennent de mani\u00e8re naturelle et spontan\u00e9e\u00a0\u00bb, montre le responsable D\u00e9fense de la for\u00eat contre les incendies (DFCI) des d\u00e9partements des Bouches-du-Rh\u00f4ne et du Vaucluse de l\u2019Office national des for\u00eats (ONF). Le paysage lunaire a disparu.<\/p>\n<p>Ces essences aiment les sols calcaires de la M\u00e9diterran\u00e9e. Pour l\u2019instant, elles ne d\u00e9passent pas une trentaine de centim\u00e8tres. La nature a besoin de temps. Par endroits, des arbres fr\u00eales et noircis par les flammes sont couch\u00e9s contre la colline dans le sens du vent. Derniers stigmates de la catastrophe, <a href=\"https:\/\/www.laprovence.com\/article\/region\/2188566072879814\/on-repart-a-zero-a-martiques-le-camping-des-tamaris-va-renaitre-de-ses-cendres-apres-lincendie-de-2020\" target=\"_blank\" rel=\"nofollow noopener\">2\u00a0500 personnes avaient \u00e9t\u00e9 \u00e9vacu\u00e9es<\/a>. Sinon, c\u2019est vert. On ne peut pas en dire autant des massifs des Pennes-Mirabeau et <a href=\"https:\/\/www.laprovence.com\/article\/region\/7047479383776514\/incendie-de-marseille-on-a-vu-les-arbres-bruler-sous-nos-fenetres-panique-et-solidarite-a-la-castellane-et-a-verduron\" target=\"_blank\" rel=\"nofollow noopener\">de Marseille<\/a>.<\/p>\n<p>\u00ab\u00a0On ne touche \u00e0 rien\u00a0\u00bb<\/p>\n<p>Ce 8\u00a0juillet, quelque 700 hectares ont br\u00fbl\u00e9. Apr\u00e8s le choc, la col\u00e8re, est-ce qu\u2019on replante ou laisse la nature se reconstruire\u00a0? L\u2019ONF est clair\u00a0: \u00ab\u00a0On ne touche \u00e0 rien\u00a0\u00bb. L\u2019empressement \u00e0 replanter des arbres serait vain, inefficace et tr\u00e8s co\u00fbteux. Sur le secteur calcin\u00e9 mardi, il faut patienter.<\/p>\n","protected":false},"excerpt":{"rendered":"Sur les hauteurs de Lav\u00e9ra, \u00e0 Martigues, la garrigue repousse. Cinq ans sont pass\u00e9s depuis l\u2019incendie d\u2019ao\u00fbt\u00a02020 qui&hellip;\n","protected":false},"author":2,"featured_media":244301,"comment_status":"","ping_status":"","sticky":false,"template":"","format":"standard","meta":{"footnotes":""},"categories":[2814],"tags":[17,1111,11,150,154,436,1777,674,1312,5183,1011,27,38403,884,12,37365,882,25],"class_list":{"0":"post-244300","1":"post","2":"type-post","3":"status-publish","4":"format-standard","5":"has-post-thumbnail","7":"category-marseille","8":"tag-17","9":"tag-actu","10":"tag-actualites","11":"tag-apres","12":"tag-des","13":"tag-environnement","14":"tag-eu","15":"tag-europe","16":"tag-feu","17":"tag-foret","18":"tag-fr","19":"tag-france","20":"tag-lurgence","21":"tag-marseille","22":"tag-news","23":"tag-pennes-mirabeau","24":"tag-provence-alpes-cote-dazur","25":"tag-republique-francaise"},"share_on_mastodon":{"url":"https:\/\/pubeurope.com\/@fr\/114838890319331491","error":""},"_links":{"self":[{"href":"https:\/\/www.europesays.com\/fr\/wp-json\/wp\/v2\/posts\/244300","targetHints":{"allow":["GET"]}}],"collection":[{"href":"https:\/\/www.europesays.com\/fr\/wp-json\/wp\/v2\/posts"}],"about":[{"href":"https:\/\/www.europesays.com\/fr\/wp-json\/wp\/v2\/types\/post"}],"author":[{"embeddable":true,"href":"https:\/\/www.europesays.com\/fr\/wp-json\/wp\/v2\/users\/2"}],"replies":[{"embeddable":true,"href":"https:\/\/www.europesays.com\/fr\/wp-json\/wp\/v2\/comments?post=244300"}],"version-history":[{"count":0,"href":"https:\/\/www.europesays.com\/fr\/wp-json\/wp\/v2\/posts\/244300\/revisions"}],"wp:featuredmedia":[{"embeddable":true,"href":"https:\/\/www.europesays.com\/fr\/wp-json\/wp\/v2\/media\/244301"}],"wp:attachment":[{"href":"https:\/\/www.europesays.com\/fr\/wp-json\/wp\/v2\/media?parent=244300"}],"wp:term":[{"taxonomy":"category","embeddable":true,"href":"https:\/\/www.europesays.com\/fr\/wp-json\/wp\/v2\/categories?post=244300"},{"taxonomy":"post_tag","embeddable":true,"href":"https:\/\/www.europesays.com\/fr\/wp-json\/wp\/v2\/tags?post=244300"}],"curies":[{"name":"wp","href":"https:\/\/api.w.org\/{rel}","templated":true}]}}