{"id":244304,"date":"2025-07-12T06:40:12","date_gmt":"2025-07-12T06:40:12","guid":{"rendered":"https:\/\/www.europesays.com\/fr\/244304\/"},"modified":"2025-07-12T06:40:12","modified_gmt":"2025-07-12T06:40:12","slug":"apres-paris-est-on-pret-a-se-jeter-a-leau-a-lyon-bordeaux-et-toulouse","status":"publish","type":"post","link":"https:\/\/www.europesays.com\/fr\/244304\/","title":{"rendered":"Apr\u00e8s Paris, est-on pr\u00eat \u00e0 se jeter \u00e0 l\u2019eau \u00e0 Lyon, Bordeaux et Toulouse\u00a0?"},"content":{"rendered":"<p> \u00abNous n\u2019avons pas attendu que la <a href=\"https:\/\/www.paris.fr\/\" rel=\"nofollow noopener\" target=\"_blank\" class=\"color-ultramarine c-link\">mairie de Paris<\/a> se lance pour y r\u00e9fl\u00e9chir\u00a0\u00bb, lance d\u2019entr\u00e9e la <a href=\"https:\/\/www.bordeaux.fr\/\" target=\"_blank\" class=\"color-ultramarine c-link\" rel=\"nofollow noopener\">ville de Bordeaux<\/a>, qui s\u2019est d\u00e9j\u00e0 pench\u00e9 sur d\u2019autres exemples internationaux comme celui de <a href=\"https:\/\/www.20minutes.fr\/monde\/quebec\/\" class=\"color-ultramarine c-link\" rel=\"nofollow noopener\" target=\"_blank\">Qu\u00e9bec<\/a> o\u00f9 la baignade s\u2019organise dans le Saint-Laurent. A <a href=\"https:\/\/www.20minutes.fr\/lyon\/\" class=\"color-ultramarine c-link\" rel=\"nofollow noopener\" target=\"_blank\">Lyon<\/a>, Pierre Athanaze, vice-pr\u00e9sident de la m\u00e9tropole, en charge notamment de la nature en ville, fait valoir le mod\u00e8le de voisins europ\u00e9ens comme <a href=\"https:\/\/www.20minutes.fr\/dossier\/copenhague\" class=\"color-ultramarine c-link\" rel=\"nofollow noopener\" target=\"_blank\">Copenhague<\/a> ou <a href=\"https:\/\/www.20minutes.fr\/dossier\/zurich\" class=\"color-ultramarine c-link\" rel=\"nofollow noopener\" target=\"_blank\">Zurich<\/a>.<\/p>\n<p>Reste que <a href=\"https:\/\/www.20minutes.fr\/societe\/diaporama-4162118-images-eau-25-degres-bonnets-bain-grand-public-baigne-seine-premiere-depuis-1923\" class=\"color-ultramarine c-link\" rel=\"nofollow noopener\" target=\"_blank\">le lancement ce samedi de la baignade dans la capitale<\/a>, cadeau co\u00fbteux h\u00e9rit\u00e9 des Jeux olympiques, relance l\u2019int\u00e9r\u00eat des citadins, tr\u00e8s en demande de lieux pour se rafra\u00eechir alors qu\u2019une <a href=\"https:\/\/www.20minutes.fr\/dossier\/canicule\" class=\"color-ultramarine c-link\" rel=\"nofollow noopener\" target=\"_blank\">canicule<\/a> a d\u00e9j\u00e0 frapp\u00e9 l\u2019Hexagone, en tout d\u00e9but de saison estivale. A Lyon, Bordeaux et Toulouse des \u00e9tudes ont \u00e9t\u00e9 lanc\u00e9es mais les perspectives paraissent plus compliqu\u00e9es sur la Garonne que sur la Sa\u00f4ne.<\/p>\n<p>S\u2019\u00e9loigner des eaux vives pour pr\u00e9server la s\u00e9curit\u00e9<\/p>\n<p>A la demande de la ville de Lyon, de Villeurbanne et des communes du val de Sa\u00f4ne, la m\u00e9tropole lyonnaise a \u00e9tudi\u00e9 la \u00ab\u00a0baignabilit\u00e9\u00a0\u00bb de 21 sites, en retenant in fine cinq avec \u00ab\u00a0des contraintes moyennes\u00a0\u00bb. Alors que les baignades \u00ab\u00a0sauvages\u00a0\u00bb sont assez fr\u00e9quentes, l\u2019am\u00e9nagement d\u2019un site sur la darse (sorte de bassin abrit\u00e9) dans le quartier de Confluence est en bonne voie.<\/p>\n<p><img decoding=\"async\" alt=\"D'ici 2027, la ville et la M\u00e9tropole de Lyon envisagent de cr\u00e9er une zone de baignade dans le quartier de Confluence. (visuel illustratif non conforme)\" class=\"c-img\" loading=\"lazy\" fetchpriority=\"auto\" width=\"718\"  src=\"https:\/\/img.20mn.fr\/H6jP8RNXT2OgsPzFUt1_HCk\/718x0-0.09994967057101024x7.270591100677848-99.90005032942898\" \/>D&rsquo;ici 2027, la ville et la M\u00e9tropole de Lyon envisagent de cr\u00e9er une zone de baignade dans le quartier de Confluence. (visuel illustratif non conforme)\u2002-\u00a0ArtefactoryLab<\/p>\n<p>Il est pr\u00e9vu d\u2019y am\u00e9nager une zone de baignade d\u2019ici\u00a02027. \u00ab\u00a0C\u2019est une entr\u00e9e de la Sa\u00f4ne un peu \u00e0 l\u2019abri mais le probl\u00e8me peut \u00eatre un manque de renouvellement de l\u2019eau qui se traduit par de la turbidit\u00e9 [eau trouble]\u00a0\u00bb, pointe Pierre Athanaze. Les deux autres sites \u00e9tudi\u00e9s sont situ\u00e9s sur le Rh\u00f4ne, \u00e0 hauteur de la confluence avec la Sa\u00f4ne, au niveau de Rochetaill\u00e9e et Albiny. L\u2019investissement pour le site de Confluence est \u00e9valu\u00e9 entre 1,5 et deux millions d\u2019euros.<\/p>\n<p>A Bordeaux, une des deux pistes \u00e0 l\u2019\u00e9tude est aussi une zone \u00e0 l\u2019\u00e9cart des tumultes de la Garonne, aux Bassins \u00e0 flot. \u00ab\u00a0Mais on est en milieu semi-ferm\u00e9 donc la qualit\u00e9 des eaux doit \u00eatre soumise \u00e0 un contr\u00f4le strict, commente la ville. Elle a \u00e9t\u00e9 analys\u00e9e en\u00a02019 et \u00e9tait dans les normes, mais cela devrait \u00eatre bien s\u00fbr confirm\u00e9 par des analyses r\u00e9centes.\u00a0\u00bb Le co\u00fbt de ce projet n\u2019est pas encore arr\u00eat\u00e9 mais avoisinerait les 2 \u00e0 3\u00a0millions d\u2019euros.<\/p>\n<p>La Garonne, un fleuve indomptable\u00a0?<\/p>\n<p>Pour Bordeaux et Toulouse, l\u2019enjeu n\u2019est pas la d\u00e9pollution de la Garonne (comme pour la Seine) mais \u00ab\u00a0des contraintes de d\u00e9bit et de marnage\u00a0\u00bb. Le flux de mar\u00e9e entra\u00eene un d\u00e9bit extr\u00eamement fort. \u00ab\u00a0Celui-ci est de 600 \u00e0 1.000\u00a0m3 par seconde en moyenne avec des pointes \u00e0 5.000\u00a0m3\/s lors des \u00e9pisodes de crues, fait valoir la ville de Bordeaux. Par comparaison la Seine \u00e0 Paris propose un d\u00e9bit de 220 m3\/s et la Sa\u00f4ne \u00e0 Lyon de 410 m3\/s.\u00a0\u00bb<\/p>\n<p>Bordeaux \u00e9tudie n\u00e9anmoins la possibilit\u00e9 d\u2019installer une zone de baignade dans le lit du fleuve. \u00ab\u00a0Cela suppose la cr\u00e9ation de rideaux de protection pour att\u00e9nuer le courant et d\u00e9vier les principaux emb\u00e2cles, la pose de pontons, passerelles et d\u2019un filet de s\u00e9curit\u00e9, mais aussi un entretien de dragage\u00a0\u00bb, \u00e9num\u00e8re la collectivit\u00e9. Le budget est alors d\u2019environ 10\u00a0millions d\u2019euros, contre 7\u00a0millions pour le site install\u00e9 sur le quai de Bercy, \u00e0 Paris.<\/p>\n<p>A Toulouse, on est beaucoup plus sceptique sur la cr\u00e9dibilit\u00e9 d\u2019une telle installation et l\u2019\u00e9tude n\u2019est m\u00eame pas aller jusqu\u2019\u00e0 une estimation. La municipalit\u00e9 assure cependant que le projet n\u2019est pas d\u00e9finitivement enterr\u00e9. \u00ab\u00a0On est encore \u00e0 l\u2019aff\u00fbt de solutions, assure-t-elle. Mais si on le fait, \u00e7a va co\u00fbter tr\u00e8s cher et peu de gens vont se baigner, c\u2019est tr\u00e8s discutable.\u00a0\u00bb Devant l\u2019instabilit\u00e9 de la Garonne, la ville pr\u00e9f\u00e8re faire valoir la base de loisirs de La Ram\u00e9e, install\u00e9e \u00e0 trente minutes du centre de Toulouse. \u00ab\u00a0Les JO ont fait croire qu\u2019on pouvait se baigner dans tous les fleuves\u00a0\u00bb, glisse-t-on place du Capitole, o\u00f9 l\u2019on est d\u00e9finitivement peu emball\u00e9 par l\u2019id\u00e9e d\u2019une plage en ville.<\/p>\n<p>Si les projets semblent plus avanc\u00e9s dans le Rh\u00f4ne et en Gironde, tous les obstacles ne sont pas lev\u00e9s. A Lyon, deux des trois gestionnaires du fleuve restent \u00e0 convaincre totalement et \u00e0 Bordeaux, l\u2019autorisation du Grand port maritime de Bordeaux, incluant des feux verts environnementaux restent \u00e0 d\u00e9crocher.<\/p>\n","protected":false},"excerpt":{"rendered":"\u00abNous n\u2019avons pas attendu que la mairie de Paris se lance pour y r\u00e9fl\u00e9chir\u00a0\u00bb, lance d\u2019entr\u00e9e la ville&hellip;\n","protected":false},"author":2,"featured_media":244305,"comment_status":"","ping_status":"","sticky":false,"template":"","format":"standard","meta":{"footnotes":""},"categories":[1889],"tags":[1111,47,11,3177,2430,1997,16573,1777,674,1011,27,5601,2905,2722,3996,2428,2381,2721,12,2219,2680,7810,25,2429,2431,13527,104,2312,6345,35042],"class_list":{"0":"post-244304","1":"post","2":"type-post","3":"status-publish","4":"format-standard","5":"has-post-thumbnail","7":"category-lyon","8":"tag-actu","9":"tag-actualite","10":"tag-actualites","11":"tag-aquitaine","12":"tag-auvergne-rhone-alpes","13":"tag-bordeaux","14":"tag-copenhague","15":"tag-eu","16":"tag-europe","17":"tag-fr","18":"tag-france","19":"tag-garonne","20":"tag-gironde","21":"tag-haute-garonne","22":"tag-jeux-olympiques","23":"tag-lyon","24":"tag-mairie-de-paris","25":"tag-midi-pyrenees","26":"tag-news","27":"tag-nouvelle-aquitaine","28":"tag-occitanie","29":"tag-quebec","30":"tag-republique-francaise","31":"tag-rhone","32":"tag-rhone-alpes","33":"tag-seine","34":"tag-societe","35":"tag-toulouse","36":"tag-villeurbanne","37":"tag-zurich"},"share_on_mastodon":{"url":"https:\/\/pubeurope.com\/@fr\/114838898161249685","error":""},"_links":{"self":[{"href":"https:\/\/www.europesays.com\/fr\/wp-json\/wp\/v2\/posts\/244304","targetHints":{"allow":["GET"]}}],"collection":[{"href":"https:\/\/www.europesays.com\/fr\/wp-json\/wp\/v2\/posts"}],"about":[{"href":"https:\/\/www.europesays.com\/fr\/wp-json\/wp\/v2\/types\/post"}],"author":[{"embeddable":true,"href":"https:\/\/www.europesays.com\/fr\/wp-json\/wp\/v2\/users\/2"}],"replies":[{"embeddable":true,"href":"https:\/\/www.europesays.com\/fr\/wp-json\/wp\/v2\/comments?post=244304"}],"version-history":[{"count":0,"href":"https:\/\/www.europesays.com\/fr\/wp-json\/wp\/v2\/posts\/244304\/revisions"}],"wp:featuredmedia":[{"embeddable":true,"href":"https:\/\/www.europesays.com\/fr\/wp-json\/wp\/v2\/media\/244305"}],"wp:attachment":[{"href":"https:\/\/www.europesays.com\/fr\/wp-json\/wp\/v2\/media?parent=244304"}],"wp:term":[{"taxonomy":"category","embeddable":true,"href":"https:\/\/www.europesays.com\/fr\/wp-json\/wp\/v2\/categories?post=244304"},{"taxonomy":"post_tag","embeddable":true,"href":"https:\/\/www.europesays.com\/fr\/wp-json\/wp\/v2\/tags?post=244304"}],"curies":[{"name":"wp","href":"https:\/\/api.w.org\/{rel}","templated":true}]}}