{"id":244308,"date":"2025-07-12T06:43:10","date_gmt":"2025-07-12T06:43:10","guid":{"rendered":"https:\/\/www.europesays.com\/fr\/244308\/"},"modified":"2025-07-12T06:43:10","modified_gmt":"2025-07-12T06:43:10","slug":"a-paris-les-champs-elysees-sous-haute-surveillance-dimportants-moyens-deployes","status":"publish","type":"post","link":"https:\/\/www.europesays.com\/fr\/244308\/","title":{"rendered":"A Paris, les Champs-Elys\u00e9es sous haute surveillance, d&rsquo;importants moyens d\u00e9ploy\u00e9s"},"content":{"rendered":"<p>            Par<br \/>\n        <strong><br \/>\n            <a href=\"https:\/\/actu.fr\/auteur\/thomas-martin\" title=\"Consulter tous les articles de Thomas Martin\" target=\"_blank\" rel=\"noopener\">Thomas Martin<\/a><br \/>\n        <\/strong><\/p>\n<p>        Publi\u00e9 le<\/p>\n<p>            12 juil. 2025 \u00e0 8h26        <\/p>\n<p>Hors de question de revivre des <a href=\"https:\/\/actu.fr\/ile-de-france\/paris_75056\/violences-apres-la-victoire-du-psg-devant-le-tribunal-de-paris-la-honte-et-le-regret-des-supporters_62716789.html\" target=\"_blank\" rel=\"noopener\">violences<\/a> similaires \u00e0 celles qui ont suivi la <a href=\"https:\/\/actu.fr\/ile-de-france\/paris_75056\/irresistible-le-psg-remporte-la-premiere-ligue-des-champions-de-son-histoire-au-terme-d-une-finale-de-reve_62712076.html\" target=\"_blank\" rel=\"noopener\">victoire du PSG en Ligue des Champions<\/a>. Quelque 11 500 effectifs seront mobilis\u00e9s \u00e0 Paris et petite couronne pour assurer la s\u00e9curit\u00e9 lors des festivit\u00e9s du 14 juillet et pour la finale PSG-Chelsea du Mondial des clubs de foot, a indiqu\u00e9 vendredi la <a href=\"https:\/\/actu.fr\/tag\/prefecture-de-police-de-paris\" target=\"_blank\" rel=\"noopener\">pr\u00e9fecture de police<\/a>.<\/p>\n<p>\u00ab\u00a0Un important dispositif de s\u00e9curisation\u00a0\u00bb<\/p>\n<p class=\" wall-content\">Policiers, gendarmes et pompiers seront activ\u00e9s d\u00e8s dimanche soir \u00e0 l\u2019occasion de la finale de foot, qui se joue \u00e0 New York, \u00ab\u00a0sp\u00e9cifiquement autour de l\u2019avenue des <a href=\"https:\/\/actu.fr\/tag\/champs-elysees\" target=\"_blank\" rel=\"noopener\">Champs-Elys\u00e9es<\/a>, sur laquelle les \u00e9quipements n\u00e9cessaires \u00e0 la c\u00e9r\u00e9monie nationale du 14 juillet 2025 ont \u00e9t\u00e9 install\u00e9s\u00a0\u00bb, souligne la pr\u00e9fecture dans un communiqu\u00e9.<\/p>\n<p class=\" wall-content\">\u00ab\u00a0Afin de garantir l\u2019ordre et la s\u00e9curit\u00e9 publics, la pr\u00e9fecture de police met en place un important dispositif de s\u00e9curisation, \u00e0 compter de 19h, notamment sur l\u2019avenue des Champs-Elys\u00e9es o\u00f9 aucun rassemblement ne sera tol\u00e9r\u00e9\u00a0\u00bb, insiste la PP, ajoutant que \u00ab\u00a0la place de l\u2019Etoile et la place de la Concorde seront inaccessibles \u00e0 la circulation routi\u00e8re et pi\u00e9tonne, \u00e0 partir de 19h\u00a0\u00bb.<\/p>\n<p class=\" wall-content\">Un arr\u00eat\u00e9 a \u00e9t\u00e9 pris pour interdire, du dimanche 13 juillet \u00e0 20h jusqu\u2019au lundi 14 juillet 2025 \u00e0 3h, \u00ab\u00a0les grands rassemblements de personnes ayant pour objet d\u2019assister \u00e0 la retransmission d\u2019\u00e9v\u00e8nements (fan zones, \u00e9crans sur la voie publique, \u00e9crans tourn\u00e9s vers la voie publique)\u00a0\u00bb.<\/p>\n<p>\u00ab\u00a0Aucun \u00e9l\u00e9ment d\u2019inqui\u00e9tude majeure\u00a0\u00bb<\/p>\n<p class=\" wall-content\">Lundi, le secteur sera \u00e9galement sous haute surveillance pour le traditionnel d\u00e9fil\u00e9 militaire sur l\u2019avenue des Champs-\u00c9lys\u00e9es avec filtrage du public, palpations, fouilles des sacs.<\/p>\n<p>Vid\u00e9os : en ce moment sur Actu<\/p>\n<p class=\" wall-content\">Dans la soir\u00e9e aura lieu un concert de musique classique au Champ-de-Mars d\u00e8s 21h, o\u00f9 60 000 personnes sont attendues, rel\u00e8ve la PP. Il sera suivi, \u00e0 23h, d\u2019un feu d\u2019artifice de 20 minutes.<\/p>\n<p class=\" wall-content\">Selon la procureure de Paris Laure Beccuau, \u00ab\u00a0il n\u2019y a aucun \u00e9l\u00e9ment d\u2019inqui\u00e9tude majeure en termes d\u2019ordre public\u00a0\u00bb concernant ces festivit\u00e9s.<\/p>\n<p class=\" wall-content\">\u00ab\u00a0Nous poursuivrons toutes infractions \u00e0 l\u2019encontre des forces de l\u2019ordre, des d\u00e9positaires de l\u2019autorit\u00e9 publique, des services de secours, consistant en des violences, r\u00e9bellions, des menaces, notamment si celles-ci prennent la forme de jets de mortiers en direction des forces de l\u2019ordre\u00a0\u00bb, a-t-elle pr\u00e9venu vendredi.<\/p>\n<p class=\" wall-content\"><strong>Avec AFP<\/strong><\/p>\n<p class=\" wall-content\">Suivez toute l\u2019actualit\u00e9 de vos villes et m\u00e9dias favoris en vous inscrivant \u00e0 <a href=\"https:\/\/moncompte.actu.fr\" title=\"D\u00e9couvez Mon Actu\" rel=\"nofollow noopener\" data-trk=\"{&quot;cta&quot;:{&quot;action&quot;:&quot;https:\\\/\\\/moncompte.actu.fr&quot;,&quot;category&quot;:&quot;mon compte&quot;,&quot;from&quot;:&quot;article footer&quot;,&quot;name&quot;:&quot;Mon actu&quot;,&quot;type&quot;:&quot;cta&quot;}}\" target=\"_blank\">Mon Actu<\/a>.<\/p>\n","protected":false},"excerpt":{"rendered":"Par Thomas Martin Publi\u00e9 le 12 juil. 2025 \u00e0 8h26 Hors de question de revivre des violences similaires&hellip;\n","protected":false},"author":2,"featured_media":244309,"comment_status":"","ping_status":"","sticky":false,"template":"","format":"standard","meta":{"footnotes":""},"categories":[1888],"tags":[1111,1928,11,1927,6984,1777,674,1011,27,12,1926,626,1925,2332,1931,25,104],"class_list":{"0":"post-244308","1":"post","2":"type-post","3":"status-publish","4":"format-standard","5":"has-post-thumbnail","7":"category-paris","8":"tag-actu","9":"tag-actu-paris","10":"tag-actualites","11":"tag-actualites-paris","12":"tag-champs-elysees","13":"tag-eu","14":"tag-europe","15":"tag-fr","16":"tag-france","17":"tag-news","18":"tag-news-paris","19":"tag-paris","20":"tag-paris-news","21":"tag-paris-saint-germain-psg","22":"tag-prefecture-de-police-de-paris","23":"tag-republique-francaise","24":"tag-societe"},"share_on_mastodon":{"url":"https:\/\/pubeurope.com\/@fr\/114838910055231449","error":""},"_links":{"self":[{"href":"https:\/\/www.europesays.com\/fr\/wp-json\/wp\/v2\/posts\/244308","targetHints":{"allow":["GET"]}}],"collection":[{"href":"https:\/\/www.europesays.com\/fr\/wp-json\/wp\/v2\/posts"}],"about":[{"href":"https:\/\/www.europesays.com\/fr\/wp-json\/wp\/v2\/types\/post"}],"author":[{"embeddable":true,"href":"https:\/\/www.europesays.com\/fr\/wp-json\/wp\/v2\/users\/2"}],"replies":[{"embeddable":true,"href":"https:\/\/www.europesays.com\/fr\/wp-json\/wp\/v2\/comments?post=244308"}],"version-history":[{"count":0,"href":"https:\/\/www.europesays.com\/fr\/wp-json\/wp\/v2\/posts\/244308\/revisions"}],"wp:featuredmedia":[{"embeddable":true,"href":"https:\/\/www.europesays.com\/fr\/wp-json\/wp\/v2\/media\/244309"}],"wp:attachment":[{"href":"https:\/\/www.europesays.com\/fr\/wp-json\/wp\/v2\/media?parent=244308"}],"wp:term":[{"taxonomy":"category","embeddable":true,"href":"https:\/\/www.europesays.com\/fr\/wp-json\/wp\/v2\/categories?post=244308"},{"taxonomy":"post_tag","embeddable":true,"href":"https:\/\/www.europesays.com\/fr\/wp-json\/wp\/v2\/tags?post=244308"}],"curies":[{"name":"wp","href":"https:\/\/api.w.org\/{rel}","templated":true}]}}