{"id":24431,"date":"2025-04-14T14:17:13","date_gmt":"2025-04-14T14:17:13","guid":{"rendered":"https:\/\/www.europesays.com\/fr\/24431\/"},"modified":"2025-04-14T14:17:13","modified_gmt":"2025-04-14T14:17:13","slug":"beaucoup-de-bonnes-choses-arrivent-sur-chatgpt-cette-semaine-voici-a-quoi-sattendre","status":"publish","type":"post","link":"https:\/\/www.europesays.com\/fr\/24431\/","title":{"rendered":"\u00ab Beaucoup de bonnes choses \u00bb arrivent sur ChatGPT cette semaine : voici \u00e0 quoi s&rsquo;attendre"},"content":{"rendered":"<p>Sam Altman a annonc\u00e9 de nouvelles fonctionnalit\u00e9s pour ChatGPT. Si le patron d\u2019OpenAI s\u2019est montr\u00e9 \u00e9nigmatique sur ces derni\u00e8res, de r\u00e9centes informations laissent entrevoir ce qu\u2019elles pourraient \u00eatre. <\/p>\n<p><a href=\"https:\/\/images.frandroid.com\/wp-content\/uploads\/2024\/01\/ilgmyzin-agfmimwypso-unsplash.jpg\" target=\"_blank\" class=\"article-content__figure\" rel=\"noopener\"><img fetchpriority=\"high\" decoding=\"async\" loading=\"eager\" width=\"1200\" height=\"675\" src=\"https:\/\/www.europesays.com\/fr\/wp-content\/uploads\/2025\/04\/ilgmyzin-agfmimwypso-unsplash-1200x675-1.jpg\" alt=\"\" class=\"wp-image-1920637 wp-image wp-image\"  \/><\/a>Le logo de ChatGPT \/\/ Source : <a target=\"_blank\" href=\"https:\/\/unsplash.com\/fr\/photos\/un-carre-vert-avec-un-noeud-blanc-dessus-agFmImWyPso\" rel=\"noopener\">ilgmyzin via Unsplash<\/a><\/p>\n<p>Apr\u00e8s avoir lanc\u00e9 son <a href=\"https:\/\/www.frandroid.com\/culture-tech\/intelligence-artificielle\/openai-chatgpt\/2565167_le-generateur-dimages-dopenai-sur-chatgpt-est-enfin-gratuit-pour-tous-vous-allez-pouvoir-tous-creer-des-images-ghibli\" target=\"_blank\" rel=\"noopener\">g\u00e9n\u00e9rateur d\u2019images au sein de ChatGPT et embras\u00e9 Internet<\/a>, il semblerait qu\u2019<strong>OpenAI ait encore des surprises en r\u00e9serves<\/strong>. C\u2019est sur <a href=\"https:\/\/x.com\/sama\/status\/1910334443690340845?ref_src=twsrc%5Etfw%7Ctwcamp%5Etweetembed%7Ctwterm%5E1910334443690340845%7Ctwgr%5E4d4dceaeb1b6109c3bcfeb6a08e09d9b40bf69b9%7Ctwcon%5Es1_&amp;ref_url=https%3A%2F%2Fwww.phonandroid.com%2Fchatgpt-va-devoiler-une-nouveaute-majeure-demain-son-patron-nen-a-pas-dormi-de-la-nuit.html\" target=\"_blank\">X (Twitter)<\/a> que Sam Altman a indiqu\u00e9 avoir \u00ab\u00a0beaucoup de bonnes choses \u00bb \u00e0 nous montrer pour la semaine \u00e0 venir. <\/p>\n<p>Si Altman est rest\u00e9 \u00e9nigmatique, le contexte actuel d\u2019OpenAI laisse entrevoir ce que pourraient \u00eatre ces nouveaut\u00e9s pour <a href=\"https:\/\/www.frandroid.com\/telecharger\/apps\/openai-chatgpt\" target=\"_blank\" rel=\"noopener\">ChatGPT<\/a>. On fait le point.<\/p>\n<p class=\"shortcode-container see-more\">\n    Pour aller plus loin<br \/><a href=\"https:\/\/www.frandroid.com\/culture-tech\/intelligence-artificielle\/openai-chatgpt\/2561803_votre-image-ghibli-sur-chatgpt-combien-denergie-et-deau-derriere\" target=\"_blank\" rel=\"noopener\">Votre image Ghibli sur ChatGPT : combien d\u2019\u00e9nergie et d\u2019eau derri\u00e8re ?<\/a>\n            <\/p>\n<p>Ce que l\u2019on peut attendre cette semaine<\/p>\n<p>            <img decoding=\"async\" width=\"1200\" height=\"446\" loading=\"lazy\" alt=\"pCloud Box\" title=\"pCloud Box\" class=\"is-radiusless placeholder-default wp-image\" src=\"https:\/\/www.europesays.com\/fr\/wp-content\/uploads\/2025\/04\/pcloud-box-2-1200x446.jpg\" \/>        <\/p>\n<p>\n                Des serveurs europ\u00e9ens, une offre valable \u00e0 vie            <\/p>\n<p class=\"has-text-weight-medium is-size-6 is-line-height-normal\">\n                D\u00e9couvrez les offres de pCloud : 2, 5 ou 10 To de stockage, situ\u00e9s dans des serveurs europ\u00e9en et sans abonnement, pour 5 personnes. Le gestionnaire de mots de passe est offert !            <\/p>\n<p>Parmi les hypoth\u00e8ses, l\u2019arriv\u00e9e d\u2019<strong>un nouveau mod\u00e8le de ChatGPT<\/strong> pourrait \u00eatre plausible. Si <a href=\"https:\/\/www.frandroid.com\/culture-tech\/2503745_openai-fait-le-plein-dannonces-gpt-4-5-arrive-et-gpt-5-remplacera-tous-les-modeles-existants\" target=\"_blank\" rel=\"noopener\">GPT-5 se fait encore attendre<\/a>, le lancement de GPT-4.5 laisse entrevoir la possibilit\u00e9 d\u2019un mod\u00e8le plus l\u00e9ger avec l\u2019arriv\u00e9e d\u2019un <strong>potentiel GPT-4.1<\/strong>. <\/p>\n<p>Selon des sources proches du dossier cit\u00e9es par <a href=\"https:\/\/www.theverge.com\/news\/646458\/openai-gpt-4-1-ai-model\" target=\"_blank\" rel=\"noopener\">The Verge<\/a>, ce mod\u00e8le serait une version revisit\u00e9e de GPT-4o, le mod\u00e8le multimodal d\u2019OpenAI permettant de traiter du texte, de l\u2019image, de l\u2019audio et de la vid\u00e9o en temps r\u00e9el.<\/p>\n<p class=\"shortcode-container see-more\">\n    Pour aller plus loin<br \/><a href=\"https:\/\/www.frandroid.com\/culture-tech\/intelligence-artificielle\/openai-chatgpt\/2085162_openai-lance-gpt-4o-mini-une-reponse-aux-modeles-legers-de-google-et-anthropic\" target=\"_blank\" rel=\"noopener\">OpenAI lance GPT-4o Mini :  une r\u00e9ponse aux mod\u00e8les l\u00e9gers de Google et Anthropic<\/a>\n            <\/p>\n<p>R\u00e9cemment, Altman s\u2019est \u00e9galement exprim\u00e9 sur sa volont\u00e9 de <a href=\"https:\/\/www.frandroid.com\/culture-tech\/intelligence-artificielle\/openai-chatgpt\/2565323_chatgpt-prepare-son-plus-grand-modele-ouvert-depuis-gpt-2-mais-quest-ce-que-cela-veut-dire\" target=\"_blank\" rel=\"noopener\">revoir la trajectoire emprunt\u00e9e par OpenAI en mati\u00e8re d\u2019open source<\/a>. Si les premiers r\u00e9sultats sont attendus dans les prochaines semaines, Altman pourrait bien esquisser les contours de ce nouveau mod\u00e8le open source qui serait une premi\u00e8re depuis GPT-2. <\/p>\n<p>De r\u00e9centes informations laissent \u00e9galement entendre qu\u2019OpenAI pourrait <a href=\"https:\/\/www.frandroid.com\/culture-tech\/intelligence-artificielle\/openai-chatgpt\/2572869_chatgpt-songerait-a-coller-des-watermarks-sur-certaines-des-images-generees-par-ia\" target=\"_blank\" rel=\"noopener\">coller des watermarks sur certaines de ses images g\u00e9n\u00e9r\u00e9es<\/a>. Face \u00e0 la d\u00e9ferlante d\u2019images g\u00e9n\u00e9r\u00e9es, cette fonctionnalit\u00e9 serait une \u00e9norme avanc\u00e9e pour lutter efficacement contre la d\u00e9sinformation.<\/p>\n<p class=\"shortcode-container see-more\">\n    Pour aller plus loin<br \/><a href=\"https:\/\/www.frandroid.com\/culture-tech\/2507949_lafp-degaine-un-outil-efficace-pour-lutter-contre-lia-et-la-desinformation\" target=\"_blank\" rel=\"noopener\">L\u2019AFP d\u00e9gaine un outil efficace pour lutter contre l\u2019IA et la d\u00e9sinformation<\/a>\n            <\/p>\n<p>Si tout cela reste encore au stade de l\u2019hypoth\u00e8se, l\u2019attente, elle, sera de courte dur\u00e9e. OpenAI pr\u00e9voyant de r\u00e9v\u00e9ler son calendrier de sorties cette semaine. <\/p>\n","protected":false},"excerpt":{"rendered":"Sam Altman a annonc\u00e9 de nouvelles fonctionnalit\u00e9s pour ChatGPT. Si le patron d\u2019OpenAI s\u2019est montr\u00e9 \u00e9nigmatique sur ces&hellip;\n","protected":false},"author":2,"featured_media":24432,"comment_status":"","ping_status":"","sticky":false,"template":"","format":"standard","meta":{"footnotes":""},"categories":[7],"tags":[1011,27,6168,43,40,41,39,42,44],"class_list":{"0":"post-24431","1":"post","2":"type-post","3":"status-publish","4":"format-standard","5":"has-post-thumbnail","7":"category-sciences-et-technologies","8":"tag-fr","9":"tag-france","10":"tag-sam-altman","11":"tag-science","12":"tag-science-and-technology","13":"tag-sciences","14":"tag-sciences-et-technologies","15":"tag-technologies","16":"tag-technology"},"share_on_mastodon":{"url":"https:\/\/pubeurope.com\/@fr\/114336749762331909","error":""},"_links":{"self":[{"href":"https:\/\/www.europesays.com\/fr\/wp-json\/wp\/v2\/posts\/24431","targetHints":{"allow":["GET"]}}],"collection":[{"href":"https:\/\/www.europesays.com\/fr\/wp-json\/wp\/v2\/posts"}],"about":[{"href":"https:\/\/www.europesays.com\/fr\/wp-json\/wp\/v2\/types\/post"}],"author":[{"embeddable":true,"href":"https:\/\/www.europesays.com\/fr\/wp-json\/wp\/v2\/users\/2"}],"replies":[{"embeddable":true,"href":"https:\/\/www.europesays.com\/fr\/wp-json\/wp\/v2\/comments?post=24431"}],"version-history":[{"count":0,"href":"https:\/\/www.europesays.com\/fr\/wp-json\/wp\/v2\/posts\/24431\/revisions"}],"wp:featuredmedia":[{"embeddable":true,"href":"https:\/\/www.europesays.com\/fr\/wp-json\/wp\/v2\/media\/24432"}],"wp:attachment":[{"href":"https:\/\/www.europesays.com\/fr\/wp-json\/wp\/v2\/media?parent=24431"}],"wp:term":[{"taxonomy":"category","embeddable":true,"href":"https:\/\/www.europesays.com\/fr\/wp-json\/wp\/v2\/categories?post=24431"},{"taxonomy":"post_tag","embeddable":true,"href":"https:\/\/www.europesays.com\/fr\/wp-json\/wp\/v2\/tags?post=24431"}],"curies":[{"name":"wp","href":"https:\/\/api.w.org\/{rel}","templated":true}]}}