{"id":244314,"date":"2025-07-12T06:46:14","date_gmt":"2025-07-12T06:46:14","guid":{"rendered":"https:\/\/www.europesays.com\/fr\/244314\/"},"modified":"2025-07-12T06:46:14","modified_gmt":"2025-07-12T06:46:14","slug":"en-mauvaise-posture-face-a-une-mere-de-famille-et-son-enfant-malade-anne-hidalgo-renverse-la-vapeur","status":"publish","type":"post","link":"https:\/\/www.europesays.com\/fr\/244314\/","title":{"rendered":"En mauvaise posture face \u00e0 une m\u00e8re de famille et son enfant malade, Anne Hidalgo renverse la vapeur"},"content":{"rendered":"<p>            Par<br \/>\n        <strong><br \/>\n            <a href=\"https:\/\/actu.fr\/auteur\/redaction-paris\" title=\"Consulter tous les articles de R\u00e9daction Paris\" target=\"_blank\" rel=\"noopener\">R\u00e9daction Paris<\/a><br \/>\n        <\/strong><\/p>\n<p>        Publi\u00e9 le<\/p>\n<p>            12 juil. 2025 \u00e0 7h46        <\/p>\n<p>Une femme sans domicile, de nationalit\u00e9 mauritanienne et m\u00e8re d\u2019un jeune enfant qui souffre d\u2019un s\u00e9v\u00e8re retard de croissance et de probl\u00e8mes digestifs, avait obtenu gain de cause \u00e0 deux reprises en l\u2019espace de neuf jours devant le juge des r\u00e9f\u00e9r\u00e9s du <a href=\"https:\/\/actu.fr\/tag\/tribunal-administratif-de-paris\" target=\"_blank\" rel=\"noopener\">tribunal administratif de Paris<\/a> face \u00e0 la <a href=\"https:\/\/actu.fr\/tag\/mairie-de-paris\" target=\"_blank\" rel=\"noopener\">mairie de Paris<\/a>.\u00a0 Elle et son enfant ont \u00e9t\u00e9 accueillis \u00e0 compter du 8 avril 2025 dans un centre de mise \u00e0 l\u2019abri am\u00e9nag\u00e9 au sein d\u2019une ancienne \u00e9cole maternelle situ\u00e9e 17 rue de Verneuil dans le 7e arrondissement de Paris. <br \/>\u00ab\u00a0Il ne r\u00e9sulte pas (\u2026) des \u00e9l\u00e9ments produits par la Ville de Paris (\u2026) que ce centre de mise \u00e0 l\u2019abri (\u2026) puisse \u00eatre regard\u00e9 comme constituant un h\u00e9bergement durable adapt\u00e9 \u00e0 la situation de Mme X.\u00a0 et de son enfant de moins de 2 ans\u00a0\u00bb, expliquait la magistrate dans une ordonnance rendue le 19 avril 2025. La ville de Paris avait alors \u00e9t\u00e9 condamn\u00e9e \u00e0 verser 1 000 euros \u00e0 l\u2019avocat de la m\u00e8re de famille, qui avait \u00e9t\u00e9 contraint de saisir la <a href=\"https:\/\/actu.fr\/tag\/justice\" target=\"_blank\" rel=\"noopener\">justice<\/a> alors qu\u2019une premi\u00e8re ordonnance dans le m\u00eame sens avait pourtant d\u00e9j\u00e0 \u00e9t\u00e9 rendue par la m\u00eame juridiction le 10 avril 2025.<\/p>\n<p>Un centre \u00ab\u00a0destin\u00e9 sp\u00e9cifiquement\u00a0\u00bb aux m\u00e8res isol\u00e9es<\/p>\n<p class=\" wall-content\">\u00ab\u00a0Malgr\u00e9 deux courriels (\u2026) afin de demander l\u2019ex\u00e9cution imm\u00e9diate de l\u2019ordonnance (\u2026) aucune r\u00e9ponse n\u2019a \u00e9t\u00e9 faite par la ville\u00a0\u00bb, d\u00e9plorait-il en effet. Sa cliente et son fils \u00e9taient ainsi toujours log\u00e9s dans un \u00ab\u00a0centre d\u2019h\u00e9bergement temporaire d\u00e9di\u00e9 \u00e0 l\u2019accueil d\u2019urgence de femmes et d\u2019enfants\u00a0\u00bb. En r\u00e9ponse, la ville de Paris avait pr\u00e9f\u00e9r\u00e9 saisir le Conseil d\u2019Etat.<\/p>\n<p class=\" wall-content\">Le centre de mise \u00e0 l\u2019abri du 7e arrondissement est \u00ab\u00a0destin\u00e9 sp\u00e9cifiquement \u00e0 la prise en charge des m\u00e8res isol\u00e9es avec leurs enfants de moins de 3 ans qui ont besoin d\u2019un soutien mat\u00e9riel et psychologique\u00a0\u00bb, lui donne raison le juge des r\u00e9f\u00e9r\u00e9s du Conseil d\u2019Etat dans une ordonnance en date du 19 mai 2025 qui vient d\u2019\u00eatre rendue publique.<\/p>\n<p class=\" wall-content\">\u00ab\u00a0Il ne r\u00e9sulte pas de l\u2019instruction que les conditions de l\u2019h\u00e9bergement qui lui avait \u00e9t\u00e9 propos\u00e9 de fa\u00e7on transitoire au centre (\u2026) de la rue de Verneuil n\u2019\u00e9taient pas adapt\u00e9es \u00e0 sa situation et au d\u00e9veloppement de son enfant\u00a0\u00bb, consid\u00e8re le magistrat. \u00ab\u00a0Aucune carence de la Ville de Paris dans l\u2019exercice de ses missions ne peut \u00eatre relev\u00e9e en l\u2019esp\u00e8ce.\u00a0\u00bb<\/p>\n<p class=\" wall-content\">\u00ab\u00a0En tout \u00e9tat de cause, Mme X.\u00a0 est d\u00e9sormais h\u00e9berg\u00e9e dans une chambre d\u2019h\u00f4tel g\u00e9r\u00e9e par le SAMU social, dont il ne ressort nullement (\u2026) qu\u2019elles constitueraient des conditions d\u2019h\u00e9bergement indignes\u00a0\u00bb, conclut le juge des r\u00e9f\u00e9r\u00e9s du Conseil d\u2019Etat. La seconde ordonnance de la juge des r\u00e9f\u00e9r\u00e9s du tribunal administratif de Paris a donc \u00e9t\u00e9 annul\u00e9e et il a \u00e9t\u00e9 \u00ab\u00a0mis fin \u00e0 l\u2019injonction\u00a0\u00bb qui avait \u00e9t\u00e9 faite \u00e0 la maire (PS) de Paris Anne Hidalgo de trouver un logement \u00ab\u00a0conforme\u00a0\u00bb \u00e0 cette m\u00e8re de famille mauritanienne.<\/p>\n<p>Vid\u00e9os : en ce moment sur Actu<\/p>\n<p class=\" wall-content\"><strong>IP-PressPepper<\/strong><\/p>\n<p class=\" wall-content\">Suivez toute l\u2019actualit\u00e9 de vos villes et m\u00e9dias favoris en vous inscrivant \u00e0 <a href=\"https:\/\/moncompte.actu.fr\" title=\"D\u00e9couvez Mon Actu\" rel=\"nofollow noopener\" data-trk=\"{&quot;cta&quot;:{&quot;action&quot;:&quot;https:\\\/\\\/moncompte.actu.fr&quot;,&quot;category&quot;:&quot;mon compte&quot;,&quot;from&quot;:&quot;article footer&quot;,&quot;name&quot;:&quot;Mon actu&quot;,&quot;type&quot;:&quot;cta&quot;}}\" target=\"_blank\">Mon Actu<\/a>.<\/p>\n","protected":false},"excerpt":{"rendered":"Par R\u00e9daction Paris Publi\u00e9 le 12 juil. 2025 \u00e0 7h46 Une femme sans domicile, de nationalit\u00e9 mauritanienne et&hellip;\n","protected":false},"author":2,"featured_media":244315,"comment_status":"","ping_status":"","sticky":false,"template":"","format":"standard","meta":{"footnotes":""},"categories":[1888],"tags":[11,1777,674,1011,27,6459,2381,12,626,25,104,22321],"class_list":{"0":"post-244314","1":"post","2":"type-post","3":"status-publish","4":"format-standard","5":"has-post-thumbnail","7":"category-paris","8":"tag-actualites","9":"tag-eu","10":"tag-europe","11":"tag-fr","12":"tag-france","13":"tag-logements-sociaux","14":"tag-mairie-de-paris","15":"tag-news","16":"tag-paris","17":"tag-republique-francaise","18":"tag-societe","19":"tag-tribunal-administratif-de-paris"},"share_on_mastodon":{"url":"https:\/\/pubeurope.com\/@fr\/114838921737911137","error":""},"_links":{"self":[{"href":"https:\/\/www.europesays.com\/fr\/wp-json\/wp\/v2\/posts\/244314","targetHints":{"allow":["GET"]}}],"collection":[{"href":"https:\/\/www.europesays.com\/fr\/wp-json\/wp\/v2\/posts"}],"about":[{"href":"https:\/\/www.europesays.com\/fr\/wp-json\/wp\/v2\/types\/post"}],"author":[{"embeddable":true,"href":"https:\/\/www.europesays.com\/fr\/wp-json\/wp\/v2\/users\/2"}],"replies":[{"embeddable":true,"href":"https:\/\/www.europesays.com\/fr\/wp-json\/wp\/v2\/comments?post=244314"}],"version-history":[{"count":0,"href":"https:\/\/www.europesays.com\/fr\/wp-json\/wp\/v2\/posts\/244314\/revisions"}],"wp:featuredmedia":[{"embeddable":true,"href":"https:\/\/www.europesays.com\/fr\/wp-json\/wp\/v2\/media\/244315"}],"wp:attachment":[{"href":"https:\/\/www.europesays.com\/fr\/wp-json\/wp\/v2\/media?parent=244314"}],"wp:term":[{"taxonomy":"category","embeddable":true,"href":"https:\/\/www.europesays.com\/fr\/wp-json\/wp\/v2\/categories?post=244314"},{"taxonomy":"post_tag","embeddable":true,"href":"https:\/\/www.europesays.com\/fr\/wp-json\/wp\/v2\/tags?post=244314"}],"curies":[{"name":"wp","href":"https:\/\/api.w.org\/{rel}","templated":true}]}}