{"id":244316,"date":"2025-07-12T06:47:10","date_gmt":"2025-07-12T06:47:10","guid":{"rendered":"https:\/\/www.europesays.com\/fr\/244316\/"},"modified":"2025-07-12T06:47:10","modified_gmt":"2025-07-12T06:47:10","slug":"loccident-et-la-russie-saluent-le-dernier-sommet-armeno-azeri","status":"publish","type":"post","link":"https:\/\/www.europesays.com\/fr\/244316\/","title":{"rendered":"L&rsquo;Occident et la Russie saluent le dernier sommet arm\u00e9no-az\u00e9ri"},"content":{"rendered":"<p>Les \u00c9tats-Unis, l\u2019Union europ\u00e9enne et la Russie ont salu\u00e9 les nouvelles discussions en face \u00e0 face qui ont eu lieu jeudi \u00e0 Abu Dhabi entre le Premier ministre arm\u00e9nien Nikol Pachinian et le pr\u00e9sident azerba\u00efdjanais Ilham Aliyev.<br \/>La Russie et l\u2019UE ont \u00e9galement renouvel\u00e9 leur appel en faveur de la signature rapide d\u2019un trait\u00e9 de paix arm\u00e9no-az\u00e9ri finalis\u00e9 en mars.<br \/>\u00ab Nous encourageons les deux parties \u00e0 proc\u00e9der \u00e0 la signature et \u00e0 la ratification du projet d\u2019accord de paix d\u00e8s que possible \u00bb, a d\u00e9clar\u00e9 vendredi Anitta Hipper, porte-parole de la politique \u00e9trang\u00e8re de l\u2019UE, \u00e0 l\u2019agence de presse Armenpress. \u00ab L\u2019UE se tient pr\u00eate \u00e0 fournir un soutien et une expertise suppl\u00e9mentaires, si les parties le demandent. \u00bb<br \/>Le porte-parole du Kremlin, Dmitri Peskov, a fait des commentaires similaires lors de la r\u00e9union entre Aliyev et Pashinian, qui a dur\u00e9 environ cinq heures.<br \/>\u00ab Nous nous r\u00e9jouissons bien s\u00fbr de ce dialogue direct et avons r\u00e9p\u00e9t\u00e9 \u00e0 plusieurs reprises, \u00e0 diff\u00e9rents niveaux, que nous serions favorables \u00e0 la signature d\u2019un accord de paix d\u00e8s que possible \u00bb, a d\u00e9clar\u00e9 M. Peskov aux journalistes.<br \/>Le secr\u00e9taire d\u2019\u00c9tat am\u00e9ricain Marco Rubio a exprim\u00e9 cette semaine son espoir qu\u2019un accord de paix entre l\u2019Arm\u00e9nie et l\u2019Azerba\u00efdjan soit conclu \u00ab tr\u00e8s bient\u00f4t \u00bb.<br \/>La porte-parole du d\u00e9partement d\u2019\u00c9tat am\u00e9ricain, Tammy Bruce, n\u2019a pas voulu dire jeudi si l\u2019optimisme de M. Rubio \u00e9tait li\u00e9 aux prochains pourparlers d\u2019Abou Dhabi. \u00ab Je pense que l\u2019approche de l\u2019administration Trump et du secr\u00e9taire Rubio parle d\u2019elle-m\u00eame, et ses remarques lors de la r\u00e9union du cabinet indiquent que cette administration \u0153uvre pour la paix \u00bb, a d\u00e9clar\u00e9 Mme Bruce lors d\u2019un point presse \u00e0 Washington. \u00ab Ils feront ce qu\u2019il faut et iront o\u00f9 ils doivent aller.<br \/>Cela n\u2019a pas faibli. C\u2019est parce que le c\u0153ur de l\u2019engagement \u00e0 rendre l\u2019Am\u00e9rique grande \u00e0 nouveau est d\u2019am\u00e9liorer, bien s\u00fbr, la situation du monde qui nous entoure. \u00bb<br \/>Dans leurs communiqu\u00e9s pratiquement identiques sur le sommet d\u2019Abou Dhabi, Bakou et Erevan n\u2019ont pas pr\u00e9cis\u00e9 si les deux parties s\u2019\u00e9taient rapproch\u00e9es de la signature du trait\u00e9 de paix. La partie azerba\u00efdjanaise conditionne depuis des mois cet accord \u00e0 une modification de la constitution arm\u00e9nienne.<br \/>Dans des commentaires s\u00e9par\u00e9s adress\u00e9s au service arm\u00e9nien de RFE\/RL, la porte-parole du minist\u00e8re arm\u00e9nien des Affaires \u00e9trang\u00e8res, Ani Badalian, a qualifi\u00e9 le sommet de \u00ab fructueux \u00bb et a d\u00e9clar\u00e9 qu\u2019il \u00ab pouvait servir de base s\u00e9rieuse pour la poursuite du processus de paix \u00bb. Mais elle n\u2019a pas donn\u00e9 plus de d\u00e9tails.<br \/>Selon les m\u00e9dias d\u2019\u00c9tat azerba\u00efdjanais, Aliyev et Pashinian ont notamment discut\u00e9 de la possibilit\u00e9 de \u00ab parapher \u00bb le projet de trait\u00e9 de paix. Badalian a sembl\u00e9 laisser entendre qu\u2019aucun accord concret n\u2019avait \u00e9t\u00e9 conclu \u00e0 cet \u00e9gard.<\/p>\n","protected":false},"excerpt":{"rendered":"Les \u00c9tats-Unis, l\u2019Union europ\u00e9enne et la Russie ont salu\u00e9 les nouvelles discussions en face \u00e0 face qui ont&hellip;\n","protected":false},"author":2,"featured_media":244317,"comment_status":"","ping_status":"","sticky":false,"template":"","format":"standard","meta":{"footnotes":""},"categories":[1591],"tags":[38404,4865,11,1887,12,1885,1886,132],"class_list":{"0":"post-244316","1":"post","2":"type-post","3":"status-publish","4":"format-standard","5":"has-post-thumbnail","7":"category-russie","8":"tag-01-la-une","9":"tag-06-une-de-rubrique","10":"tag-actualites","11":"tag-federation-de-russie","12":"tag-news","13":"tag-russia","14":"tag-russian-federation","15":"tag-russie"},"share_on_mastodon":{"url":"https:\/\/pubeurope.com\/@fr\/114838925723907010","error":""},"_links":{"self":[{"href":"https:\/\/www.europesays.com\/fr\/wp-json\/wp\/v2\/posts\/244316","targetHints":{"allow":["GET"]}}],"collection":[{"href":"https:\/\/www.europesays.com\/fr\/wp-json\/wp\/v2\/posts"}],"about":[{"href":"https:\/\/www.europesays.com\/fr\/wp-json\/wp\/v2\/types\/post"}],"author":[{"embeddable":true,"href":"https:\/\/www.europesays.com\/fr\/wp-json\/wp\/v2\/users\/2"}],"replies":[{"embeddable":true,"href":"https:\/\/www.europesays.com\/fr\/wp-json\/wp\/v2\/comments?post=244316"}],"version-history":[{"count":0,"href":"https:\/\/www.europesays.com\/fr\/wp-json\/wp\/v2\/posts\/244316\/revisions"}],"wp:featuredmedia":[{"embeddable":true,"href":"https:\/\/www.europesays.com\/fr\/wp-json\/wp\/v2\/media\/244317"}],"wp:attachment":[{"href":"https:\/\/www.europesays.com\/fr\/wp-json\/wp\/v2\/media?parent=244316"}],"wp:term":[{"taxonomy":"category","embeddable":true,"href":"https:\/\/www.europesays.com\/fr\/wp-json\/wp\/v2\/categories?post=244316"},{"taxonomy":"post_tag","embeddable":true,"href":"https:\/\/www.europesays.com\/fr\/wp-json\/wp\/v2\/tags?post=244316"}],"curies":[{"name":"wp","href":"https:\/\/api.w.org\/{rel}","templated":true}]}}