{"id":244322,"date":"2025-07-12T06:50:20","date_gmt":"2025-07-12T06:50:20","guid":{"rendered":"https:\/\/www.europesays.com\/fr\/244322\/"},"modified":"2025-07-12T06:50:20","modified_gmt":"2025-07-12T06:50:20","slug":"accord-migratoire-entre-la-france-et-le-royaume-uni-un-projet-qui-fait-deja-polemique","status":"publish","type":"post","link":"https:\/\/www.europesays.com\/fr\/244322\/","title":{"rendered":"Accord migratoire entre la France et le Royaume-Uni : un projet qui fait d\u00e9j\u00e0 pol\u00e9mique"},"content":{"rendered":"<ul class=\"jsx-862013697 ArticleChapo__List\">\n<li class=\"jsx-862013697 ArticleChapo__List_Item flex\">Le Premier ministre britannique Keir Starmer et le pr\u00e9sident fran\u00e7ais Emmanuel Macron ont annonc\u00e9, jeudi 10 juillet, qu&rsquo;un accord migratoire entre les deux pays devrait entrer en vigueur dans \u00ab\u00a0les prochaines semaines\u00a0\u00bb.<\/li>\n<li class=\"jsx-862013697 ArticleChapo__List_Item flex\">Ce texte, qui doit encore \u00eatre examin\u00e9 par la Commission europ\u00e9enne, a suscit\u00e9 de vives pol\u00e9miques en France, notamment chez les LR et au sein du monde associatif.<\/li>\n<\/ul>\n<p data-module=\"article-paragraph\" class=\"jsx-3046738180 Paragraph\">C&rsquo;est un accord qui est loin de faire consensus. Jeudi 10 juillet, le Premier ministre <a href=\"https:\/\/www.tf1info.fr\/international\/keir-starmer-nouveau-premier-ministre-britannique-quel-est-son-rapport-avec-l-europe-et-avec-la-france-2307252.html\" target=\"_blank\" rel=\"noopener\">Keir Starmer (nouvelle fen\u00eatre)<\/a> et le pr\u00e9sident fran\u00e7ais Emmanuel Macron ont annonc\u00e9, lors d&rsquo;une conf\u00e9rence de presse, un accord sur un \u00ab\u00a0projet pilote\u00a0\u00bb pour un \u00e9change de migrants avec la France, qui devrait rentrer en vigueur dans \u00ab\u00a0les prochaines semaines\u00a0\u00bb, apr\u00e8s examen par la Commission europ\u00e9enne.\u00a0<\/p>\n<p data-module=\"article-paragraph\" class=\"jsx-3046738180 Paragraph Paragraph__End\">L&rsquo;accord repose sur le principe de \u00ab\u00a0un pour un\u00a0\u00bb et pr\u00e9voit que pour chaque renvoi en France d&rsquo;un migrant arriv\u00e9 au Royaume-Uni clandestinement, Londres s&rsquo;engage \u00e0 accepter un migrant se trouvant en France et exprimant sa volont\u00e9, via une plateforme en ligne, de s&rsquo;installer au Royaume-Uni et justifiant de liens avec ce pays. Cet accord, qualifi\u00e9 de \u00ab\u00a0r\u00e9volutionnaire\u00a0\u00bb par Starmer, fait pourtant pol\u00e9mique en France, entre critique de la droite et lev\u00e9e de boucliers des associations.<\/p>\n<p>Un \u00ab\u00a0mauvais accord pour la France\u00a0\u00bb, d\u00e9nonce Xavier Bertrand<\/p>\n<p data-module=\"article-paragraph\" class=\"jsx-3046738180 Paragraph\">L&rsquo;accord a \u00e9t\u00e9 mal accueilli par une partie de la classe politique fran\u00e7aise. Invit\u00e9 sur <a href=\"https:\/\/www.bfmtv.com\/politique\/les-republicains\/echange-de-migrants-xavier-bertrand-denonce-un-mauvais-accord-entre-la-france-et-le-royaume-uni_AN-202507110203.html\" target=\"_blank\" rel=\"nofollow noopener\">BFMTV-RMC (nouvelle fen\u00eatre)<\/a> ce vendredi 11 juillet, <a href=\"https:\/\/www.tf1info.fr\/politique\/presidentielle-2027-xavier-bertrand-a-bien-l-intention-d-etre-candidat-2284981.html\" target=\"_blank\" rel=\"noopener\">Xavier Bertrand (nouvelle fen\u00eatre)<\/a>, pr\u00e9sident LR des Hauts-de-France, a exprim\u00e9 son opposition. \u00ab\u00a0Tel qu&rsquo;il est aujourd&rsquo;hui, tel qu&rsquo;il est pr\u00e9sent\u00e9, cet accord est mauvais pour la France\u00a0\u00bb, d\u00e9nonce-t-il. Selon lui, le Royaume-Uni b\u00e9n\u00e9ficiera de \u00ab\u00a0l&rsquo;immigration choisie\u00a0\u00bb tandis que la France endurera une \u00ab\u00a0immigration subie\u00a0\u00bb. \u00ab\u00a0Avec Natacha Bouchart [maire LR de Calais], et avec les maires du littoral, nous comptons \u00e9crire \u00e0 Bruno Retailleau (le ministre de l&rsquo;Int\u00e9rieur, NDLR) pour lui dire tr\u00e8s clairement que ce n&rsquo;est pas possible\u00a0\u00bb, a-t-il pr\u00e9venu.\u00a0<\/p>\n<p data-module=\"article-paragraph\" class=\"jsx-3046738180 Paragraph Paragraph__End\">Natacha Bouchart, justement, s&rsquo;est insurg\u00e9e sur <a href=\"https:\/\/www.franceinfo.fr\/france\/hauts-de-france\/migrants-a-calais\/accord-franco-britannique-sur-l-immigration-la-maire-de-calais-se-dit-tres-en-colere-et-denonce-une-absence-de-consideration-pour-les-habitants-du-littoral_7369606.html\" target=\"_blank\" rel=\"nofollow noopener\">Franceinfo (nouvelle fen\u00eatre)<\/a> jeudi soir d&rsquo;un \u00ab\u00a0m\u00e9pris national\u00a0\u00bb. \u00ab\u00a0On va se retrouver dans un \u00e9tau, car on a aujourd\u2019hui du mal \u00e0 g\u00e9rer la probl\u00e9matique du passage, des arriv\u00e9es, et maintenant, on va devoir g\u00e9rer les migrants que le gouvernement britannique aura choisi de renvoyer en France. Et quand on dit en France, ce n&rsquo;est pas \u00e0 Paris, \u00e0 Marseille ou au Touquet, \u00e7a va \u00eatre sur Calais, sur Grande-Synthe\u00a0\u00bb, a poursuivi cette derni\u00e8re.\u00a0<\/p>\n<p><a href=\"https:\/\/www.tf1info.fr\/international\/deuxieme-nuit-d-emeutes-en-irlande-du-nord-que-se-passe-t-il-a-ballymena-2376428.html\" rel=\"noopener\" class=\"jsx-3308031228 Link flex\" target=\"_blank\"><img decoding=\"async\" src=\"https:\/\/www.europesays.com\/fr\/wp-content\/uploads\/2025\/07\/emeutes-en-irlande-du-nord-c85bee-0@1x.jpeg\" alt=\"Un v\u00e9hicule incendi\u00e9 lors d'une manifestation anti-immigration \u00e0 Ballymena, en Irlande du Nord, le 10 juin 2025.\" loading=\"lazy\" importance=\"low\" fetchpriority=\"low\" class=\"\" aria-hidden=\"true\"\/><\/p>\n<p class=\"jsx-3657663356 ReadMoreArticle__Title\">Lire aussi<\/p>\n<p class=\"jsx-3657663356\">Emeutes anti-immigration en Irlande du Nord : que se passe-t-il \u00e0 Ballymena ?<\/p>\n<p><\/a><\/p>\n<p data-module=\"article-paragraph\" class=\"jsx-3046738180 Paragraph\">Le monde associatif s&rsquo;oppose \u00e9galement au projet. L&rsquo;ONG M\u00e9decins sans fronti\u00e8res a jug\u00e9 que ce projet n&rsquo;\u00e9tait \u00ab\u00a0pas seulement absurde\u00a0\u00bb, mais \u00ab\u00a0aussi extr\u00eamement dangereux\u00a0\u00bb.<\/p>\n<p data-module=\"article-paragraph\" class=\"jsx-3046738180 Paragraph Paragraph__End\">L\u2019ONG Care4Calais, cit\u00e9e par <a href=\"https:\/\/www.liberation.fr\/societe\/immigration\/londres-et-paris-annoncent-un-accord-pour-un-echange-de-migrants-20250710_X5KKBJCIEFB3XJPKQHMTCBMAZE\/\" target=\"_blank\" rel=\"nofollow noopener\">Lib\u00e9ration (nouvelle fen\u00eatre)<\/a>, a quant \u00e0 elle d\u00e9nonc\u00e9 \u00ab\u00a0un accord sordide\u00a0\u00bb qui s\u2019accompagne \u00ab\u00a0d\u2019un \u00e9change de vies humaines. Un accord qui sera probablement co\u00fbteux, qui rendra la vie plus difficile aux personnes en qu\u00eate de s\u00e9curit\u00e9 au Royaume-Uni, mais qui ne s\u2019attaquera pas \u00e0 la cause profonde des travers\u00e9es : le manque d\u2019itin\u00e9raires s\u00fbrs\u00a0\u00bb.<\/p>\n<p data-module=\"article-paragraph\" class=\"jsx-3046738180 Paragraph Paragraph__End\">Au Royaume-Uni, l&rsquo;annonce a aussi suscit\u00e9 des critiques. Sur le r\u00e9seau social X, Nigel Farage, fondateur du Parti eurosceptique et anti-immigration UKIP, a d\u00e9nonc\u00e9 une \u00ab\u00a0humiliation\u00a0\u00bb. \u00ab\u00a0Nous avons agi comme un membre de l&rsquo;Union europ\u00e9enne et nous sommes inclin\u00e9s devant un pr\u00e9sident fran\u00e7ais arrogant\u00a0\u00bb, a \u00e9crit ce dernier.<\/p>\n<blockquote data-testid=\"EmbedTwitter\" id=\"tweet-1943343013364900128-:R4o6ij9n79m:\" class=\"jsx-aeff1a1c40f54d7a twitter-tweet flex justify-center items-center\"><p>This agreement is a humiliation for Brexit Britain. We have acted today as an EU member and bowed down to an arrogant French President. \u2014 Nigel Farage MP (@Nigel_Farage)  July 10, 2025<\/p><\/blockquote>\n<p data-module=\"article-paragraph\" class=\"jsx-3046738180 Paragraph Paragraph__End\">Pour rappel, plus de 21.000 migrants ont travers\u00e9 la Manche depuis le d\u00e9but de l&rsquo;ann\u00e9e, un niveau record.<\/p>\n<p>Athenais CORNETTE DE SAINT CYR<\/p>\n","protected":false},"excerpt":{"rendered":"Le Premier ministre britannique Keir Starmer et le pr\u00e9sident fran\u00e7ais Emmanuel Macron ont annonc\u00e9, jeudi 10 juillet, qu&rsquo;un&hellip;\n","protected":false},"author":2,"featured_media":244323,"comment_status":"","ping_status":"","sticky":false,"template":"","format":"standard","meta":{"footnotes":""},"categories":[1588],"tags":[1111,11,1921,1013,1073,1777,674,1061,1922,2581,6477,12,473,1853,1851,1850,1852,133,1920],"class_list":{"0":"post-244322","1":"post","2":"type-post","3":"status-publish","4":"format-standard","5":"has-post-thumbnail","7":"category-royaume-uni","8":"tag-actu","9":"tag-actualites","10":"tag-article-video","11":"tag-bruno-retailleau","12":"tag-emmanuel-macron","13":"tag-eu","14":"tag-europe","15":"tag-immigration","16":"tag-info","17":"tag-keir-starmer","18":"tag-kylian-mbappe","19":"tag-news","20":"tag-royaume-uni","21":"tag-royaume-uni-de-grande-bretagne-et-dirlande-du-nord","22":"tag-uk","23":"tag-united-kingdom","24":"tag-united-kingdom-of-great-britain-and-northern-ireland","25":"tag-video","26":"tag-video-international"},"share_on_mastodon":{"url":"https:\/\/pubeurope.com\/@fr\/114838937789326962","error":""},"_links":{"self":[{"href":"https:\/\/www.europesays.com\/fr\/wp-json\/wp\/v2\/posts\/244322","targetHints":{"allow":["GET"]}}],"collection":[{"href":"https:\/\/www.europesays.com\/fr\/wp-json\/wp\/v2\/posts"}],"about":[{"href":"https:\/\/www.europesays.com\/fr\/wp-json\/wp\/v2\/types\/post"}],"author":[{"embeddable":true,"href":"https:\/\/www.europesays.com\/fr\/wp-json\/wp\/v2\/users\/2"}],"replies":[{"embeddable":true,"href":"https:\/\/www.europesays.com\/fr\/wp-json\/wp\/v2\/comments?post=244322"}],"version-history":[{"count":0,"href":"https:\/\/www.europesays.com\/fr\/wp-json\/wp\/v2\/posts\/244322\/revisions"}],"wp:featuredmedia":[{"embeddable":true,"href":"https:\/\/www.europesays.com\/fr\/wp-json\/wp\/v2\/media\/244323"}],"wp:attachment":[{"href":"https:\/\/www.europesays.com\/fr\/wp-json\/wp\/v2\/media?parent=244322"}],"wp:term":[{"taxonomy":"category","embeddable":true,"href":"https:\/\/www.europesays.com\/fr\/wp-json\/wp\/v2\/categories?post=244322"},{"taxonomy":"post_tag","embeddable":true,"href":"https:\/\/www.europesays.com\/fr\/wp-json\/wp\/v2\/tags?post=244322"}],"curies":[{"name":"wp","href":"https:\/\/api.w.org\/{rel}","templated":true}]}}