{"id":244324,"date":"2025-07-12T06:51:20","date_gmt":"2025-07-12T06:51:20","guid":{"rendered":"https:\/\/www.europesays.com\/fr\/244324\/"},"modified":"2025-07-12T06:51:20","modified_gmt":"2025-07-12T06:51:20","slug":"aujourdhui-cest-notre-partenaire-mais-le-depute-lfi-eric-coquerel-inquiet-de-voir-lallemagne-se-rearmer","status":"publish","type":"post","link":"https:\/\/www.europesays.com\/fr\/244324\/","title":{"rendered":"\u00ab\u00a0Aujourd\u2019hui, c\u2019est notre partenaire mais\u2026\u00a0\u00bb Le d\u00e9put\u00e9 LFI \u00c9ric Coquerel inquiet de voir l\u2019Allemagne se r\u00e9armer"},"content":{"rendered":"<p>Bient\u00f4t le retour de la <a href=\"https:\/\/www.20minutes.fr\/faits_divers\/2163843-20171106-moselle-sites-ouverts-public-ligne-maginot-font-piller\" class=\"color-ultramarine c-link\" target=\"_blank\" rel=\"noopener\">ligne Maginot<\/a>\u00a0? Ce mardi, le pr\u00e9sident de la commission des Finances de l\u2019<a href=\"https:\/\/www.20minutes.fr\/dossier\/assemblee_nationale\" class=\"color-ultramarine c-link\" target=\"_blank\" rel=\"noopener\">Assembl\u00e9e nationale<\/a>, <a href=\"https:\/\/www.20minutes.fr\/politique\/eric-coquerel\/\" class=\"color-ultramarine c-link\" target=\"_blank\" rel=\"noopener\">\u00c9ric Coquerel<\/a> (LFI), s\u2019est montr\u00e9 inquiet de la d\u00e9cision de l\u2019<a href=\"https:\/\/www.20minutes.fr\/dossier\/allemagne\" class=\"color-ultramarine c-link\" target=\"_blank\" rel=\"noopener\">Allemagne<\/a> de former \u00ab\u00a0l\u2019arm\u00e9e conventionnelle la plus puissante d\u2019Europe\u00a0\u00bb.<\/p>\n<p>\u00ab\u00a0\u00c7a ne me rassure pas forc\u00e9ment quand le chancelier allemand (Friedrich Merz) explique qu\u2019il veut l\u2019arm\u00e9e conventionnelle la plus forte en Europe\u00a0\u00bb, a dit le d\u00e9put\u00e9 sur RMC-BFMTV, regrettant que les efforts militaires r\u00e9alis\u00e9s outre-Rhin ne soient pas \u00ab\u00a0pour avoir une arm\u00e9e minimum capable de se d\u00e9fendre\u00a0\u00bb.<\/p>\n<p>\u00ab\u00a0Les vieilles blessures de l\u2019histoire\u00a0\u00bb<\/p>\n<p>L\u2019Allemagne, longtemps marqu\u00e9e par un pacifisme profond et un sous-investissement militaire, op\u00e8re un tournant strat\u00e9gique majeur, en pr\u00e9voyant que <a href=\"https:\/\/www.20minutes.fr\/monde\/etats-unis\/4143445-20250314-groenland-trump-reparle-annexion-otan-embarrasse-groenlandais-inquietent\" class=\"color-ultramarine c-link\" target=\"_blank\" rel=\"noopener\">ses d\u00e9penses militaires atteignent 3,5\u00a0% du PIB<\/a> en\u00a02029 contre 2,4\u00a0% en\u00a02025.<\/p>\n<\/p>\n<p>\u00c9voquant \u00ab\u00a0les vieilles blessures de l\u2019Histoire\u00a0\u00bb et des \u00ab\u00a0conflits importants\u00a0\u00bb, \u00c9ric Coquerel a regrett\u00e9 que ce choix strat\u00e9gique s\u2019op\u00e8re \u00ab\u00a0en plus dans un contexte de guerre commerciale comme on conna\u00eet\u00a0\u00bb.<\/p>\n<p>\u00ab\u00a0Aujourd\u2019hui, c\u2019est notre partenaire [\u2026] mais nous n\u2019avons pas forc\u00e9ment les m\u00eames int\u00e9r\u00eats \u00e9conomiques\u00a0\u00bb, a-t-il relev\u00e9, jugeant les Allemands \u00ab\u00a0plut\u00f4t enclins \u00e0 trouver un accord avec <a href=\"https:\/\/www.20minutes.fr\/dossier\/donald_trump\" class=\"color-ultramarine c-link\" target=\"_blank\" rel=\"noopener\">Donald Trump<\/a> parce qu\u2019ils vivent quelque part des exportations vers les <a href=\"https:\/\/www.20minutes.fr\/monde\/etats-unis\/\" class=\"color-ultramarine c-link\" target=\"_blank\" rel=\"noopener\">\u00c9tats-Unis<\/a>\u00a0\u00bb.<\/p>\n<p>La plus urgente des menaces est \u00ab\u00a0\u00e9cologique\u00a0\u00bb<\/p>\n<p>Au-del\u00e0, le responsable insoumis a d\u00e9velopp\u00e9 une critique de l\u2019\u00e9conomie de guerre, rappelant que \u00ab\u00a0quand on produit des armes, \u00e0 un moment donn\u00e9, il faut s\u2019en servir\u00a0\u00bb. \u00ab\u00a0C\u2019est \u00e7a le propre du capitalisme, il faut des d\u00e9bouch\u00e9s par rapport \u00e0 ce que vous produisez\u00a0\u00bb, a-t-il argument\u00e9, critiquant plus g\u00e9n\u00e9ralement l\u2019augmentation du budget de la d\u00e9fense.<\/p>\n<p><a href=\"https:\/\/www.20minutes.fr\/politique\/\" class=\"c-link c-btn c-btn--primary\" target=\"_blank\" rel=\"noopener\">Retrouvez ici toute l&rsquo;actualit\u00e9 politique<\/a><\/p>\n<p>\u00ab\u00a0La menace aujourd\u2019hui la plus urgente, celle qui quasiment nous impacte tous les jours, c\u2019est la menace \u00e9cologique, c\u2019est la menace environnementale, c\u2019est le d\u00e9r\u00e8glement climatique\u00a0\u00bb, a-t-il insist\u00e9.<\/p>\n<p>Face \u00e0 la menace russe et \u00e0 l\u2019incertitude croissante sur la protection am\u00e9ricaine, le chancelier <a href=\"https:\/\/www.20minutes.fr\/politique\/friedrich-merz\/\" class=\"color-ultramarine c-link\" target=\"_blank\" rel=\"noopener\">Friedrich Merz<\/a> s\u2019est engag\u00e9 en mai \u00e0 faire de l\u2019Allemagne \u00ab\u00a0l\u2019arm\u00e9e conventionnelle la plus puissante d\u2019Europe\u00a0\u00bb.<\/p>\n","protected":false},"excerpt":{"rendered":"Bient\u00f4t le retour de la ligne Maginot\u00a0? Ce mardi, le pr\u00e9sident de la commission des Finances de l\u2019Assembl\u00e9e&hellip;\n","protected":false},"author":2,"featured_media":244325,"comment_status":"","ping_status":"","sticky":false,"template":"","format":"standard","meta":{"footnotes":""},"categories":[1587],"tags":[47,11,672,1813,1804,1805,1803,75,51,1025,73,1777,674,4710,1801,131,12,316,5140,1802,132],"class_list":{"0":"post-244324","1":"post","2":"type-post","3":"status-publish","4":"format-standard","5":"has-post-thumbnail","7":"category-allemagne","8":"tag-actualite","9":"tag-actualites","10":"tag-allemagne","11":"tag-armee","12":"tag-bundesrepublik-deutschland","13":"tag-de","14":"tag-deutschland","15":"tag-donald-trump","16":"tag-ecologie","17":"tag-eric-coquerel","18":"tag-etats-unis","19":"tag-eu","20":"tag-europe","21":"tag-friedrich-merz","22":"tag-germany","23":"tag-guerre-en-ukraine","24":"tag-news","25":"tag-politique","26":"tag-rechauffement-climatique","27":"tag-republique-federale-dallemagne","28":"tag-russie"},"share_on_mastodon":{"url":"https:\/\/pubeurope.com\/@fr\/114838941493906066","error":""},"_links":{"self":[{"href":"https:\/\/www.europesays.com\/fr\/wp-json\/wp\/v2\/posts\/244324","targetHints":{"allow":["GET"]}}],"collection":[{"href":"https:\/\/www.europesays.com\/fr\/wp-json\/wp\/v2\/posts"}],"about":[{"href":"https:\/\/www.europesays.com\/fr\/wp-json\/wp\/v2\/types\/post"}],"author":[{"embeddable":true,"href":"https:\/\/www.europesays.com\/fr\/wp-json\/wp\/v2\/users\/2"}],"replies":[{"embeddable":true,"href":"https:\/\/www.europesays.com\/fr\/wp-json\/wp\/v2\/comments?post=244324"}],"version-history":[{"count":0,"href":"https:\/\/www.europesays.com\/fr\/wp-json\/wp\/v2\/posts\/244324\/revisions"}],"wp:featuredmedia":[{"embeddable":true,"href":"https:\/\/www.europesays.com\/fr\/wp-json\/wp\/v2\/media\/244325"}],"wp:attachment":[{"href":"https:\/\/www.europesays.com\/fr\/wp-json\/wp\/v2\/media?parent=244324"}],"wp:term":[{"taxonomy":"category","embeddable":true,"href":"https:\/\/www.europesays.com\/fr\/wp-json\/wp\/v2\/categories?post=244324"},{"taxonomy":"post_tag","embeddable":true,"href":"https:\/\/www.europesays.com\/fr\/wp-json\/wp\/v2\/tags?post=244324"}],"curies":[{"name":"wp","href":"https:\/\/api.w.org\/{rel}","templated":true}]}}