{"id":244328,"date":"2025-07-12T06:53:10","date_gmt":"2025-07-12T06:53:10","guid":{"rendered":"https:\/\/www.europesays.com\/fr\/244328\/"},"modified":"2025-07-12T06:53:10","modified_gmt":"2025-07-12T06:53:10","slug":"ukraine-ue-creation-dun-fonds-de-100-millions-deuros-pour-renforcer-la-defense","status":"publish","type":"post","link":"https:\/\/www.europesays.com\/fr\/244328\/","title":{"rendered":"Ukraine &#8211; UE : cr\u00e9ation d&rsquo;un fonds de 100 millions d&rsquo;euros pour renforcer la d\u00e9fense"},"content":{"rendered":"<p><img decoding=\"async\" class=\"c-ad__placeholder__logo\" src=\"https:\/\/static.euronews.com\/website\/images\/logos\/logo-euronews-grey-6-180x22.svg\" width=\"180\" height=\"22\" alt=\"\" loading=\"lazy\"\/>PUBLICIT\u00c9<\/p>\n<p>L&rsquo;Ukraine et l&rsquo;UE ont annonc\u00e9 vendredi la cr\u00e9ation d&rsquo;un fonds de 100 millions d&rsquo;euros destin\u00e9 \u00e0 acc\u00e9l\u00e9rer l&rsquo;innovation en mati\u00e8re de d\u00e9fense en s&rsquo;appuyant sur les technologies ukrainiennes test\u00e9es sur le champ de bataille.<\/p>\n<p>L&rsquo;initiative BraveTech EU, d\u00e9voil\u00e9e lors de la quatri\u00e8me conf\u00e9rence annuelle sur la reconstruction de l&rsquo;Ukraine (URC2025) \u00e0 Rome, a \u00e9t\u00e9 annonc\u00e9e par le ministre ukrainien de la transformation num\u00e9rique, Mykhailo Fedorov, et le commissaire europ\u00e9en charg\u00e9 de la d\u00e9fense, Andrius Kubilius.<\/p>\n<p>BraveTech EU est la premi\u00e8re grande alliance technologique entre l&rsquo;Ukraine et l&rsquo;Europe sur un pied d&rsquo;\u00e9galit\u00e9, chaque partie devant investir 50 millions d&rsquo;euros dans le programme.<\/p>\n<p>L&rsquo;initiative se concentrera sur les petites et moyennes entreprises et les jeunes pousses, tant en Ukraine qu&rsquo;en Europe.<\/p>\n<p>L&rsquo;alliance permettra aux deux parties d&rsquo;\u00e9changer leurs exp\u00e9riences en mati\u00e8re de r\u00e9glementation, de d\u00e9velopper des innovations et d&rsquo;acqu\u00e9rir de nouvelles technologies de d\u00e9fense.<\/p>\n<p>\u00ab\u00a0Les coll\u00e8gues europ\u00e9ens seront inform\u00e9s des r\u00e9sultats obtenus sur le champ de bataille\u00a0\u00bb, a d\u00e9clar\u00e9 Fedorov lors d&rsquo;une conf\u00e9rence de presse \u00e0 Rome.<\/p>\n<p>\u00ab\u00a0D&rsquo;autres pays europ\u00e9ens pourraient \u00e9galement participer au financement de l&rsquo;initiative\u00a0\u00bb, a-t-il ajout\u00e9.<\/p>\n<p>\u00ab\u00a0L&rsquo;UE et ses \u00c9tats membres disposent d&rsquo;une capacit\u00e9 industrielle qui peut aider l&rsquo;Ukraine \u00e0 d\u00e9velopper de nouveaux syst\u00e8mes de d\u00e9fense et \u00e0 accro\u00eetre la r\u00e9silience de l&rsquo;Europe\u00a0\u00bb, a d\u00e9clar\u00e9 Kubilius dans un communiqu\u00e9.<\/p>\n<p>Le programme devrait \u00eatre d\u00e9ploy\u00e9 en deux phases, en commen\u00e7ant par des hackathons pour les entreprises de d\u00e9fense ukrainiennes et europ\u00e9ennes \u00e0 l&rsquo;automne, a d\u00e9clar\u00e9 Fedorov dans un message sur sa page Telegram.<\/p>\n<p>En 2026, il est pr\u00e9vu d&rsquo;\u00e9tendre le programme avec des subventions plus importantes et des investissements dans les projets les plus prometteurs.<\/p>\n<p>L&rsquo;initiative BraveTech EU int\u00e9grera l&rsquo;industrie de la d\u00e9fense ukrainienne dans les m\u00e9canismes europ\u00e9ens, en connectant la plateforme de technologie de d\u00e9fense ukrainienne BRAVE1 aux plateformes de l&rsquo;UE telles que le Fonds europ\u00e9en de d\u00e9fense (FED) et le syst\u00e8me d&rsquo;innovation de d\u00e9fense de l&rsquo;UE (EUDIS).<\/p>\n<p>Le pr\u00e9sident Zelensky appelle depuis longtemps les alli\u00e9s occidentaux de l&rsquo;Ukraine \u00e0 lui apporter un soutien militaire accru, alors que les forces ukrainiennes continuent de lutter contre les forces russes depuis l&rsquo;invasion en Ukraine de 2022.<\/p>\n<p>Des Patriot pour l&rsquo;Ukraine<\/p>\n<p>Le programme europ\u00e9en BraveTech a \u00e9t\u00e9 annonc\u00e9 le jour m\u00eame o\u00f9 le pr\u00e9sident am\u00e9ricain Donald Trump a d\u00e9clar\u00e9 que <strong>Washington enverrait des armes<\/strong>, notamment des syst\u00e8mes de d\u00e9fense a\u00e9rienne Patriot, \u00e0 l&rsquo;Ukraine via l&rsquo;OTAN.<\/p>\n<p><a href=\"https:\/\/fr.euronews.com\/my-europe\/2025\/07\/11\/washington-annonce-lenvoi-darmes-en-ukraine-via-lotan\" rel=\"nofollow noopener\" target=\"_blank\">\u00ab\u00a0Nous allons envoyer des Patriot \u00e0 l&rsquo;OTAN et l&rsquo;OTAN les distribuera\u00a0\u00bb<\/a>, a d\u00e9clar\u00e9 Trump \u00e0 la cha\u00eene de t\u00e9l\u00e9vision am\u00e9ricaine CBS News, ajoutant que l&rsquo;alliance paierait pour les syst\u00e8mes.<\/p>\n<p>Le syst\u00e8me de missiles Patriot peut d\u00e9tecter et intercepter un large \u00e9ventail de cibles a\u00e9riennes, en particulier des missiles balistiques puissants. Il est consid\u00e9r\u00e9 comme l&rsquo;un des meilleurs au monde, \u00e0 l&rsquo;heure o\u00f9 Moscou multiplie les attaques nocturnes de missiles et de drones dans le cadre de sa guerre totale contre l&rsquo;Ukraine.<\/p>\n<p>S&rsquo;exprimant lors de la conf\u00e9rence sur la reconstruction de l&rsquo;Ukraine qui s&rsquo;est tenue \u00e0 Rome jeudi, le pr\u00e9sident ukrainien Volodymyr Zelensky a d\u00e9clar\u00e9 que l&rsquo;Allemagne paierait pour deux des syst\u00e8mes, tandis que la Norv\u00e8ge a accept\u00e9 d&rsquo;en fournir un.<\/p>\n<p>Apr\u00e8s les attaques r\u00e9p\u00e9t\u00e9es de drones et de missiles russes sur Kiev, les autorit\u00e9s ont \u00e9galement annonc\u00e9 vendredi qu&rsquo;elles mettaient en place un syst\u00e8me complet d&rsquo;interception des drones dans le cadre d&rsquo;un projet appel\u00e9 <strong>Clear Sky.<\/strong><\/p>\n<p>Ce projet comprend un investissement de 260 millions de hryvnias (environ 5,3 millions d&rsquo;euros) dans des drones intercepteurs, la formation des op\u00e9rateurs et de nouvelles unit\u00e9s d&rsquo;intervention mobiles, selon Tymur Tkachenko, le chef de l&rsquo;administration militaire de Kiev.<\/p>\n<p>Zelenskyy a appel\u00e9 les partenaires \u00e9trangers \u00e0 aider l&rsquo;Ukraine \u00e0 acc\u00e9l\u00e9rer la production des nouveaux drones d&rsquo;interception, qui se sont r\u00e9v\u00e9l\u00e9s efficaces contre les drones Shahed de fabrication iranienne et leur variante russe, le Geran-2.<\/p>\n<p>\u00ab\u00a0Nous avons trouv\u00e9 une solution, en tant que pays, les scientifiques et les ing\u00e9nieurs ont trouv\u00e9 une solution. C&rsquo;est la cl\u00e9\u00a0\u00bb, a-t-il d\u00e9clar\u00e9. \u00ab\u00a0Nous avons besoin de financement. Et ensuite, nous pourrons les intercepter\u00a0\u00bb.<\/p>\n","protected":false},"excerpt":{"rendered":"PUBLICIT\u00c9 L&rsquo;Ukraine et l&rsquo;UE ont annonc\u00e9 vendredi la cr\u00e9ation d&rsquo;un fonds de 100 millions d&rsquo;euros destin\u00e9 \u00e0 acc\u00e9l\u00e9rer&hellip;\n","protected":false},"author":2,"featured_media":244329,"comment_status":"","ping_status":"","sticky":false,"template":"","format":"standard","meta":{"footnotes":""},"categories":[1586],"tags":[11,1777,674,1779,1011,27,2025,452,12,25,1778,220,364],"class_list":{"0":"post-244328","1":"post","2":"type-post","3":"status-publish","4":"format-standard","5":"has-post-thumbnail","7":"category-europe","8":"tag-actualites","9":"tag-eu","10":"tag-europe","11":"tag-european-union","12":"tag-fr","13":"tag-france","14":"tag-invasion-de-la-russie-en-ukraine","15":"tag-italie","16":"tag-news","17":"tag-republique-francaise","18":"tag-ue","19":"tag-ukraine","20":"tag-union-europeenne"},"share_on_mastodon":{"url":"https:\/\/pubeurope.com\/@fr\/114838949365336317","error":""},"_links":{"self":[{"href":"https:\/\/www.europesays.com\/fr\/wp-json\/wp\/v2\/posts\/244328","targetHints":{"allow":["GET"]}}],"collection":[{"href":"https:\/\/www.europesays.com\/fr\/wp-json\/wp\/v2\/posts"}],"about":[{"href":"https:\/\/www.europesays.com\/fr\/wp-json\/wp\/v2\/types\/post"}],"author":[{"embeddable":true,"href":"https:\/\/www.europesays.com\/fr\/wp-json\/wp\/v2\/users\/2"}],"replies":[{"embeddable":true,"href":"https:\/\/www.europesays.com\/fr\/wp-json\/wp\/v2\/comments?post=244328"}],"version-history":[{"count":0,"href":"https:\/\/www.europesays.com\/fr\/wp-json\/wp\/v2\/posts\/244328\/revisions"}],"wp:featuredmedia":[{"embeddable":true,"href":"https:\/\/www.europesays.com\/fr\/wp-json\/wp\/v2\/media\/244329"}],"wp:attachment":[{"href":"https:\/\/www.europesays.com\/fr\/wp-json\/wp\/v2\/media?parent=244328"}],"wp:term":[{"taxonomy":"category","embeddable":true,"href":"https:\/\/www.europesays.com\/fr\/wp-json\/wp\/v2\/categories?post=244328"},{"taxonomy":"post_tag","embeddable":true,"href":"https:\/\/www.europesays.com\/fr\/wp-json\/wp\/v2\/tags?post=244328"}],"curies":[{"name":"wp","href":"https:\/\/api.w.org\/{rel}","templated":true}]}}