{"id":244333,"date":"2025-07-12T06:59:10","date_gmt":"2025-07-12T06:59:10","guid":{"rendered":"https:\/\/www.europesays.com\/fr\/244333\/"},"modified":"2025-07-12T06:59:10","modified_gmt":"2025-07-12T06:59:10","slug":"direct-nouvelle-zelande-france-les-bleus-vont-ils-realiser-lexploit-et-marquer-lhistoire-suivez-le-deuxieme-test-match-face-aux-all-blacks","status":"publish","type":"post","link":"https:\/\/www.europesays.com\/fr\/244333\/","title":{"rendered":"Direct. Nouvelle-Z\u00e9lande &#8211; France. Les Bleus vont-ils r\u00e9aliser l&rsquo;exploit et marquer l&rsquo;histoire ? Suivez le deuxi\u00e8me test-match face aux All Blacks"},"content":{"rendered":"<p>\n                Bonjour et bienvenue sur Rugbyrama pour suivre, en direct comment\u00e9, le deuxi\u00e8me test-match entre la Nouvelle-Z\u00e9lande et l&rsquo;\u00e9quipe de France.\u00a0\n            <\/p>\n<p>Apr\u00e8s une courte d\u00e9faite lors du premier test-match, les Bleus d\u00e9fient de nouveau les All Blacks, cette fois-ci \u00e0 Wellington.\u00a0<\/p>\n<p>Avec dix changements dans le XV de d\u00e9part, les Tricolores peuvent-ils aller chercher une victoire de prestige face aux N\u00e9o-Z\u00e9landais, la premi\u00e8re depuis 2009 au\u00a0pays au long nuage blanc ?<\/p>\n<p>Christophe Ridley est l&rsquo;arbitre de la rencontre.<\/p>\n","protected":false},"excerpt":{"rendered":"Bonjour et bienvenue sur Rugbyrama pour suivre, en direct comment\u00e9, le deuxi\u00e8me test-match entre la Nouvelle-Z\u00e9lande et l&rsquo;\u00e9quipe&hellip;\n","protected":false},"author":2,"featured_media":244334,"comment_status":"","ping_status":"","sticky":false,"template":"","format":"standard","meta":{"footnotes":""},"categories":[1416],"tags":[1011,27,479,1468,60],"class_list":{"0":"post-244333","1":"post","2":"type-post","3":"status-publish","4":"format-standard","5":"has-post-thumbnail","7":"category-rugby","8":"tag-fr","9":"tag-france","10":"tag-rugby","11":"tag-rugby-football","12":"tag-sports"},"share_on_mastodon":{"url":"https:\/\/pubeurope.com\/@fr\/114838972875749384","error":""},"_links":{"self":[{"href":"https:\/\/www.europesays.com\/fr\/wp-json\/wp\/v2\/posts\/244333","targetHints":{"allow":["GET"]}}],"collection":[{"href":"https:\/\/www.europesays.com\/fr\/wp-json\/wp\/v2\/posts"}],"about":[{"href":"https:\/\/www.europesays.com\/fr\/wp-json\/wp\/v2\/types\/post"}],"author":[{"embeddable":true,"href":"https:\/\/www.europesays.com\/fr\/wp-json\/wp\/v2\/users\/2"}],"replies":[{"embeddable":true,"href":"https:\/\/www.europesays.com\/fr\/wp-json\/wp\/v2\/comments?post=244333"}],"version-history":[{"count":0,"href":"https:\/\/www.europesays.com\/fr\/wp-json\/wp\/v2\/posts\/244333\/revisions"}],"wp:featuredmedia":[{"embeddable":true,"href":"https:\/\/www.europesays.com\/fr\/wp-json\/wp\/v2\/media\/244334"}],"wp:attachment":[{"href":"https:\/\/www.europesays.com\/fr\/wp-json\/wp\/v2\/media?parent=244333"}],"wp:term":[{"taxonomy":"category","embeddable":true,"href":"https:\/\/www.europesays.com\/fr\/wp-json\/wp\/v2\/categories?post=244333"},{"taxonomy":"post_tag","embeddable":true,"href":"https:\/\/www.europesays.com\/fr\/wp-json\/wp\/v2\/tags?post=244333"}],"curies":[{"name":"wp","href":"https:\/\/api.w.org\/{rel}","templated":true}]}}