{"id":244335,"date":"2025-07-12T07:00:10","date_gmt":"2025-07-12T07:00:10","guid":{"rendered":"https:\/\/www.europesays.com\/fr\/244335\/"},"modified":"2025-07-12T07:00:10","modified_gmt":"2025-07-12T07:00:10","slug":"carlos-alcaraz-sera-le-favori-de-la-finale-lache-jannik-sinner","status":"publish","type":"post","link":"https:\/\/www.europesays.com\/fr\/244335\/","title":{"rendered":"\u00abCarlos (Alcaraz) sera le favori de la finale\u00bb, l\u00e2che Jannik Sinner"},"content":{"rendered":"<p>Quelques semaines apr\u00e8s sa d\u00e9faite \u00e0 Paris contre Alcaraz, l\u2019Italien s\u2019estime pr\u00eat pour la revanche. Mais en outsider, contre le double tenant du titre.<\/p>\n<p class=\"fig-paragraph\"><a href=\"http:\/\/www.lefigaro.fr\/sports\/tennis\/wimbledon\/wimbledon-jannik-sinner-va-tirer-beaucoup-de-choses-de-la-finale-de-roland-garros-assure-alcaraz-20250712\" data-fig-type=\"NewsFlash\" data-gtm-custom-categorie=\"navigation\" data-gtm-custom-action=\"crossclick\" data-gtm-custom-label=\"Contextuel\" data-gtm-event=\"customEventSPE\" data-fig-domain=\"LEFIGARO\" target=\"_blank\" rel=\"noopener\">Le num\u00e9ro un mondial\u00a0<\/a>a \u00e9t\u00e9 impitoyable avec\u00a0<a href=\"http:\/\/www.lefigaro.fr\/sports\/tennis\/wimbledon\/je-n-ai-pas-prevu-de-mettre-aujourd-hui-un-terme-a-ma-carriere-a-wimbledon-djokovic-compte-revenir-a-londres-20250711\" data-fig-type=\"NewsFlash\" data-gtm-custom-categorie=\"navigation\" data-gtm-custom-action=\"crossclick\" data-gtm-custom-label=\"Contextuel\" data-gtm-event=\"customEventSPE\" data-fig-domain=\"LEFIGARO\" target=\"_blank\" rel=\"noopener\">Novak Djokovic<\/a>, son a\u00een\u00e9 de quinze ans, diminu\u00e9 et balay\u00e9 ce vendredi en demi-finale, l\u2019Italien n\u2019a pas fanfaronn\u00e9\u00a0: \u00ab Avec Novak, il est tr\u00e8s difficile de trouver les points sur lesquels il peut \u00eatre en difficult\u00e9. Le fait de m\u2019am\u00e9liorer physiquement m\u2019a beaucoup aid\u00e9, dans le sens o\u00f9 on ne se pr\u00e9cipite pas pour sortir d\u2019un rallye plus long. Mais \u00e7a reste tr\u00e8s difficile de jouer contre lui. On ressent la nervosit\u00e9 avant d\u2019entrer sur le court.\u00bb<\/p>\n<blockquote class=\"fig-quote&#10;    \">\n<p class=\"fig-quote__text\">C\u2019est toujours un immense honneur. C\u2019est un joueur que j\u2019admire. On se pousse l\u2019un et l\u2019autre.<\/p>\n<p>            Jannik Sinner \u00e0 propos de Carlos Alcaraz\n    <\/p><\/blockquote>\n<p class=\"fig-paragraph\">Il assure que la d\u00e9faite contre Alcaraz \u00e0 Roland-Garros en finale n\u2019est plus qu\u2019un presque lointain souvenir\u00a0: \u00abJe pense que si c\u2019\u00e9tait le cas, je ne serais pas en situation de rejouer une finale. C\u2019est une question \u00e0 laquelle il est difficile de r\u00e9pondre parce que je pense que c\u2019est quelque chose que vous ressentez avant le match et aussi pendant le match. \u00c7a restera un match diff\u00e9rent. Il est le favori. Je suis tr\u00e8s heureux de partager \u00e0 nouveau le court avec Carlos. C\u2019est toujours un immense honneur. C\u2019est un joueur que j\u2019admire. On se pousse l\u2019un et l\u2019autre. J\u2019adore le regarder jouer. Ce sera difficile, je le sais. Mais j\u2019ai h\u00e2te d\u2019y \u00eatre. Il a gagn\u00e9 ici deux fois de suite. Il est \u00e0 nouveau en finale. C\u2019est tr\u00e8s difficile de le battre sur le gazon, mais j\u2019aime ces d\u00e9fis. En tout cas, j\u2019esp\u00e8re que ce sera un bon match, comme le pr\u00e9c\u00e9dent. Je ne pense pas que ce sera mieux, parce que je ne sais pas si c\u2019est possible.\u00bb<\/p>\n<p>Touch\u00e9 au coude apr\u00e8s une chute contre\u00a0Grigor Dimitrov, le num\u00e9ro 1 mondial, estime qu\u2019il sera \u00e0 100%. \u00abComme je l\u2019ai dit apr\u00e8s avoir jou\u00e9 contre Ben, il n\u2019y a pas d\u2019excuses. Je pense que nous g\u00e9rons tr\u00e8s bien ce petit probl\u00e8me en ce moment. J\u2019\u00e9tais beaucoup plus pr\u00e9occup\u00e9 par le match de Ben en quarts. Aujourd\u2019hui, je me suis senti tr\u00e8s bien d\u00e8s l\u2019\u00e9chauffement. Ce matin, j\u2019\u00e9tais bien. Pas d\u2019inqui\u00e9tude.\u00bb<\/p>\n","protected":false},"excerpt":{"rendered":"Quelques semaines apr\u00e8s sa d\u00e9faite \u00e0 Paris contre Alcaraz, l\u2019Italien s\u2019estime pr\u00eat pour la revanche. Mais en outsider,&hellip;\n","protected":false},"author":2,"featured_media":244336,"comment_status":"","ping_status":"","sticky":false,"template":"","format":"standard","meta":{"footnotes":""},"categories":[1415],"tags":[7779,1011,27,20859,60,1467],"class_list":{"0":"post-244335","1":"post","2":"type-post","3":"status-publish","4":"format-standard","5":"has-post-thumbnail","7":"category-tennis","8":"tag-carlos-alcaraz","9":"tag-fr","10":"tag-france","11":"tag-jannik-sinner","12":"tag-sports","13":"tag-tennis"},"share_on_mastodon":{"url":"https:\/\/pubeurope.com\/@fr\/114838976762563054","error":""},"_links":{"self":[{"href":"https:\/\/www.europesays.com\/fr\/wp-json\/wp\/v2\/posts\/244335","targetHints":{"allow":["GET"]}}],"collection":[{"href":"https:\/\/www.europesays.com\/fr\/wp-json\/wp\/v2\/posts"}],"about":[{"href":"https:\/\/www.europesays.com\/fr\/wp-json\/wp\/v2\/types\/post"}],"author":[{"embeddable":true,"href":"https:\/\/www.europesays.com\/fr\/wp-json\/wp\/v2\/users\/2"}],"replies":[{"embeddable":true,"href":"https:\/\/www.europesays.com\/fr\/wp-json\/wp\/v2\/comments?post=244335"}],"version-history":[{"count":0,"href":"https:\/\/www.europesays.com\/fr\/wp-json\/wp\/v2\/posts\/244335\/revisions"}],"wp:featuredmedia":[{"embeddable":true,"href":"https:\/\/www.europesays.com\/fr\/wp-json\/wp\/v2\/media\/244336"}],"wp:attachment":[{"href":"https:\/\/www.europesays.com\/fr\/wp-json\/wp\/v2\/media?parent=244335"}],"wp:term":[{"taxonomy":"category","embeddable":true,"href":"https:\/\/www.europesays.com\/fr\/wp-json\/wp\/v2\/categories?post=244335"},{"taxonomy":"post_tag","embeddable":true,"href":"https:\/\/www.europesays.com\/fr\/wp-json\/wp\/v2\/tags?post=244335"}],"curies":[{"name":"wp","href":"https:\/\/api.w.org\/{rel}","templated":true}]}}