{"id":244337,"date":"2025-07-12T07:02:09","date_gmt":"2025-07-12T07:02:09","guid":{"rendered":"https:\/\/www.europesays.com\/fr\/244337\/"},"modified":"2025-07-12T07:02:09","modified_gmt":"2025-07-12T07:02:09","slug":"motoamerica-laguna-seca-j1-josh-herrin-en-pole-provisoire-malgre-une-lourde-chute","status":"publish","type":"post","link":"https:\/\/www.europesays.com\/fr\/244337\/","title":{"rendered":"MotoAmerica Laguna Seca, J1 : Josh Herrin en pole provisoire malgr\u00e9 une lourde chute"},"content":{"rendered":"<p class=\"my-0\"><strong>La premi\u00e8re journ\u00e9e du week-end de<br \/>\nMotoAmerica \u00e0 Laguna Seca a \u00e9t\u00e9 riche en rebondissements, avec une<br \/>\ns\u00e9ance de qualifications marqu\u00e9e par la d\u00e9termination de Josh<br \/>\nHerrin. Pilote du Warhorse HSBK Racing Ducati, Herrin a<br \/>\nimpressionn\u00e9 en signant la pole provisoire gr\u00e2ce \u00e0 un tour rapide<br \/>\nen 1:23.880, r\u00e9alis\u00e9 avant d\u2019\u00eatre victime d\u2019une spectaculaire chute<br \/>\ndans le virage 4.<\/strong><\/p>\n<p class=\"my-0\">La Ducati Panigale V4 R du champion en titre a<br \/>\neffectu\u00e9 plusieurs tonneaux, mais heureusement, le pilote s\u2019en est<br \/>\nsorti indemne, et son chrono est rest\u00e9 intouch\u00e9 jusqu\u2019\u00e0 la fin de<br \/>\nla session.<\/p>\n<p class=\"my-0\">La bataille pour le haut du classement a \u00e9t\u00e9<br \/>\nparticuli\u00e8rement serr\u00e9e. Bobby Fong, au guidon de la Yamaha YZF-R1<br \/>\nde l\u2019\u00e9quipe Attack Performance Progressive Yamaha Racing, a termin\u00e9<br \/>\nla s\u00e9ance \u00e0 seulement six milli\u00e8mes de seconde de Herrin, apr\u00e8s<br \/>\navoir domin\u00e9 la s\u00e9ance du matin.<\/p>\n<p class=\"my-0\">Cameron Beaubier (Tytlers Cycle Racing) s\u2019est<br \/>\n\u00e9galement illustr\u00e9, ne conc\u00e9dant que 0,185 seconde \u00e0 Fong. Sean<br \/>\nDylan Kelly (Vision Wheel M4 ECSTAR Suzuki) et Jake Gagne,<br \/>\nco\u00e9quipier de Fong, compl\u00e8tent le top-5, tous regroup\u00e9s en moins<br \/>\nd\u2019une demi-seconde.<\/p>\n<p class=\"my-0\">Plus t\u00f4t dans la s\u00e9ance, Richie Escalante (Vision<br \/>\nWheel M4 ECSTAR Suzuki) a connu un violent highside \u00e0 la sortie du<br \/>\nvirage 11, provoquant un drapeau rouge. Malgr\u00e9 une blessure au<br \/>\npoignet, Escalante a pu reprendre la piste et a termin\u00e9 septi\u00e8me.<br \/>\nJD Beach (Real Steel Honda), engag\u00e9 sur une Honda CBR1000RR-R SP en<br \/>\nconfiguration Stock 1000, a sign\u00e9 le sixi\u00e8me temps, tandis que<br \/>\nBenjamin Smith (FLO4LAW\/SBU Racing), Hayden Gillim (Real Steel<br \/>\nHonda) et Ashton Yates (Jones Honda) compl\u00e8tent le top-10.<\/p>\n<p class=\"my-0\">Avec un top-5 aussi serr\u00e9, la suite du week-end<br \/>\ns\u2019annonce palpitante. Plusieurs pilotes semblent en mesure de viser<br \/>\nla pole d\u00e9finitive et de jouer la victoire sur le mythique trac\u00e9 de<br \/>\nLaguna Seca.<\/p>\n<p><strong>MotoAmerica, Laguna Seca (J1) \u2013 Le classement de la Q1<br \/>\n:<\/strong><\/p>\n<p><a href=\"https:\/\/www.paddock-gp.com\/wp-content\/uploads\/2025\/07\/Capture-decran-2025-07-12-a-08.00.15.png\" rel=\"nofollow noopener\" target=\"_blank\"><br \/>\n<img loading=\"lazy\" decoding=\"async\" class=\"aligncenter wp-image-1308533\" src=\"https:\/\/www.europesays.com\/fr\/wp-content\/uploads\/2025\/07\/Capture-decran-2025-07-12-a-08.00.15-484x400.png\" alt=\"\" width=\"500\" height=\"414\"  \/><\/a><\/p>\n<p><strong><a href=\"http:\/\/www.motoamericaregistration.com\/Results\/2025\/LAGUNA\/25_9_LAGUNA_SBK_P1_res.pdf\" rel=\"nofollow noopener\" target=\"_blank\"><br \/>\nClassement<\/a> : MotoAmerica.com<\/strong><\/p>\n","protected":false},"excerpt":{"rendered":"La premi\u00e8re journ\u00e9e du week-end de MotoAmerica \u00e0 Laguna Seca a \u00e9t\u00e9 riche en rebondissements, avec une s\u00e9ance&hellip;\n","protected":false},"author":2,"featured_media":244338,"comment_status":"","ping_status":"","sticky":false,"template":"","format":"standard","meta":{"footnotes":""},"categories":[1413],"tags":[1011,27,1457,1456,60],"class_list":{"0":"post-244337","1":"post","2":"type-post","3":"status-publish","4":"format-standard","5":"has-post-thumbnail","7":"category-moto","8":"tag-fr","9":"tag-france","10":"tag-moto","11":"tag-motocycle","12":"tag-sports"},"share_on_mastodon":{"url":"https:\/\/pubeurope.com\/@fr\/114838984721138901","error":""},"_links":{"self":[{"href":"https:\/\/www.europesays.com\/fr\/wp-json\/wp\/v2\/posts\/244337","targetHints":{"allow":["GET"]}}],"collection":[{"href":"https:\/\/www.europesays.com\/fr\/wp-json\/wp\/v2\/posts"}],"about":[{"href":"https:\/\/www.europesays.com\/fr\/wp-json\/wp\/v2\/types\/post"}],"author":[{"embeddable":true,"href":"https:\/\/www.europesays.com\/fr\/wp-json\/wp\/v2\/users\/2"}],"replies":[{"embeddable":true,"href":"https:\/\/www.europesays.com\/fr\/wp-json\/wp\/v2\/comments?post=244337"}],"version-history":[{"count":0,"href":"https:\/\/www.europesays.com\/fr\/wp-json\/wp\/v2\/posts\/244337\/revisions"}],"wp:featuredmedia":[{"embeddable":true,"href":"https:\/\/www.europesays.com\/fr\/wp-json\/wp\/v2\/media\/244338"}],"wp:attachment":[{"href":"https:\/\/www.europesays.com\/fr\/wp-json\/wp\/v2\/media?parent=244337"}],"wp:term":[{"taxonomy":"category","embeddable":true,"href":"https:\/\/www.europesays.com\/fr\/wp-json\/wp\/v2\/categories?post=244337"},{"taxonomy":"post_tag","embeddable":true,"href":"https:\/\/www.europesays.com\/fr\/wp-json\/wp\/v2\/tags?post=244337"}],"curies":[{"name":"wp","href":"https:\/\/api.w.org\/{rel}","templated":true}]}}