{"id":244341,"date":"2025-07-12T07:04:12","date_gmt":"2025-07-12T07:04:12","guid":{"rendered":"https:\/\/www.europesays.com\/fr\/244341\/"},"modified":"2025-07-12T07:04:12","modified_gmt":"2025-07-12T07:04:12","slug":"le-parcours-et-profil-de-la-8e-etape-ce-samedi-12-juillet","status":"publish","type":"post","link":"https:\/\/www.europesays.com\/fr\/244341\/","title":{"rendered":"Le parcours et profil de la 8e \u00e9tape ce samedi 12\u00a0juillet"},"content":{"rendered":"<p>Samedi, la 8e \u00e9tape du Tour de France s\u2019\u00e9tend sur 174 kilom\u00e8tres, entre Saint-M\u00e9en-Le-Grand et Laval Espace Mayenne. C\u2019est ici que Mathieu van der Poel avait remport\u00e9 les Boucles de la Mayenne et port\u00e9 le Maillot jaune du Tour lors du chrono de\u00a02021. Dans le dur apr\u00e8s la 7e \u00e9tape, le N\u00e9erlandais compte 1&rsquo;29\u00a0\u00bb de retard sur le Maillot Jaune, Tadej Pogacar avant le week-end. Du c\u00f4t\u00e9 des Fran\u00e7ais, il faudra avoir les yeux riv\u00e9s sur la prestation de K\u00e9vin Vauquelin, actuellement 3e du classement g\u00e9n\u00e9ral, \u00e0 1&rsquo;11\u00a0\u00bb du monstre slov\u00e8ne.<\/p>\n<p class=\"mb-xxl@xs color-ultramarine font-weight-semi-bold@xs font-source-serif-pro heading-s@xs\">L\u2019acc\u00e8s \u00e0 ce contenu a \u00e9t\u00e9 bloqu\u00e9 afin de respecter votre choix de consentement<\/p>\n<p class=\"mb-m@xs text-l@xs\">En cliquant sur\u00ab J\u2019accepte \u00bb, vous acceptez le d\u00e9p\u00f4t de cookies par des services externes et aurez ainsi acc\u00e8s aux contenus de nos partenaires.<\/p>\n<p class=\"mb-xl@xs text-s@xs\">Plus d\u2019informations sur la page<a href=\"https:\/\/www.20minutes.fr\/gestion-cookies\" class=\"mx-xxs@xs color-ultramarine\" target=\"_blank\" rel=\"noopener\">Politique de gestion des cookies<\/a><\/p>\n<p>J\u2019accepte\u00c0 quelle heure et sur quelle cha\u00eene voir la 8e \u00e9tape du Tour de France 2025<\/p>\n<p>L\u2019\u00e9tape de ce samedi 12\u00a0juillet 2025, dont le d\u00e9part r\u00e9el est pr\u00e9vu pour 13h25, sera diffus\u00e9e sur France T\u00e9l\u00e9visions et <a href=\"https:\/\/www.20minutes.fr\/dossier\/eurosport\" class=\"color-ultramarine c-link\" target=\"_blank\" rel=\"noopener\">Eurosport<\/a>. Suivez \u00e9galement la course gr\u00e2ce \u00e0 notre direct comment\u00e9 sur 20 minutes.<\/p>\n<p>Le profil de la 8e \u00e9tape du Tour de France 2025<img decoding=\"async\" alt=\"Le profil de la 8e \u00e9tape du Tour de France 2025.\" class=\"c-img\" loading=\"lazy\" fetchpriority=\"auto\" width=\"718\"  src=\"https:\/\/img.20mn.fr\/wzLqmb-GTy-VppxSMBwcASk\/718x0\" \/>Le profil de la 8e \u00e9tape du Tour de France 2025.\u2002-\u00a0SOURCE Letour.fr<\/p>\n<p>L\u2019\u00e9tape est plate sur tout le long, avec le point le plus haut culminant \u00e0 &#8230; 119 m\u00e8tres d\u2019altitude. Le sprint massif d\u00e9cidera le vainqueur du jour, \u00e0 n\u2019en pas douter.<\/p>\n<p>Le parcours de la 8e \u00e9tape du Tour de France 2025<img decoding=\"async\" alt=\"Le parcours de la 8e \u00e9tape du Tour de France 2025\" class=\"c-img\" loading=\"lazy\" fetchpriority=\"auto\" width=\"718\"  src=\"https:\/\/img.20mn.fr\/btRino4ESImvfAgi2Lp2Xyk\/718x0\" \/>Le parcours de la 8e \u00e9tape du Tour de France 2025\u2002-\u00a0SOURCE ASOLe Top 10 du classement g\u00e9n\u00e9ral avant la 8e \u00e9tape<\/p>\n<ol>\n<li>Tadej Pogacar &#8211; <a href=\"https:\/\/www.20minutes.fr\/dossier\/uae\" class=\"color-ultramarine c-link\" target=\"_blank\" rel=\"noopener\">UAE<\/a> Team Emirates 25h58&rsquo;04\u00a0\u00bb<\/li>\n<li><a href=\"https:\/\/www.20minutes.fr\/sport\/remco-evenepoel\/\" class=\"color-ultramarine c-link\" target=\"_blank\" rel=\"noopener\">Remco Evenepoel<\/a> &#8211; Soudal &#8211; Quick Step \u00e0 54\u00a0\u00bb<\/li>\n<li>K\u00e9vin Vauquelin &#8211; Ark\u00e9a &#8211; B &amp; B Hotels \u00e0 01&rsquo;11\u00a0\u00bb<\/li>\n<li><a href=\"https:\/\/www.20minutes.fr\/sport\/jonas-vingegaard\/\" class=\"color-ultramarine c-link\" target=\"_blank\" rel=\"noopener\">Jonas Vingegaard<\/a> &#8211; Visma Lease a Bike \u00e0 01&rsquo;17\u00a0\u00bb<\/li>\n<li>Mathieu Van der Poel &#8211; Alpecin-Deceuninck \u00e0 01&rsquo;29\u00a0\u00bb<\/li>\n<li>Matteo Jorgenson &#8211; Visma Lease a Bike \u00e0 01&rsquo;34\u00a0\u00bb<\/li>\n<li>Oscar Onley &#8211; Picnic PostNL \u00e0 02&rsquo;49\u00a0\u00bb<\/li>\n<li>Florian Lipowitz &#8211; RedBull &#8211; Bora-Hansgrohe \u00e0 03&rsquo;02\u00a0\u00bb<\/li>\n<li><a href=\"https:\/\/www.20minutes.fr\/sport\/primoz-roglic\/\" class=\"color-ultramarine c-link\" target=\"_blank\" rel=\"noopener\">Primoz Roglic<\/a> &#8211; RedBull &#8211; Bora-Hansgrohe \u00e0 03&rsquo;06\u00a0\u00bb<\/li>\n<li>Mattias Skjelmose Jensen &#8211; Lidl &#8211; Trek \u00e0 03&rsquo;43\u00a0\u00bb<\/li>\n<\/ol>\n<p><a href=\"https:\/\/www.20minutes.fr\/sport\/cyclisme\/tour-de-france\/classement-maillot-jaune\" class=\"c-link c-btn c-btn--primary\" target=\"_blank\" rel=\"noopener\">Le classement complet du Tour de France 2025<\/a>Les favoris de la 8e \u00e9tape du Tour de France 2025<\/p>\n<p>Cette journ\u00e9e semble id\u00e9ale pour les sprinteurs avec un profil tr\u00e8s plat. Certes, la c\u00f4te de Nuill\u00e9-sur-Vicoin (4e cat\u00e9gorie), \u00e0 une quinzaine de kilom\u00e8tres de l\u2019arriv\u00e9e, devrait causer des difficult\u00e9s aux coureurs, mais ce sera la seule. Les pr\u00e9tendants au Maillot Vert devraient donc se livrer une belle bataile.<\/p>\n<p>Si l\u2019on prend en compte les sprinteurs restants, le duel annonc\u00e9 est celui qui devrait opposer Jonathan Milan et Tim Merlier. Sur le premier sprint massif de <a href=\"https:\/\/www.20minutes.fr\/dossier\/dunkerque\" class=\"color-ultramarine c-link\" target=\"_blank\" rel=\"noopener\">Dunkerque<\/a>, le coureur de la Soudal Quick-Step avait pris l\u2019ascendant sur celui de la <a href=\"https:\/\/www.20minutes.fr\/economie\/lidl\/\" class=\"color-ultramarine c-link\" target=\"_blank\" rel=\"noopener\">Lidl<\/a>-Trek. Samedi \u00e0 <a href=\"https:\/\/www.20minutes.fr\/dossier\/laval\" class=\"color-ultramarine c-link\" target=\"_blank\" rel=\"noopener\">Laval<\/a>, la puissance pure devra primer sur l\u2019explosivit\u00e9. Derri\u00e8re ces deux hommes forts, Binian Girmay, S\u00f8ren W\u00e6renskjold et Dylan Groenewegen ont \u00e9galement un bon coup \u00e0 jouer. Mathieu van der Poel aura \u00e9galement dans un coin de la t\u00eate la conqu\u00eate du Maillot Vert, maintenant qu\u2019il a pris du retard dans celle du Maillot Jaune. Mais Jonathan Milan ne lui fera pas de cadeau.<\/p>\n","protected":false},"excerpt":{"rendered":"Samedi, la 8e \u00e9tape du Tour de France s\u2019\u00e9tend sur 174 kilom\u00e8tres, entre Saint-M\u00e9en-Le-Grand et Laval Espace Mayenne.&hellip;\n","protected":false},"author":2,"featured_media":244342,"comment_status":"","ping_status":"","sticky":false,"template":"","format":"standard","meta":{"footnotes":""},"categories":[1411],"tags":[1154,207,1011,27,4385,517,60,1138,210],"class_list":{"0":"post-244341","1":"post","2":"type-post","3":"status-publish","4":"format-standard","5":"has-post-thumbnail","7":"category-cyclisme","8":"tag-cycling","9":"tag-cyclisme","10":"tag-fr","11":"tag-france","12":"tag-mathieu-van-der-poel","13":"tag-sport","14":"tag-sports","15":"tag-tadej-pogacar","16":"tag-tour-de-france"},"share_on_mastodon":{"url":"https:\/\/pubeurope.com\/@fr\/114838992611653196","error":""},"_links":{"self":[{"href":"https:\/\/www.europesays.com\/fr\/wp-json\/wp\/v2\/posts\/244341","targetHints":{"allow":["GET"]}}],"collection":[{"href":"https:\/\/www.europesays.com\/fr\/wp-json\/wp\/v2\/posts"}],"about":[{"href":"https:\/\/www.europesays.com\/fr\/wp-json\/wp\/v2\/types\/post"}],"author":[{"embeddable":true,"href":"https:\/\/www.europesays.com\/fr\/wp-json\/wp\/v2\/users\/2"}],"replies":[{"embeddable":true,"href":"https:\/\/www.europesays.com\/fr\/wp-json\/wp\/v2\/comments?post=244341"}],"version-history":[{"count":0,"href":"https:\/\/www.europesays.com\/fr\/wp-json\/wp\/v2\/posts\/244341\/revisions"}],"wp:featuredmedia":[{"embeddable":true,"href":"https:\/\/www.europesays.com\/fr\/wp-json\/wp\/v2\/media\/244342"}],"wp:attachment":[{"href":"https:\/\/www.europesays.com\/fr\/wp-json\/wp\/v2\/media?parent=244341"}],"wp:term":[{"taxonomy":"category","embeddable":true,"href":"https:\/\/www.europesays.com\/fr\/wp-json\/wp\/v2\/categories?post=244341"},{"taxonomy":"post_tag","embeddable":true,"href":"https:\/\/www.europesays.com\/fr\/wp-json\/wp\/v2\/tags?post=244341"}],"curies":[{"name":"wp","href":"https:\/\/api.w.org\/{rel}","templated":true}]}}