{"id":24435,"date":"2025-04-14T14:19:09","date_gmt":"2025-04-14T14:19:09","guid":{"rendered":"https:\/\/www.europesays.com\/fr\/24435\/"},"modified":"2025-04-14T14:19:09","modified_gmt":"2025-04-14T14:19:09","slug":"la-palestine-condamne-lattaque-injustifiee-de-netanyahou-contre-macron","status":"publish","type":"post","link":"https:\/\/www.europesays.com\/fr\/24435\/","title":{"rendered":"La Palestine condamne \u00ab\u00a0l\u2019attaque injustifi\u00e9e\u00a0\u00bb de Netanyahou contre Macron"},"content":{"rendered":"<p>Le minist\u00e8re <a href=\"https:\/\/www.20minutes.fr\/monde\/palestine\/\" class=\"color-ultramarine c-link\" target=\"_blank\" rel=\"noopener\">palestinien<\/a> des <a href=\"https:\/\/www.20minutes.fr\/dossier\/ministere_des_affaires_etrangeres\" class=\"color-ultramarine c-link\" target=\"_blank\" rel=\"noopener\">Affaires \u00e9trang\u00e8res<\/a> a condamn\u00e9 lundi \u00ab\u00a0l\u2019attaque injustifi\u00e9e et les remarques offensantes\u00a0\u00bb de <a href=\"https:\/\/www.20minutes.fr\/dossier\/benyamin_netanyahou\" class=\"color-ultramarine c-link\" target=\"_blank\" rel=\"noopener\">Benyamin Netanyahou<\/a> \u00e0 l\u2019\u00e9gard d\u2019<a href=\"https:\/\/www.20minutes.fr\/politique\/emmanuel-macron\/\" class=\"color-ultramarine c-link\" target=\"_blank\" rel=\"noopener\">Emmanuel Macron<\/a> sur la possible reconnaissance d\u2019un <a href=\"https:\/\/www.20minutes.fr\/monde\/etat_palestinien\/\" class=\"color-ultramarine c-link\" target=\"_blank\" rel=\"noopener\">Etat palestinien<\/a>. Dimanche, le Premier ministre isra\u00e9lien avait jug\u00e9 que le pr\u00e9sident fran\u00e7ais faisait une \u00ab\u00a0grave erreur\u00a0\u00bb en promouvant cette id\u00e9e. Il avait affirm\u00e9 qu\u2019Isra\u00ebl n\u2019avait pas de \u00ab\u00a0le\u00e7ons de morale\u00a0\u00bb \u00e0 recevoir de la France.<\/p>\n<p>Dans un communiqu\u00e9, le minist\u00e8re palestinien des Affaires \u00e9trang\u00e8res dit consid\u00e9rer \u00ab\u00a0ces d\u00e9clarations comme une admission claire de l\u2019hostilit\u00e9 constante de Netanyahou \u00e0 la paix fond\u00e9e sur la solution \u00e0 deux Etats\u00a0\u00bb. Ainsi \u00ab\u00a0qu\u2019un rejet flagrant de la l\u00e9gitimit\u00e9 internationale, et une pr\u00e9f\u00e9rence persistante pour la violence et les solutions militaires aux d\u00e9pens de la voie politique\u00a0\u00bb.<\/p>\n<p>\u00ab\u00a0Raccourcis\u00a0\u00bb et \u00ab\u00a0fausses informations\u00a0\u00bb<\/p>\n<p>Dans un entretien diffus\u00e9 mercredi, Emmanuel Macron a expliqu\u00e9 que la France pourrait reconna\u00eetre l\u2019Etat palestinien en juin \u00e0 l\u2019occasion d\u2019une conf\u00e9rence que Paris copr\u00e9sidera avec l\u2019Arabie saoudite \u00e0 l\u2019ONU. Tout en inscrivant un tel geste dans un mouvement r\u00e9ciproque de reconnaissance d\u2019Isra\u00ebl par les pays arabes.<\/p>\n<p>Ses propos ont d\u00e9clench\u00e9 une rafale de protestations \u00e0 droite et \u00e0 l\u2019extr\u00eame droite en France qui l\u2019ont conduit \u00e0 publier une clarification vendredi sur le r\u00e9seau social X face, a-t-il expliqu\u00e9, aux \u00ab\u00a0raccourcis\u00a0\u00bb et \u00ab\u00a0fausses informations\u00a0\u00bb. Il y a soulign\u00e9 \u00ab\u00a0le droit l\u00e9gitime des Palestiniens \u00e0 un Etat et \u00e0 la paix, comme celui des Isra\u00e9liens \u00e0 vivre en paix et s\u00e9curit\u00e9, l\u2019un et l\u2019autre reconnus par leurs voisins\u00a0\u00bb.<\/p>\n<\/p>\n<p>\u00ab\u00a0Le pr\u00e9sident Macron fait une grave erreur en continuant de promouvoir l\u2019id\u00e9e d\u2019un Etat palestinien au c\u0153ur de notre terre &#8211; un Etat dont la seule aspiration est la destruction d\u2019Isra\u00ebl\u00a0\u00bb, a r\u00e9agi dimanche Benyamin Netanyahou, fustigeant \u00ab\u00a0des illusions d\u00e9connect\u00e9es de la r\u00e9alit\u00e9\u00a0\u00bb.<\/p>\n<p><a href=\"https:\/\/www.20minutes.fr\/monde\/conflit_israelo-palestinien\/\" class=\"c-link c-btn c-btn--primary\" target=\"_blank\" rel=\"noopener\">Notre dossier sur le conflit au Proche-Orient<\/a><\/p>\n<p>\u00ab\u00a0Nous n\u2019accepterons pas de le\u00e7ons de morale sur la cr\u00e9ation d\u2019un Etat palestinien qui mettrait en danger l\u2019existence d\u2019Isra\u00ebl, de la part de ceux qui s\u2019opposent \u00e0 l\u2019ind\u00e9pendance de la Corse, de la Nouvelle-Cal\u00e9donie, de la Guyane fran\u00e7aise et d\u2019autres territoires, dont l\u2019ind\u00e9pendance ne menacerait en rien la France\u00a0\u00bb, a-t-il ajout\u00e9. Les relations entre Isra\u00ebl et la France se sont nettement tendu ces derniers mois.<\/p>\n","protected":false},"excerpt":{"rendered":"Le minist\u00e8re palestinien des Affaires \u00e9trang\u00e8res a condamn\u00e9 lundi \u00ab\u00a0l\u2019attaque injustifi\u00e9e et les remarques offensantes\u00a0\u00bb de Benyamin Netanyahou&hellip;\n","protected":false},"author":2,"featured_media":24436,"comment_status":"","ping_status":"","sticky":false,"template":"","format":"standard","meta":{"footnotes":""},"categories":[5],"tags":[47,11,952,3259,1073,1011,27,14,664,74,12,3518,28],"class_list":{"0":"post-24435","1":"post","2":"type-post","3":"status-publish","4":"format-standard","5":"has-post-thumbnail","7":"category-international","8":"tag-actualite","9":"tag-actualites","10":"tag-benyamin-netanyahou","11":"tag-conflit-israelo-palestinien","12":"tag-emmanuel-macron","13":"tag-fr","14":"tag-france","15":"tag-international","16":"tag-israel","17":"tag-monde","18":"tag-news","19":"tag-palestine","20":"tag-world"},"share_on_mastodon":{"url":"https:\/\/pubeurope.com\/@fr\/114336757971035676","error":""},"_links":{"self":[{"href":"https:\/\/www.europesays.com\/fr\/wp-json\/wp\/v2\/posts\/24435","targetHints":{"allow":["GET"]}}],"collection":[{"href":"https:\/\/www.europesays.com\/fr\/wp-json\/wp\/v2\/posts"}],"about":[{"href":"https:\/\/www.europesays.com\/fr\/wp-json\/wp\/v2\/types\/post"}],"author":[{"embeddable":true,"href":"https:\/\/www.europesays.com\/fr\/wp-json\/wp\/v2\/users\/2"}],"replies":[{"embeddable":true,"href":"https:\/\/www.europesays.com\/fr\/wp-json\/wp\/v2\/comments?post=24435"}],"version-history":[{"count":0,"href":"https:\/\/www.europesays.com\/fr\/wp-json\/wp\/v2\/posts\/24435\/revisions"}],"wp:featuredmedia":[{"embeddable":true,"href":"https:\/\/www.europesays.com\/fr\/wp-json\/wp\/v2\/media\/24436"}],"wp:attachment":[{"href":"https:\/\/www.europesays.com\/fr\/wp-json\/wp\/v2\/media?parent=24435"}],"wp:term":[{"taxonomy":"category","embeddable":true,"href":"https:\/\/www.europesays.com\/fr\/wp-json\/wp\/v2\/categories?post=24435"},{"taxonomy":"post_tag","embeddable":true,"href":"https:\/\/www.europesays.com\/fr\/wp-json\/wp\/v2\/tags?post=24435"}],"curies":[{"name":"wp","href":"https:\/\/api.w.org\/{rel}","templated":true}]}}