{"id":244351,"date":"2025-07-12T07:09:15","date_gmt":"2025-07-12T07:09:15","guid":{"rendered":"https:\/\/www.europesays.com\/fr\/244351\/"},"modified":"2025-07-12T07:09:15","modified_gmt":"2025-07-12T07:09:15","slug":"cetait-plus-attendu-par-les-fans-que-par-nous","status":"publish","type":"post","link":"https:\/\/www.europesays.com\/fr\/244351\/","title":{"rendered":"C&rsquo;\u00e9tait plus attendu par les fans que par nous"},"content":{"rendered":"<p>Ce samedi 12 juillet, TF1 propose un Combat des Ma\u00eetres de tr\u00e8s, tr\u00e8s haut niveau en prime. Un duel entre Xavier et \u00c9milien pr\u00e9sent\u00e9 par Jean-Luc Reichmann. Une affiche qui ravit les fans du jeu de la Une mais aussi celui qui n\u2019a jamais perdu son titre de Ma\u00eetre de midi.<\/p>\n<p>Les fans des <a href=\"https:\/\/www.programme-tv.net\/news\/tv\/92511-qui-sont-les-dix-plus-grands-gagnants-des-12-coups-de-midi-sur-tf1\/\" data-api-deeplink=\"teleloisirs:\/\/news\/92511\" target=\"_blank\" rel=\"noopener\">12 coups de midi <\/a>ont certainement not\u00e9 dans leur agenda la date du samedi 12 juillet 2025. \u00c0 21h10, le duel tant attendu d\u00e9butera. \u00c9milien,<a href=\"https:\/\/www.programme-tv.net\/news\/tv\/382644-exclu-romain-le-candidat-qui-a-elimine-emilien-dans-les-12-coups-de-midi-reagit-a-sa-victoire-j-ai-ete-tres-surpris\/\" data-api-deeplink=\"teleloisirs:\/\/news\/382644\" target=\"_blank\" rel=\"noopener\"> r\u00e9cemment d\u00e9chu de son titre de Ma\u00eetre de midi<\/a>, affrontera le seul candidat \u00e0 avoir l\u00e2ch\u00e9 son titre de champion de son propre gr\u00e9 : Xavier. \u00ab\u00a0<a href=\"https:\/\/www.programme-tv.net\/news\/tv\/382234-on-a-fait-un-sondage-jean-luc-reichmann-revele-le-nom-des-champions-les-plus-populaires-des-12-coups-de-midi\/\" data-api-deeplink=\"teleloisirs:\/\/news\/382234\" target=\"_blank\" rel=\"noopener\">C\u2019est vous deux qui \u00eates ressortis<\/a>, on a fait des petits sondages par rapport \u00e0 nos t\u00e9l\u00e9spectateurs avec nos partenaires \u00e9videmment\u00a0\u00bb, expliquait Jean-Luc Reichmann au jeune \u00e9tudiant en Histoire quant au choix des deux participants \u00e0 ce num\u00e9ro du <a href=\"https:\/\/www.programme-tv.net\/news\/tv\/383103-je-passe-mon-tour-bruno-les-12-coups-de-midi-soulage-de-ne-pas-participer-au-combat-des-maitres-qui-oppose-xavier-et-emilien\/\" data-api-deeplink=\"teleloisirs:\/\/news\/383103\" target=\"_blank\" rel=\"noopener\">Combat des Ma\u00eetres<\/a>.<\/p>\n<p>Le Combat des Ma\u00eetres : Xavier et \u00c9milien sont accompagn\u00e9s par des c\u00e9l\u00e9brit\u00e9s sur le plateau de TF1 ce samedi 12 juillet 2025<\/p>\n<p>Pour cette \u00e9dition, Xavier et \u00c9milien auront chacun la lourde t\u00e2che de mener une \u00e9quipe \u00e0 la victoire. Le champion \u00e0 plus de 2,5 millions d\u2019euros de gains et de cadeaux sera accompagn\u00e9 de l\u2019humoriste ventriloque <a href=\"https:\/\/www.programme-tv.net\/biographie\/182555-panacloc-jeff\/\" data-link-people=\"847ce349-bac9-43dc-8f73-061f0f7291da\" target=\"_blank\" rel=\"noopener\"><b>Jeff Panacloc<\/b><\/a> et son acolyte Jean-Marc, de la chanteuse et r\u00e9cente participante de <a href=\"https:\/\/www.programme-tv.net\/news\/tv\/380877-j-etais-vraiment-tres-paniquee-julie-zenatti-revele-avoir-voulu-quitter-danse-avec-les-stars-a-plusieurs-reprises\/\" data-api-deeplink=\"teleloisirs:\/\/news\/380877\" target=\"_blank\" rel=\"noopener\">Danse avec les stars<\/a>, <a href=\"https:\/\/www.programme-tv.net\/biographie\/9997-zenatti-julie\/\" data-link-people=\"14f5519b-e68c-4b8e-bef8-aa099db17341\" target=\"_blank\" rel=\"noopener\"><b>Julie Zenatti<\/b><\/a><b> <\/b>et de la pr\u00e9sentatrice de TF1, <a href=\"https:\/\/www.programme-tv.net\/biographie\/352429-grangerac-anais\/\" data-link-people=\"e889a8ab-4dfb-4a41-9e2d-9685f520c502\" target=\"_blank\" rel=\"noopener\"><b>Ana\u00efs Grangerac<\/b><\/a>. De son c\u00f4t\u00e9, Xavier sera la t\u00eate d\u2019affiche d\u2019une \u00e9quipe compos\u00e9e de la chanteuse <a href=\"https:\/\/www.programme-tv.net\/biographie\/46035-bent-amel\/\" data-link-people=\"b7eb1b90-651e-4c0c-b591-4e98a32341a0\" target=\"_blank\" rel=\"noopener\"><b>Amel Bent<\/b><\/a>, habitu\u00e9e de l\u2019\u00e9mission, de l\u2019humoriste <b>Az<\/b> et du chanteur r\u00e9v\u00e9l\u00e9 dans la Star Academy 2023, <b>Julien Lieb<\/b>. Deux \u00e9quipes de choc donc, pour un duel au sommet dont Xavier est tr\u00e8s fier de faire partie. \u00ab\u00a0C\u2019est un honneur d\u2019avoir \u00e9t\u00e9 choisi pour affronter \u00c9milien. Certes, j\u2019ai quelques victoires \u00e0 mon actif dans les \u00e9missions sp\u00e9ciales, mais on aurait pu penser \u00e0 Bruno, Paul ou \u00c9ric, qui sont largement devant moi dans le classement\u00a0\u00bb, a confi\u00e9 le p\u00e8re de deux enfants \u00e0 T\u00e9l\u00e9-Loisirs.<\/p>\n<p>                        \u00ab\u00a0On savait bien que \u00e7a allait arriver\u00a0\u00bb : Xavier (Les 12 coups de midi) sans pression avant d\u2019affronter \u00c9milien dans le Combat des Ma\u00eetres<\/p>\n<p>Un affrontement de titans qui ne procurerait pas autant d\u2019attente du c\u00f4t\u00e9 de Xavier. \u00ab\u00a0<b>Je pense que c\u2019\u00e9tait plus attendu par les fans de l\u2019\u00e9mission que par \u00c9milien ou moi <\/b>directement\u00a0\u00bb, explique l\u2019ancien Ma\u00eetre de midi. N\u00e9anmoins, il est tr\u00e8s fier de pouvoir enfin se mesurer \u00e0 \u00c9milien : \u00ab\u00a0<b>Affronter le meilleur, c\u2019est toujours un plaisir et un honneur<\/b>. C\u2019est un adversaire contre qui on a plaisir de jouer.\u00a0\u00bb Une chose est s\u00fbre, le duel sera l\u2019un des plus disput\u00e9s de l\u2019histoire.<\/p>\n","protected":false},"excerpt":{"rendered":"Ce samedi 12 juillet, TF1 propose un Combat des Ma\u00eetres de tr\u00e8s, tr\u00e8s haut niveau en prime. Un&hellip;\n","protected":false},"author":2,"featured_media":244352,"comment_status":"","ping_status":"","sticky":false,"template":"","format":"standard","meta":{"footnotes":""},"categories":[1356],"tags":[244,58,8049,59,1011,27,29525,2173,465,466,8050,252,199,1364,29526,29527],"class_list":{"0":"post-244351","1":"post","2":"type-post","3":"status-publish","4":"format-standard","5":"has-post-thumbnail","7":"category-television","8":"tag-commentaire","9":"tag-divertissement","10":"tag-emilien-les-12-coups-de-midi","11":"tag-entertainment","12":"tag-fr","13":"tag-france","14":"tag-guid_6089602746001","15":"tag-interview","16":"tag-jean-luc-reichmann","17":"tag-les-12-coups-de-midi","18":"tag-les-douze-coups-de-midi","19":"tag-television","20":"tag-tf1","21":"tag-tv","22":"tag-uuid_5c5786fc-9183-406c-be9e-c998ce1f656a","23":"tag-xavier-les-12-coups-de-midi"},"share_on_mastodon":{"url":"https:\/\/pubeurope.com\/@fr\/114839012215237371","error":""},"_links":{"self":[{"href":"https:\/\/www.europesays.com\/fr\/wp-json\/wp\/v2\/posts\/244351","targetHints":{"allow":["GET"]}}],"collection":[{"href":"https:\/\/www.europesays.com\/fr\/wp-json\/wp\/v2\/posts"}],"about":[{"href":"https:\/\/www.europesays.com\/fr\/wp-json\/wp\/v2\/types\/post"}],"author":[{"embeddable":true,"href":"https:\/\/www.europesays.com\/fr\/wp-json\/wp\/v2\/users\/2"}],"replies":[{"embeddable":true,"href":"https:\/\/www.europesays.com\/fr\/wp-json\/wp\/v2\/comments?post=244351"}],"version-history":[{"count":0,"href":"https:\/\/www.europesays.com\/fr\/wp-json\/wp\/v2\/posts\/244351\/revisions"}],"wp:featuredmedia":[{"embeddable":true,"href":"https:\/\/www.europesays.com\/fr\/wp-json\/wp\/v2\/media\/244352"}],"wp:attachment":[{"href":"https:\/\/www.europesays.com\/fr\/wp-json\/wp\/v2\/media?parent=244351"}],"wp:term":[{"taxonomy":"category","embeddable":true,"href":"https:\/\/www.europesays.com\/fr\/wp-json\/wp\/v2\/categories?post=244351"},{"taxonomy":"post_tag","embeddable":true,"href":"https:\/\/www.europesays.com\/fr\/wp-json\/wp\/v2\/tags?post=244351"}],"curies":[{"name":"wp","href":"https:\/\/api.w.org\/{rel}","templated":true}]}}