{"id":244357,"date":"2025-07-12T07:12:09","date_gmt":"2025-07-12T07:12:09","guid":{"rendered":"https:\/\/www.europesays.com\/fr\/244357\/"},"modified":"2025-07-12T07:12:09","modified_gmt":"2025-07-12T07:12:09","slug":"pourquoi-les-effets-secondaires-explosent-quand-les-temperatures-montent","status":"publish","type":"post","link":"https:\/\/www.europesays.com\/fr\/244357\/","title":{"rendered":"pourquoi les effets secondaires explosent quand les temp\u00e9ratures montent"},"content":{"rendered":"<p>Les \u00e9t\u00e9s fran\u00e7ais sont d\u00e9sormais synonymes de chaleurs records,<br \/>\ntransformant parfois le moindre d\u00e9placement en v\u00e9ritable \u00e9preuve.<br \/>\nMais un danger plus discret r\u00f4de : l\u2019augmentation des effets<br \/>\nsecondaires li\u00e9s aux m\u00e9dicaments lors d\u2019\u00e9pisodes de canicule.<br \/>\nBouff\u00e9es de chaleur, palpitations, vertiges\u2026 Alors que l\u2019on pense<br \/>\navoir seulement \u00e0 supporter la m\u00e9t\u00e9o, la prise r\u00e9guli\u00e8re de<br \/>\ncertaines pilules peut devenir un facteur de risque inattendu.<br \/>\nPourquoi notre <a href=\"https:\/\/sciencepost.fr\/scientifiques-decouvrent-nouvelle-hormone\/\" target=\"_blank\" rel=\"nofollow noopener\">organisme r\u00e9agit<\/a>-il si diff\u00e9remment d\u00e8s que le<br \/>\nmercure grimpe ? Comment reconna\u00eetre les signaux d\u2019alerte ? Et<br \/>\nsurtout, quels gestes adopter pour traverser l\u2019\u00e9t\u00e9 en toute<br \/>\ns\u00e9curit\u00e9 lorsque l\u2019on suit un traitement ? Plongeons au c\u0153ur d\u2019un<br \/>\nph\u00e9nom\u00e8ne m\u00e9connu qui concerne chaque ann\u00e9e des <strong>millions de<br \/>\nFran\u00e7ais<\/strong>.<\/p>\n<p>Quand la chaleur chamboule notre<br \/>\norganisme : comprendre les d\u00e9fis du corpsLe stress thermique : pourquoi le<br \/>\ncorps peine \u00e0 maintenir son \u00e9quilibre<\/p>\n<p>L\u2019\u00e9t\u00e9, notre organisme d\u00e9ploie des tr\u00e9sors d\u2019\u00e9nergie pour<br \/>\nconserver une temp\u00e9rature stable. Ces efforts deviennent d\u2019autant<br \/>\nplus difficiles lors d\u2019une canicule, quand la chaleur ambiante<br \/>\nd\u00e9passe largement les 30 \u00b0C. Notre corps acc\u00e9l\u00e8re alors la<br \/>\ntranspiration, dilate les vaisseaux sanguins, et tente co\u00fbte que<br \/>\nco\u00fbte de ne pas surchauffer. Cette <strong>lutte contre le stress<br \/>\nthermique<\/strong> mobilise toutes nos ressources et perturbe<br \/>\nsubtilement le fonctionnement g\u00e9n\u00e9ral, allant bien au-del\u00e0 du<br \/>\nsimple inconfort.<\/p>\n<p>R\u00e9actions physiques inattendues :<br \/>\nsueur, perte d\u2019eau, fatigue et bien plus<\/p>\n<p>En p\u00e9riode de forte chaleur, le corps \u00e9limine beaucoup plus<br \/>\nd\u2019eau par la sueur, ce qui peut entra\u00eener une<br \/>\n<strong>d\u00e9shydratation rapide<\/strong>, parfois sans s\u2019en rendre<br \/>\ncompte. Ajoutons \u00e0 cela une sensation de fatigue accrue, des<br \/>\ncrampes, voire des <a href=\"https:\/\/sciencepost.fr\/le-temps-passe-plus-vite-en-vieillissant-impression-pourquoi\/\" target=\"_blank\" rel=\"nofollow noopener\">troubles de la concentration<\/a>. Ces r\u00e9actions,<br \/>\nsouvent banalis\u00e9es, compliquent d\u2019autant la tol\u00e9rance \u00e0 de nombreux<br \/>\nm\u00e9dicaments, dont l\u2019\u00e9quilibre repose largement sur<br \/>\nl\u2019hydratation et la stabilit\u00e9 interne du corps.<\/p>\n<p>M\u00e9dicaments sous pression : comment la<br \/>\ncanicule d\u00e9cuple les effets secondairesDiur\u00e9tiques, antihypertenseurs,<br \/>\nantid\u00e9presseurs\u2026 ces pilules qui deviennent risqu\u00e9es<\/p>\n<p>Certaines familles de m\u00e9dicaments sont connues pour leur<br \/>\npotentiel \u00e0 amplifier les effets secondaires lorsque la temp\u00e9rature<br \/>\ns\u2019\u00e9l\u00e8ve. <strong>Diur\u00e9tiques<\/strong>, antihypertenseurs, et m\u00eame<br \/>\ncertains antid\u00e9presseurs ou antipsychotiques modulent la gestion de<br \/>\nl\u2019eau, du sel et de la pression art\u00e9rielle dans l\u2019organisme. Sous<br \/>\nl\u2019effet de la chaleur, les cons\u00e9quences peuvent s\u2019av\u00e9rer bien plus<br \/>\ngraves : \u00e9tourdissements, troubles du rythme cardiaque, ou<br \/>\naggravation de la d\u00e9shydratation.<\/p>\n<p>Interactions amplifi\u00e9es : quand la<br \/>\nchaleur modifie le m\u00e9tabolisme des m\u00e9dicaments<\/p>\n<p>La canicule ne se contente pas de rendre le corps plus<br \/>\nvuln\u00e9rable, elle agit aussi directement sur la mani\u00e8re dont les<br \/>\nm\u00e9dicaments sont absorb\u00e9s, transform\u00e9s et \u00e9limin\u00e9s. <strong>Le<br \/>\nm\u00e9tabolisme s\u2019acc\u00e9l\u00e8re ou se d\u00e9r\u00e8gle<\/strong>, les concentrations<br \/>\nsanguines deviennent impr\u00e9visibles et certains traitements \u00ab<br \/>\nordinaires \u00bb peuvent prendre une ampleur inhabituelle, augmentant<br \/>\nle risque de surdosage ou d\u2019interaction m\u00e9dicamenteuse<br \/>\nind\u00e9sirable.<\/p>\n<p>D\u00e9shydratation, surchauffe et troubles<br \/>\ncardiaques : les dangers redoubl\u00e9sPourquoi le risque de malaise<br \/>\ncardiaque grimpe en fl\u00e8che<\/p>\n<p>Sous l\u2019effet conjugu\u00e9 de la chaleur et des m\u00e9dicaments,<br \/>\n<strong>le c\u0153ur est souvent en premi\u00e8re ligne<\/strong>. La perte<br \/>\nd\u2019eau et de sel perturbe l\u2019\u00e9quilibre des \u00e9lectrolytes, essouffle la<br \/>\ncirculation sanguine et expose \u00e0 davantage d\u2019arythmies et de<br \/>\nmalaises. Un simple trajet sous le soleil, jadis anodin, peut alors<br \/>\nd\u00e9clencher palpitations, douleurs thoraciques voire syncope, en<br \/>\nparticulier chez les personnes \u00e2g\u00e9es ou fragilis\u00e9es.<\/p>\n<p>D\u00e9faillances r\u00e9nales et troubles<br \/>\nneurologiques, des cons\u00e9quences parfois inattendues<\/p>\n<p>Les reins, charg\u00e9s de filtrer l\u2019organisme, peuvent vite souffrir<br \/>\nd\u2019un manque d\u2019hydratation aggrav\u00e9 par la prise de diur\u00e9tiques ou<br \/>\nd\u2019autres m\u00e9dicaments. Les risques de complications r\u00e9nales, comme<br \/>\nune <strong>insuffisance passag\u00e8re<\/strong>, augmentent nettement.<br \/>\nDes troubles neurologiques temporaires peuvent aussi appara\u00eetre :<br \/>\nconfusion, d\u00e9sorientation, voire convulsions chez les sujets \u00e0<br \/>\nrisque. Sous la canicule, la vigilance est donc de mise, m\u00eame sans<br \/>\nant\u00e9c\u00e9dents notoires.<\/p>\n<p>M\u00e9dicaments et canicule : risques<br \/>\nm\u00e9connus et vigilance n\u00e9cessaireDes risques importants mais souvent<br \/>\nignor\u00e9s<\/p>\n<p>Les donn\u00e9es m\u00e9dicales montrent que les effets des m\u00e9dicaments<br \/>\npeuvent \u00eatre consid\u00e9rablement modifi\u00e9s lors des \u00e9pisodes de forte<br \/>\nchaleur. De nombreux patients ignorent que leur traitement habituel<br \/>\npeut devenir probl\u00e9matique quand les temp\u00e9ratures grimpent. Les<br \/>\nrisques de complications sont particuli\u00e8rement <strong>\u00e9lev\u00e9s chez<br \/>\nles personnes \u00e2g\u00e9es<\/strong>, celles souffrant de pathologies<br \/>\nchroniques ou suivant plusieurs traitements simultan\u00e9ment. Cette<br \/>\nm\u00e9connaissance repr\u00e9sente un v\u00e9ritable enjeu de sant\u00e9<br \/>\npublique lors des p\u00e9riodes caniculaires.<\/p>\n<p>L\u2019avis des professionnels de sant\u00e9 :<br \/>\nalerter, anticiper, accompagner<\/p>\n<p>Face \u00e0 cette situation, m\u00e9decins et pharmaciens ne cessent de<br \/>\nrappeler l\u2019importance d\u2019une communication pr\u00e9ventive. <strong>Mieux<br \/>\ninformer<\/strong> leurs patients, adapter les prescriptions si<br \/>\nbesoin, encourager la vigilance d\u00e8s les premiers signaux :<br \/>\naccompagner chacun dans cette p\u00e9riode \u00e0 risque est un d\u00e9fi crucial<br \/>\nde la sant\u00e9 publique chaque \u00e9t\u00e9.<\/p>\n<p>Adapter son traitement face \u00e0 la<br \/>\ncanicule : les bons r\u00e9flexes \u00e0 adopterAnticiper avec son m\u00e9decin : revoir<br \/>\nposologies et habitudes en p\u00e9riode de chaleur<\/p>\n<p>Il est essentiel de consulter son m\u00e9decin ou son pharmacien d\u00e8s<br \/>\nl\u2019annonce d\u2019une vague de chaleur, surtout si l\u2019on suit un<br \/>\ntraitement de longue dur\u00e9e. Certains dosages peuvent \u00eatre<br \/>\n<strong>r\u00e9ajust\u00e9s temporairement<\/strong>, ou l\u2019on peut conseiller<br \/>\nd\u2019espacer la prise de m\u00e9dicaments connus pour aggraver la<br \/>\nd\u00e9shydratation. Parfois, un simple changement d\u2019horaire (prendre<br \/>\nson m\u00e9dicament t\u00f4t le matin ou tard le soir) peut suffire \u00e0<br \/>\nlimiter les risques.<\/p>\n<p>S\u2019hydrater, surveiller, s\u2019\u00e9couter :<br \/>\ntous les gestes qui sauvent<\/p>\n<p>Quelques gestes, simples mais essentiels, permettent de<br \/>\ntraverser les \u00e9pisodes de canicule sans encombre : boire<br \/>\nr\u00e9guli\u00e8rement de l\u2019eau, \u00e9viter les efforts physiques aux heures les<br \/>\nplus chaudes, surveiller toute sensation inhabituelle (soif<br \/>\nintense, fatigue, palpitations) et ne jamais h\u00e9siter \u00e0 demander<br \/>\nconseil. <strong>\u00c9couter son corps<\/strong> s\u2019av\u00e8re parfois plus<br \/>\npr\u00e9cieux que de suivre m\u00e9caniquement une prescription.<\/p>\n<p>Mieux inform\u00e9s, mieux prot\u00e9g\u00e9s : les<br \/>\nnouvelles pistes de pr\u00e9ventionLes campagnes d\u2019alerte et initiatives<br \/>\nm\u00e9dicales innovantes<\/p>\n<p>Face \u00e0 la r\u00e9currence des canicules, les autorit\u00e9s sanitaires<br \/>\nmultiplient les <strong>campagnes d\u2019information<\/strong> : affiches<br \/>\ndans les pharmacies, messages \u00e0 la radio, alertes SMS pour les<br \/>\npersonnes \u00e0 risque, et m\u00eame applications mobiles d\u00e9di\u00e9es.<br \/>\nL\u2019objectif ? Responsabiliser mais aussi rassurer, en rappelant les<br \/>\nbons r\u00e9flexes \u00e0 adopter et en facilitant les d\u00e9marches pour ajuster<br \/>\nson traitement.<\/p>\n<p>Que faire en cas de doute ou de<br \/>\nsympt\u00f4mes ? Conseils pratiques pour r\u00e9agir rapidement<\/p>\n<p>En cas de doute sur une r\u00e9action inhabituelle \u00e0 son traitement<br \/>\npendant la canicule, <strong>il est primordial<\/strong> de ne pas<br \/>\nstopper sa prise sans avis m\u00e9dical, mais de contacter rapidement un<br \/>\nprofessionnel. Un entretien t\u00e9l\u00e9phonique ou une simple visite en<br \/>\npharmacie peuvent faire toute la diff\u00e9rence et \u00e9viter une<br \/>\naggravation des sympt\u00f4mes. La r\u00e9action la plus sage reste de<br \/>\ns\u2019entourer et d\u2019agir sans attendre.<\/p>\n<p>M\u00e9dicaments et canicule : les points \u00e0<br \/>\nretenir pour traverser l\u2019\u00e9t\u00e9 en toute s\u00e9curit\u00e9R\u00e9sum\u00e9 des risques principaux et des<br \/>\nmesures de vigilance<\/p>\n<p>Lors des vagues de chaleur, <strong>de nombreux m\u00e9dicaments<br \/>\ncourants voient leurs effets ind\u00e9sirables s\u2019intensifier<\/strong>,<br \/>\nexposant \u00e0 des malaises, des troubles cardiaques ou neurologiques.<br \/>\nL\u2019association canicule et traitements impose donc une vigilance<br \/>\nredoubl\u00e9e : \u00eatre attentif aux signaux du corps, ne pas h\u00e9siter<br \/>\n\u00e0 consulter et suivre les recommandations des professionnels de<br \/>\nsant\u00e9.<\/p>\n<p>Vers une meilleure pr\u00e9vention<br \/>\nindividuelle et collective lors des futures vagues de chaleur<\/p>\n<p>Prendre soin de sa sant\u00e9 pendant l\u2019\u00e9t\u00e9 ne se r\u00e9sume plus \u00e0 se<br \/>\ncouvrir du soleil ou \u00e0 bien s\u2019hydrater. <strong>Comprendre les<br \/>\ninteractions entre chaleur et m\u00e9dicaments<\/strong>, c\u2019est aussi se<br \/>\ndonner les moyens d\u2019anticiper et de traverser sereinement les<br \/>\nprochains \u00e9pisodes caniculaires. Chacun, \u00e0 son \u00e9chelle, peut ainsi<br \/>\ncontribuer \u00e0 limiter les risques, pour soi et pour ses proches.<\/p>\n<p>Alors que la France apprend \u00e0 vivre avec des \u00e9t\u00e9s de plus en<br \/>\nplus chauds, la question de l\u2019information sur l\u2019impact de la<br \/>\ncanicule sur nos traitements reste fondamentale. En restant<br \/>\nvigilants et en anticipant, nous pouvons transformer ces<br \/>\ncontraintes en r\u00e9flexes de protection. Retenons ceci : face \u00e0 la<br \/>\nchaleur, les m\u00e9dicaments ne sont jamais anodins, mais avec une<br \/>\n<strong>information ad\u00e9quate<\/strong>, l\u2019\u00e9t\u00e9 peut demeurer une<br \/>\nsaison de bien-\u00eatre et de s\u00e9r\u00e9nit\u00e9.<\/p>\n","protected":false},"excerpt":{"rendered":"Les \u00e9t\u00e9s fran\u00e7ais sont d\u00e9sormais synonymes de chaleurs records, transformant parfois le moindre d\u00e9placement en v\u00e9ritable \u00e9preuve. Mais&hellip;\n","protected":false},"author":2,"featured_media":244358,"comment_status":"","ping_status":"","sticky":false,"template":"","format":"standard","meta":{"footnotes":""},"categories":[10],"tags":[1011,27,72,71],"class_list":{"0":"post-244357","1":"post","2":"type-post","3":"status-publish","4":"format-standard","5":"has-post-thumbnail","7":"category-sante","8":"tag-fr","9":"tag-france","10":"tag-health","11":"tag-sante"},"share_on_mastodon":{"url":"https:\/\/pubeurope.com\/@fr\/114839024005612453","error":""},"_links":{"self":[{"href":"https:\/\/www.europesays.com\/fr\/wp-json\/wp\/v2\/posts\/244357","targetHints":{"allow":["GET"]}}],"collection":[{"href":"https:\/\/www.europesays.com\/fr\/wp-json\/wp\/v2\/posts"}],"about":[{"href":"https:\/\/www.europesays.com\/fr\/wp-json\/wp\/v2\/types\/post"}],"author":[{"embeddable":true,"href":"https:\/\/www.europesays.com\/fr\/wp-json\/wp\/v2\/users\/2"}],"replies":[{"embeddable":true,"href":"https:\/\/www.europesays.com\/fr\/wp-json\/wp\/v2\/comments?post=244357"}],"version-history":[{"count":0,"href":"https:\/\/www.europesays.com\/fr\/wp-json\/wp\/v2\/posts\/244357\/revisions"}],"wp:featuredmedia":[{"embeddable":true,"href":"https:\/\/www.europesays.com\/fr\/wp-json\/wp\/v2\/media\/244358"}],"wp:attachment":[{"href":"https:\/\/www.europesays.com\/fr\/wp-json\/wp\/v2\/media?parent=244357"}],"wp:term":[{"taxonomy":"category","embeddable":true,"href":"https:\/\/www.europesays.com\/fr\/wp-json\/wp\/v2\/categories?post=244357"},{"taxonomy":"post_tag","embeddable":true,"href":"https:\/\/www.europesays.com\/fr\/wp-json\/wp\/v2\/tags?post=244357"}],"curies":[{"name":"wp","href":"https:\/\/api.w.org\/{rel}","templated":true}]}}