{"id":244374,"date":"2025-07-12T07:23:11","date_gmt":"2025-07-12T07:23:11","guid":{"rendered":"https:\/\/www.europesays.com\/fr\/244374\/"},"modified":"2025-07-12T07:23:11","modified_gmt":"2025-07-12T07:23:11","slug":"voici-ou-et-quand-voir-des-feux-dartifice-ce-week-end-pres-de-nancy","status":"publish","type":"post","link":"https:\/\/www.europesays.com\/fr\/244374\/","title":{"rendered":"voici o\u00f9 et quand voir des feux d&rsquo;artifice ce week-end pr\u00e8s de Nancy"},"content":{"rendered":"<p>            Par<br \/>\n        <strong><br \/>\n            <a href=\"https:\/\/actu.fr\/auteur\/pierre-emile-bouchy-actu-fr\" title=\"Consulter tous les articles de Paul-Emile Bouchy\" rel=\"nofollow noopener\" target=\"_blank\">Paul-Emile Bouchy<\/a><br \/>\n        <\/strong><\/p>\n<p>        Publi\u00e9 le<\/p>\n<p>            12 juil. 2025 \u00e0 9h02        <\/p>\n<p>\u00c0 l\u2019occasion de la f\u00eate nationale, de nombreux \u00e9v\u00e8nements vont avoir lieu dans la m\u00e9tropole du <a href=\"https:\/\/actu.fr\/tag\/grand-nancy\" rel=\"nofollow noopener\" target=\"_blank\">Grand Nancy<\/a>.<\/p>\n<p class=\" wall-content\">Si <a href=\"https:\/\/actu.fr\/grand-est\/nancy_54395\/feu-d-artifice-du-14-juillet-a-nancy-voici-tout-ce-que-vous-devez-savoir-2_62737700.html\" rel=\"nofollow noopener\" target=\"_blank\">le feu d\u2019artifice de Nancy<\/a> va \u00eatre tir\u00e9 lundi 14\u00a0juillet <strong>\u00e0 22h30 depuis le quartier du plateau de Haye<\/strong>, plusieurs communes organiseront un spectacle pyrotechnique la veille, le <strong>dimanche 13\u00a0juillet<\/strong>.<\/p>\n<p class=\" wall-content\">On vous dit <strong>o\u00f9 et \u00e0 quelle heure ces feux d\u2019artifice seront tir\u00e9s<\/strong>.<\/p>\n<p>Fl\u00e9ville-devant-Nancy\u2009: 22h30<\/p>\n<p class=\" wall-content\">Apr\u00e8s un pique-nique \u00e0 partir de 19h, un bal populaire \u00e0 la salle des f\u00eates de la commune de Fl\u00e9ville-devant-Nancy rythmera la soir\u00e9e.<\/p>\n<p class=\" wall-content\">Une <strong>retraite aux flambeaux<\/strong> pr\u00e9c\u00e9dera le feu d\u2019artifice qui sera tir\u00e9 \u00e0 la tomb\u00e9e de la nuit.<\/p>\n<p>Vid\u00e9os : en ce moment sur ActuLaneuveville-devant-Nancy\u2009: 22h30<\/p>\n<p class=\" wall-content\">\u00c0 partir de 18h30, le parc F\u00e9nal accueillera un bal populaire. \u00c0 21h45, une retraite aux flambeaux aura lieu pour rejoindre la plaine du Frahaut o\u00f9 le feu d\u2019artifice sera tir\u00e9 \u00e0 22h30.<\/p>\n<p class=\" wall-content\">Lundi, un <strong>concours de p\u00eache<\/strong> sera organis\u00e9 de 7h30 \u00e0 10h30, ainsi qu\u2019un concours de p\u00e9tanque l\u2019apr\u00e8s-midi sur la place Max Franck. Des activit\u00e9s ludiques seront mises en place pour les enfants.<\/p>\n<p>Laxou\u2009: 22h45<\/p>\n<p class=\" wall-content\">Les festivit\u00e9s d\u00e9buteront \u00e0 19h \u00e0 Laxou avec des animations\u2009: <strong>chasse aux tr\u00e9sors, mini-jeux<\/strong>. Le feu d\u2019artifice sera tir\u00e9 \u00e0 22h45 depuis le parc Pol-Chon\u00e9 de l\u2019h\u00f4tel de ville.<\/p>\n<p>    <a href=\"https:\/\/www.facebook.com\/plugins\/post.php?href=https%3A%2F%2Fwww.facebook.com%2FMairiedeLaxou%2Fposts%2Fpfbid036JN4b1yJcyEof1ppxre1VnB6jpA4g8H5qJxev3orC3RfyPHJhAhfREsU4331YeMHl&amp;show_text=true&amp;width=350\" title=\"Ouvrie le lien\" rel=\"nofollow noopener\" target=\"_blank\">Cliquez ici pour visualiser le contenu<\/a><\/p>\n<p>Ludres\u2009: 23h<\/p>\n<p class=\" wall-content\">Dimanche, \u00e0 partir de 14h \u00e0 Ludres, un <strong>concours de p\u00e9tanque<\/strong> aura lieu place Ferri. Les habitants pourront ensuite danser lors d\u2019un bal populaire d\u00e9butant \u00e0 20h.<\/p>\n<p class=\" wall-content\">Le feu d\u2019artifice sera tir\u00e9 \u00e0 23h depuis le parc Sainte-Th\u00e9r\u00e8se.<\/p>\n<p>Malz\u00e9ville\u2009: 22h45<\/p>\n<p class=\" wall-content\">Cette ann\u00e9e, les festivit\u00e9s auront lieu au complexe sportif Jo Schlesser dimanche. Le groupe Goldfingers s\u2019y produira \u00e0 partir de 20h30. Le feu d\u2019artifice sera tir\u00e9 depuis le stade \u00e0 22h45.<\/p>\n<p>Saint-Max\u2009: 22h30<\/p>\n<p class=\" wall-content\">\u00c0 Saint-Max, sur l\u2019Esplanade du Ch\u00e2teau, les habitants se retrouveront dimanche \u00e0 partir de 20h pour <strong>une soir\u00e9e dansante<\/strong> avec un extrait du spectacle cabaret \u00ab\u2009Horizon\u2009\u00bb by Showgirls. Le feu d\u2019artifice y sera tir\u00e9 \u00e0 22h30 des bords de Meurthe.<\/p>\n<p class=\" wall-content\">Lundi, la c\u00e9r\u00e9monie aux monuments aux morts \u00e0 11h30 sera suivie par un pique-nique \u00ab\u2009r\u00e9publicain et convivial\u2009\u00bb.<\/p>\n<p>    <a href=\"https:\/\/www.facebook.com\/plugins\/post.php?href=https%3A%2F%2Fwww.facebook.com%2FSaintMaxOfficiel%2Fposts%2Fpfbid03sbPezH2yaSRxP7PmdZGYAmYBenPEbBRuwBj7tsrq82ZmB7mCSP4P6XiyWt8paPSl&amp;show_text=true&amp;width=350\" title=\"Ouvrie le lien\" rel=\"nofollow noopener\" target=\"_blank\">Cliquez ici pour visualiser le contenu<\/a><\/p>\n<p>Tomblaine\u2009: 22h30<\/p>\n<p class=\" wall-content\">D\u00e8s 19h, un bal populaire sera organis\u00e9 sur l\u2019\u00eele aux Oies \u00e0 Tomblaine.<\/p>\n<p class=\" wall-content\">Le feu d\u2019artifice y sera tir\u00e9 \u00e0 22h30 avec une distribution de lampions.<\/p>\n<p>Vand\u0153uvre-l\u00e8s-Nancy\u2009: 22h45<\/p>\n<p class=\" wall-content\">Aux halles du march\u00e9 de Vand\u0153uvre-l\u00e8s-Nancy, un bal populaire d\u00e9butera \u00e0 20h, anim\u00e9 par le groupe Quincaille Family. Le feu d\u2019artifice sera tir\u00e9 \u00e0 22h45 au parc Richard-Pouille.<\/p>\n<p class=\" wall-content\">Lundi 14\u00a0juillet, un <strong>vide-grenier<\/strong> aura lieu de 8h30 \u00e0 17h30 dans le quartier Tourtel, suivi d\u2019un bal populaire \u00e0 partir de 19h.<\/p>\n<p>Villers-l\u00e8s-Nancy\u2009: 22h45<\/p>\n<p class=\" wall-content\">\u00c0 Villers-l\u00e8s-Nancy, la f\u00eate nationale sera <strong>tr\u00e8s musicale<\/strong>. En partenariat avec L\u2019Autre Canal et son \u00e9v\u00e8nement estival Amours d\u2019\u00e9t\u00e9, une initiation \u00e0 la salsa d\u00e9butera \u00e0 19h30 avant un concert de l\u2019orchestre Sea Sex\u2019n Son \u00e0 21h45. Le feu d\u2019artifice sera tir\u00e9 \u00e0 22h45.<\/p>\n<p>    <a href=\"https:\/\/www.facebook.com\/plugins\/post.php?href=https%3A%2F%2Fwww.facebook.com%2FVillerslesNancy%2Fposts%2Fpfbid02ZoAF9oGM2pUQ8Gf5gKK2oQmNJurEgC4WTANEdQZ49Ywi4ix1YyUbFPSzbWDjckWpl&amp;show_text=true&amp;width=350\" title=\"Ouvrie le lien\" rel=\"nofollow noopener\" target=\"_blank\">Cliquez ici pour visualiser le contenu<\/a><\/p>\n<p>Max\u00e9ville\u2009: samedi \u00e0 22h45<\/p>\n<p class=\" wall-content\">Contrairement aux autres communes du Grand Nancy, la Ville de Max\u00e9ville a choisi de <strong>c\u00e9l\u00e9brer la f\u00eate nationale le samedi\u00a012<\/strong>, et non le dimanche 13\u00a0juillet.<\/p>\n<p class=\" wall-content\">Ainsi, le feu d\u2019artifice aura lieu \u00e0 22h45 au parc L\u00e9o-Lagrange. Avant et apr\u00e8s le spectacle pyrotechnique, les habitants pourront profiter d\u2019un concert et d\u2019une buvette pour se restaurer.<\/p>\n<p class=\" wall-content\">Suivez toute l\u2019actualit\u00e9 de vos villes et m\u00e9dias favoris en vous inscrivant \u00e0 <a href=\"https:\/\/moncompte.actu.fr\" title=\"D\u00e9couvez Mon Actu\" rel=\"nofollow noopener\" data-trk=\"{&quot;cta&quot;:{&quot;action&quot;:&quot;https:\\\/\\\/moncompte.actu.fr&quot;,&quot;category&quot;:&quot;mon compte&quot;,&quot;from&quot;:&quot;article footer&quot;,&quot;name&quot;:&quot;Mon actu&quot;,&quot;type&quot;:&quot;cta&quot;}}\" target=\"_blank\">Mon Actu<\/a>.<\/p>\n<ul class=\"ac-article-tag wall-content\">\n<li><a href=\"https:\/\/actu.fr\/tag\/feu-dartifice\" data-trk=\"{&quot;cta&quot;:{&quot;action&quot;:&quot;Feu d&#039;artifice&quot;,&quot;category&quot;:&quot;tag&quot;,&quot;from&quot;:&quot;article footer&quot;,&quot;name&quot;:&quot;Feu d&#039;artifice&quot;,&quot;type&quot;:&quot;cta&quot;}}\" rel=\"nofollow noopener\" target=\"_blank\">#Feu d&rsquo;artifice<\/a><\/li>\n<li><a href=\"https:\/\/actu.fr\/tag\/grand-nancy\" data-trk=\"{&quot;cta&quot;:{&quot;action&quot;:&quot;Grand Nancy&quot;,&quot;category&quot;:&quot;tag&quot;,&quot;from&quot;:&quot;article footer&quot;,&quot;name&quot;:&quot;Grand Nancy&quot;,&quot;type&quot;:&quot;cta&quot;}}\" rel=\"nofollow noopener\" target=\"_blank\">#Grand Nancy<\/a><\/li>\n<\/ul>\n","protected":false},"excerpt":{"rendered":"Par Paul-Emile Bouchy Publi\u00e9 le 12 juil. 2025 \u00e0 9h02 \u00c0 l\u2019occasion de la f\u00eate nationale, de nombreux&hellip;\n","protected":false},"author":2,"featured_media":241764,"comment_status":"","ping_status":"","sticky":false,"template":"","format":"standard","meta":{"footnotes":""},"categories":[9635],"tags":[1111,11,1777,674,16701,1011,27,775,10375,1702,12,25,104],"class_list":{"0":"post-244374","1":"post","2":"type-post","3":"status-publish","4":"format-standard","5":"has-post-thumbnail","7":"category-nancy","8":"tag-actu","9":"tag-actualites","10":"tag-eu","11":"tag-europe","12":"tag-feu-dartifice","13":"tag-fr","14":"tag-france","15":"tag-grand-est","16":"tag-grand-nancy","17":"tag-nancy","18":"tag-news","19":"tag-republique-francaise","20":"tag-societe"},"share_on_mastodon":{"url":"https:\/\/pubeurope.com\/@fr\/114839067222031896","error":""},"_links":{"self":[{"href":"https:\/\/www.europesays.com\/fr\/wp-json\/wp\/v2\/posts\/244374","targetHints":{"allow":["GET"]}}],"collection":[{"href":"https:\/\/www.europesays.com\/fr\/wp-json\/wp\/v2\/posts"}],"about":[{"href":"https:\/\/www.europesays.com\/fr\/wp-json\/wp\/v2\/types\/post"}],"author":[{"embeddable":true,"href":"https:\/\/www.europesays.com\/fr\/wp-json\/wp\/v2\/users\/2"}],"replies":[{"embeddable":true,"href":"https:\/\/www.europesays.com\/fr\/wp-json\/wp\/v2\/comments?post=244374"}],"version-history":[{"count":0,"href":"https:\/\/www.europesays.com\/fr\/wp-json\/wp\/v2\/posts\/244374\/revisions"}],"wp:featuredmedia":[{"embeddable":true,"href":"https:\/\/www.europesays.com\/fr\/wp-json\/wp\/v2\/media\/241764"}],"wp:attachment":[{"href":"https:\/\/www.europesays.com\/fr\/wp-json\/wp\/v2\/media?parent=244374"}],"wp:term":[{"taxonomy":"category","embeddable":true,"href":"https:\/\/www.europesays.com\/fr\/wp-json\/wp\/v2\/categories?post=244374"},{"taxonomy":"post_tag","embeddable":true,"href":"https:\/\/www.europesays.com\/fr\/wp-json\/wp\/v2\/tags?post=244374"}],"curies":[{"name":"wp","href":"https:\/\/api.w.org\/{rel}","templated":true}]}}