{"id":244385,"date":"2025-07-12T07:33:17","date_gmt":"2025-07-12T07:33:17","guid":{"rendered":"https:\/\/www.europesays.com\/fr\/244385\/"},"modified":"2025-07-12T07:33:17","modified_gmt":"2025-07-12T07:33:17","slug":"une-fierte-et-un-peu-de-stress-le-robot-de-la-societe-bretonne-h2x-ecosystems-presente-aux-invalides-pour-le-14-juillet","status":"publish","type":"post","link":"https:\/\/www.europesays.com\/fr\/244385\/","title":{"rendered":"\u00ab\u00a0Une fiert\u00e9 et un peu de stress\u00a0\u00bb\u00a0: le robot de la soci\u00e9t\u00e9 bretonne H2X-Ecosystems pr\u00e9sent\u00e9 aux Invalides pour le 14-juillet"},"content":{"rendered":"<p>\u00ab On nous l\u2019a annonc\u00e9 il y a deux mois ! \u00bb, sourit St\u00e9phane Paul, le P.-D.G de H2X-Ecosystems. <a href=\"https:\/\/www.letelegramme.fr\/economie\/entreprise\/hydrogene-le-breton-h2x-ecosystems-poursuit-sa-montee-en-puissance-6623198.php\" target=\"_blank\" rel=\"noopener\">L\u2019entreprise bretonne<\/a>, bas\u00e9e \u00e0 Bruz (Ille-et-Vilaine) et Bourg-Blanc (Finist\u00e8re), va pr\u00e9senter son robot Hermione aux Invalides \u00e0 Paris \u00e0 l\u2019occasion du 14-juillet. De 9 h \u00e0 16 h, les visiteurs pourront d\u00e9couvrir ce robot \u00e9lectrique hydrog\u00e8ne d\u00e9velopp\u00e9 par H2X-D\u00e9fense ainsi que son g\u00e9n\u00e9rateur \u00e9lectrique de 15 kwatt, Hemera.<\/p>\n<p>Essais avec l\u2019\u00e9cole de Saint-Cyr Co\u00ebtquidan<\/p>\n<p>\u00ab Hermione est un drone \u00e9lectrique mais \u00e9quip\u00e9 d\u2019une recharge rapide \u00e0 l\u2019hydrog\u00e8ne, ce qui permet d\u2019\u00e9viter de le ramener pour le recharger trop souvent \u00bb, r\u00e9sume le P.-D.G. L\u2019outil peut assurer une surveillance discr\u00e8te avec sa cam\u00e9ra HD, servir de \u00ab mule \u00bb avec sa charge utile de 300 kg, et est un robot NRBC (menaces nucl\u00e9aire, radiologique, biologique et chimique), pour sentir l\u2019atmosph\u00e8re et d\u00e9tecter des substances chimiques ou autre. Il a int\u00e9ress\u00e9 l\u2019Arm\u00e9e de terre fran\u00e7aise qui le teste depuis 2024, avec le 3e Rima et le centre de recherche de Saint-Cyr Co\u00ebtquidan. H2X-Ecosystems a commenc\u00e9 \u00e0 fabriquer une premi\u00e8re s\u00e9rie et travaillent actuellement \u00e0 une nouvelle g\u00e9n\u00e9ration du robot afin de l\u2019industrialiser.<\/p>\n<p>Pour l\u2019entreprise bretonne, cette mise en avant \u00e0 Paris est l\u2019occasion de d\u00e9montrer son savoir-faire. \u00ab C\u2019est une fiert\u00e9 d\u2019avoir \u00e9t\u00e9 choisi, m\u00eame s\u2019il y a un peu de stress avant le jour J \u00bb, confie St\u00e9phane Paul, qui souhaite \u00ab trouver des usages \u00e0 l\u2019utilisation de l\u2019hydrog\u00e8ne \u00bb.<\/p>\n","protected":false},"excerpt":{"rendered":"\u00ab On nous l\u2019a annonc\u00e9 il y a deux mois ! \u00bb, sourit St\u00e9phane Paul, le P.-D.G de&hellip;\n","protected":false},"author":2,"featured_media":244386,"comment_status":"","ping_status":"","sticky":false,"template":"","format":"standard","meta":{"footnotes":""},"categories":[2821],"tags":[1111,11,533,38406,3450,829,1782,33,257,1777,674,1011,27,12,584,25],"class_list":{"0":"post-244385","1":"post","2":"type-post","3":"status-publish","4":"format-standard","5":"has-post-thumbnail","7":"category-rennes","8":"tag-actu","9":"tag-actualites","10":"tag-armee-de-terre","11":"tag-bourg-blanc","12":"tag-brest","13":"tag-bretagne","14":"tag-defense-nationale","15":"tag-economie","16":"tag-entreprise","17":"tag-eu","18":"tag-europe","19":"tag-fr","20":"tag-france","21":"tag-news","22":"tag-rennes","23":"tag-republique-francaise"},"share_on_mastodon":{"url":"https:\/\/pubeurope.com\/@fr\/114839106590459887","error":""},"_links":{"self":[{"href":"https:\/\/www.europesays.com\/fr\/wp-json\/wp\/v2\/posts\/244385","targetHints":{"allow":["GET"]}}],"collection":[{"href":"https:\/\/www.europesays.com\/fr\/wp-json\/wp\/v2\/posts"}],"about":[{"href":"https:\/\/www.europesays.com\/fr\/wp-json\/wp\/v2\/types\/post"}],"author":[{"embeddable":true,"href":"https:\/\/www.europesays.com\/fr\/wp-json\/wp\/v2\/users\/2"}],"replies":[{"embeddable":true,"href":"https:\/\/www.europesays.com\/fr\/wp-json\/wp\/v2\/comments?post=244385"}],"version-history":[{"count":0,"href":"https:\/\/www.europesays.com\/fr\/wp-json\/wp\/v2\/posts\/244385\/revisions"}],"wp:featuredmedia":[{"embeddable":true,"href":"https:\/\/www.europesays.com\/fr\/wp-json\/wp\/v2\/media\/244386"}],"wp:attachment":[{"href":"https:\/\/www.europesays.com\/fr\/wp-json\/wp\/v2\/media?parent=244385"}],"wp:term":[{"taxonomy":"category","embeddable":true,"href":"https:\/\/www.europesays.com\/fr\/wp-json\/wp\/v2\/categories?post=244385"},{"taxonomy":"post_tag","embeddable":true,"href":"https:\/\/www.europesays.com\/fr\/wp-json\/wp\/v2\/tags?post=244385"}],"curies":[{"name":"wp","href":"https:\/\/api.w.org\/{rel}","templated":true}]}}