{"id":244391,"date":"2025-07-12T07:36:19","date_gmt":"2025-07-12T07:36:19","guid":{"rendered":"https:\/\/www.europesays.com\/fr\/244391\/"},"modified":"2025-07-12T07:36:19","modified_gmt":"2025-07-12T07:36:19","slug":"initiative-citoyenne-nous-strasbourg-veut-influer-sur-les-elections-municipales","status":"publish","type":"post","link":"https:\/\/www.europesays.com\/fr\/244391\/","title":{"rendered":"Initiative citoyenne, \u00ab\u00a0Nous Strasbourg\u00a0\u00bb veut influer sur les \u00e9lections municipales"},"content":{"rendered":"<p class=\"wp-block-post-excerpt__excerpt\">Une poign\u00e9e de Strasbourgeois ont cr\u00e9\u00e9 une association appel\u00e9e \u00ab\u00a0Nous Strasbourg\u00a0\u00bb. Leur objectif est d\u2019interpeller les candidats aux \u00e9lections municipales, avec des propositions issues de discussions publiques. <\/p>\n<p class=\"font-sans\">\n\t\t\tCet article est en acc\u00e8s libre. Pour soutenir Rue89 Strasbourg,<br \/>\n\t\t\t<a class=\"underline\" href=\"https:\/\/www.rue89strasbourg.com\/abonnement\" target=\"_blank\" rel=\"noopener\">abonnez-vous<\/a>.\n\t\t<\/p>\n<p>Lucie Dradem<\/p>\n<p>Publi\u00e9 le 12 juillet 2025\u00a0\u00a0\u00b7\u00a0\u00a0<\/p>\n<p>Imprim\u00e9 le 12 juillet 2025 \u00e0 08h33\u00a0\u00a0\u00b7\u00a0\u00a0<\/p>\n<p>\t\t\t\t\t2\u00a0minutes\n<\/p>\n<p>\u00ab\u00a0Je me sens moins seul\u00a0\u00bb, commence Dominique B\u00e9zu, vice-pr\u00e9sident de Nous Strasbourg, en regardant la petite assembl\u00e9e r\u00e9unie au Club de la presse de Strasbourg vendredi 11 juillet. Avec Yves Sager, pr\u00e9sident de l\u2019association, et Fr\u00e9d\u00e9ric Cadiot, secr\u00e9taire, Dominique B\u00e9zu pr\u00e9sente un mouvement de d\u00e9mocratie participative \u00ab\u00a0parti d\u2019un petit groupe, confront\u00e9 \u00e0 l\u2019\u00e9tat du monde qui s\u2019enflamme et se d\u00e9chire, et \u00e0 notre impuissance collective \u00e0 prendre les choses en mains.\u00a0\u00bb<\/p>\n<p>Cr\u00e9\u00e9 en mars, le \u00ab\u00a0petit groupe\u00a0\u00bb aimerait comprendre ce que veulent les Strasbourgeois pour les six prochaines ann\u00e9es et donner voix \u00e0 ces envies aupr\u00e8s des candidats aux \u00e9lections municipales de mars 2026 dans une logique transpartisane. <\/p>\n<p><a href=\"https:\/\/www.rue89strasbourg.com\/abonnement\/paiement?sub=3&amp;discount=ete2025\" target=\"_blank\" rel=\"noopener\"><img loading=\"lazy\" decoding=\"async\" width=\"970\" height=\"250\" src=\"https:\/\/www.europesays.com\/fr\/wp-content\/uploads\/2025\/07\/bannie\u0300re-site-desktop-anime\u0301e.gif\" alt=\"\" class=\"wp-image-350811\" style=\"width:792px;height:auto\"\/><\/a><\/p>\n<p><a href=\"https:\/\/www.rue89strasbourg.com\/abonnement\/paiement?sub=3&amp;discount=ete2025\" target=\"_blank\" rel=\"noopener\"><img loading=\"lazy\" decoding=\"async\" width=\"300\" height=\"300\" src=\"https:\/\/www.europesays.com\/fr\/wp-content\/uploads\/2025\/07\/bannie\u0300re-pub-mobile-anime\u0301e.gif\" alt=\"\" class=\"wp-image-350815\"\/><\/a><\/p>\n<p>Des r\u00e9unions citoyennes \u00e0 d\u00e9velopper<\/p>\n<p>Depuis novembre 2024, ce groupe a tenu une quinzaine de r\u00e9unions dans un local associatif du Neudorf, fr\u00e9quent\u00e9es chacune par une dizaine de personnes. \u00ab\u00a0Nous n\u2019avons impos\u00e9 que deux r\u00e8gles aux participants\u00a0\u00bb, d\u00e9taille Dominique B\u00e9zu\u00a0:<\/p>\n<blockquote class=\"wp-block-quote is-layout-flow wp-block-quote-is-layout-flow\">\n<p>\u00ab\u00a0Les citoyens qui venaient \u00e0 nos r\u00e9unions devaient respecter la confidentialit\u00e9 des discussions et ne pas mentionner leurs \u00e9ventuelles appartenances politiques. Nous voulions, sur le mod\u00e8le des conventions citoyennes, un d\u00e9bat transpartisan.\u00a0\u00bb<\/p>\n<\/blockquote>\n<p>\u00ab\u00a0Nous ne demandions m\u00eame pas leur nom aux participants\u00a0\u00bb, ajoute Yves Sager. Driss Rharrouz, vice-pr\u00e9sident de l\u2019association, assure\u00a0:<\/p>\n<blockquote class=\"wp-block-quote is-layout-flow wp-block-quote-is-layout-flow\">\n<p>\u00ab\u00a0M\u00eame si \u00e7a s\u2019est fait par bouche \u00e0 oreille, le public \u00e9tait vraiment \u00e0 l\u2019image de Strasbourg avec des personnes issues des quartiers populaires, d\u2019autres issues des minorit\u00e9s de genre, etc.\u00a0\u00bb<\/p>\n<\/blockquote>\n<p>\u00ab\u00a0On ne peut pas nier qu\u2019il y avait une majorit\u00e9 d\u2019hommes\u00a0\u00bb, nuance Yves Sager, l\u2019un des quatre hommes pr\u00e9sents sur les cinq membres de l\u2019association. <\/p>\n<p>\t\tInfluer sur les programmes<\/p>\n<p>Trois th\u00e9matiques se sont d\u00e9gag\u00e9s des d\u00e9bats selon Dominique B\u00e9zu\u00a0: \u00ab\u00a0la d\u00e9mocratie participative, l\u2019\u00e9cologie et la ville solidaire. Tout ce qui touche au logement, \u00e0 la pr\u00e9carit\u00e9, alors que 25% des habitants de Strasbourg vivent sous le seuil de pauvret\u00e9\u00a0\u00bb. <\/p>\n<p>Yves Sager d\u00e9taille la prochaine \u00e9tape de l\u2019association\u00a0:<\/p>\n<blockquote class=\"wp-block-quote is-layout-flow wp-block-quote-is-layout-flow\">\n<p>\u00ab\u00a0Nous allons poser des questions pr\u00e9cises aux candidats aux \u00e9lections municipales. Nous attendons des r\u00e9ponses concr\u00e8tes de leur part. Nous cherchons \u00e0 influer sur les programmes, afin qu\u2019ils contiennent autre chose que de vagues principes.\u00a0\u00bb<\/p>\n<\/blockquote>\n<p>Par exemple, Dominique B\u00e9zu pr\u00e9voit de questionner les candidats ainsi\u00a0:<\/p>\n<blockquote class=\"wp-block-quote is-layout-flow wp-block-quote-is-layout-flow\">\n<p>\u00ab\u00a0Est-ce qu\u2019il est tol\u00e9rable que des enfants qui vont \u00e0 l\u2019\u00e9cole de la R\u00e9publique dorment sous tente ou \u00e0 la rue\u00a0? Quelles sont vos solutions ?\u00a0\u00bb <\/p>\n<\/blockquote>\n<p>Mais Yves Sager pr\u00e9vient\u00a0:<\/p>\n<blockquote class=\"wp-block-quote is-layout-flow wp-block-quote-is-layout-flow\">\n<p>\u00ab\u00a0On veut \u00eatre la vox populi (voix du peuple, NDLR). Si les politiques n\u2019entendent pas la vox populi, on parlera un peu plus fort jusqu\u2019\u00e0 ce que nous soyons entendus. \u00c0 la fin du processus, nous pourrons nous rallier \u00e0 une liste ou construire notre propre liste.\u00a0\u00bb<\/p>\n<\/blockquote>\n<p>L\u2019association devrait poursuivre ses d\u00e9bats apr\u00e8s les \u00e9lections municipales, assure Yves Sager. <\/p>\n<p>\t\t\t\t<strong class=\"block font-bold font-sans leading-6 mb-2 text-primary text-sm uppercase\"><\/p>\n<p>\t\t\tPasser \u00e0 l&rsquo;action\t\t<\/strong><\/p>\n<p>Rejoindre \u00ab\u00a0Nous Strasbourg\u00a0\u00bb<\/p>\n","protected":false},"excerpt":{"rendered":"Une poign\u00e9e de Strasbourgeois ont cr\u00e9\u00e9 une association appel\u00e9e \u00ab\u00a0Nous Strasbourg\u00a0\u00bb. Leur objectif est d\u2019interpeller les candidats aux&hellip;\n","protected":false},"author":2,"featured_media":244392,"comment_status":"","ping_status":"","sticky":false,"template":"","format":"standard","meta":{"footnotes":""},"categories":[2820],"tags":[1111,11,4451,2761,1777,674,1011,27,775,12,25,640],"class_list":{"0":"post-244391","1":"post","2":"type-post","3":"status-publish","4":"format-standard","5":"has-post-thumbnail","7":"category-strasbourg","8":"tag-actu","9":"tag-actualites","10":"tag-democratie-participative","11":"tag-elections-municipales-2026","12":"tag-eu","13":"tag-europe","14":"tag-fr","15":"tag-france","16":"tag-grand-est","17":"tag-news","18":"tag-republique-francaise","19":"tag-strasbourg"},"share_on_mastodon":{"url":"https:\/\/pubeurope.com\/@fr\/114839118570446962","error":""},"_links":{"self":[{"href":"https:\/\/www.europesays.com\/fr\/wp-json\/wp\/v2\/posts\/244391","targetHints":{"allow":["GET"]}}],"collection":[{"href":"https:\/\/www.europesays.com\/fr\/wp-json\/wp\/v2\/posts"}],"about":[{"href":"https:\/\/www.europesays.com\/fr\/wp-json\/wp\/v2\/types\/post"}],"author":[{"embeddable":true,"href":"https:\/\/www.europesays.com\/fr\/wp-json\/wp\/v2\/users\/2"}],"replies":[{"embeddable":true,"href":"https:\/\/www.europesays.com\/fr\/wp-json\/wp\/v2\/comments?post=244391"}],"version-history":[{"count":0,"href":"https:\/\/www.europesays.com\/fr\/wp-json\/wp\/v2\/posts\/244391\/revisions"}],"wp:featuredmedia":[{"embeddable":true,"href":"https:\/\/www.europesays.com\/fr\/wp-json\/wp\/v2\/media\/244392"}],"wp:attachment":[{"href":"https:\/\/www.europesays.com\/fr\/wp-json\/wp\/v2\/media?parent=244391"}],"wp:term":[{"taxonomy":"category","embeddable":true,"href":"https:\/\/www.europesays.com\/fr\/wp-json\/wp\/v2\/categories?post=244391"},{"taxonomy":"post_tag","embeddable":true,"href":"https:\/\/www.europesays.com\/fr\/wp-json\/wp\/v2\/tags?post=244391"}],"curies":[{"name":"wp","href":"https:\/\/api.w.org\/{rel}","templated":true}]}}