{"id":244393,"date":"2025-07-12T07:37:11","date_gmt":"2025-07-12T07:37:11","guid":{"rendered":"https:\/\/www.europesays.com\/fr\/244393\/"},"modified":"2025-07-12T07:37:11","modified_gmt":"2025-07-12T07:37:11","slug":"pink-parade-ce-samedi-12-juillet-a-nice-un-char-une-marche-et-une-revendication-commune-voici-ce-quil-faut-savoir-sur-levenement","status":"publish","type":"post","link":"https:\/\/www.europesays.com\/fr\/244393\/","title":{"rendered":"Pink parade ce samedi 12 juillet \u00e0 Nice: un char, une marche et une revendication commune, voici ce qu&rsquo;il faut savoir sur l&rsquo;\u00e9v\u00e8nement"},"content":{"rendered":"<p>ls, elles, iels. Tous les genres seront les bienvenus \u00e0 la Pink parade de ce samedi 12 juillet 2025 \u00e0 Nice. Une manifestation synonyme d\u2019une marche des visibilit\u00e9s LGBTQIA+ de la C\u00f4te d\u2019Azur. Elle est gratuite et ouverte \u00e0 tous.<\/p>\n<p>Le rassemblement aura lieu sur le port de Nice, \u00e0 15h30. Des prises de parole pr\u00e9c\u00e8deront la marche pr\u00e9vue d\u00e8s 16h. Le Centre LGBTQIA+ C\u00f4te d\u2019Azur invite plus que jamais toutes celles et ceux, attach\u00e9s \u00e0 une soci\u00e9t\u00e9 de respect de d\u2019\u00e9galit\u00e9, \u00e0 d\u00e9filer dans les rues de la capitale azur\u00e9enne \u00e0 l\u2019occasion de cette parade rose organis\u00e9e par l\u2019association AGLAE et sur le mot d\u2019ordre \u00ab\u00a0Inconvertibles\u00a0\u00bb.<\/p>\n<p><strong>Un char associatif, ludique et musical\u00a0<\/strong><\/p>\n<p>Pour la premi\u00e8re fois, le centre LGBTQIA+ C\u00f4te d\u2019Azur pilotera un grand char associatif, ludique et musical, valorisant le travail et les actions des associations locales.<\/p>\n<p>Une mani\u00e8re spectaculaire pour porter haut et fort des revendications d\u00e9j\u00e0 d\u00e9voil\u00e9es en mai dernier, lors du Nice rainbow festival et de la journ\u00e9e internationale contre les LGBT+ phobies. Un recueil de revendications sign\u00e9 et soutenu par pr\u00e8s de <strong>40 organisations associatives, syndicales et politiques.<\/strong><\/p>\n<p>A l\u2019issue de cette marche, tout le monde pourra se retrouver au village associatif, pour partager, \u00e9changer, s\u2019informer.<\/p>\n<p>Ce village sera ouvert au th\u00e9\u00e2tre de Verdure, de 18h \u00e0 23h.<\/p>\n","protected":false},"excerpt":{"rendered":"ls, elles, iels. Tous les genres seront les bienvenus \u00e0 la Pink parade de ce samedi 12 juillet&hellip;\n","protected":false},"author":2,"featured_media":244394,"comment_status":"","ping_status":"","sticky":false,"template":"","format":"standard","meta":{"footnotes":""},"categories":[2819],"tags":[1111,11,1777,674,332,1011,27,12,2401,882,25],"class_list":{"0":"post-244393","1":"post","2":"type-post","3":"status-publish","4":"format-standard","5":"has-post-thumbnail","7":"category-nice","8":"tag-actu","9":"tag-actualites","10":"tag-eu","11":"tag-europe","12":"tag-faits-de-societe","13":"tag-fr","14":"tag-france","15":"tag-news","16":"tag-nice","17":"tag-provence-alpes-cote-dazur","18":"tag-republique-francaise"},"share_on_mastodon":{"url":"https:\/\/pubeurope.com\/@fr\/114839122269441687","error":""},"_links":{"self":[{"href":"https:\/\/www.europesays.com\/fr\/wp-json\/wp\/v2\/posts\/244393","targetHints":{"allow":["GET"]}}],"collection":[{"href":"https:\/\/www.europesays.com\/fr\/wp-json\/wp\/v2\/posts"}],"about":[{"href":"https:\/\/www.europesays.com\/fr\/wp-json\/wp\/v2\/types\/post"}],"author":[{"embeddable":true,"href":"https:\/\/www.europesays.com\/fr\/wp-json\/wp\/v2\/users\/2"}],"replies":[{"embeddable":true,"href":"https:\/\/www.europesays.com\/fr\/wp-json\/wp\/v2\/comments?post=244393"}],"version-history":[{"count":0,"href":"https:\/\/www.europesays.com\/fr\/wp-json\/wp\/v2\/posts\/244393\/revisions"}],"wp:featuredmedia":[{"embeddable":true,"href":"https:\/\/www.europesays.com\/fr\/wp-json\/wp\/v2\/media\/244394"}],"wp:attachment":[{"href":"https:\/\/www.europesays.com\/fr\/wp-json\/wp\/v2\/media?parent=244393"}],"wp:term":[{"taxonomy":"category","embeddable":true,"href":"https:\/\/www.europesays.com\/fr\/wp-json\/wp\/v2\/categories?post=244393"},{"taxonomy":"post_tag","embeddable":true,"href":"https:\/\/www.europesays.com\/fr\/wp-json\/wp\/v2\/tags?post=244393"}],"curies":[{"name":"wp","href":"https:\/\/api.w.org\/{rel}","templated":true}]}}