{"id":244405,"date":"2025-07-12T07:43:09","date_gmt":"2025-07-12T07:43:09","guid":{"rendered":"https:\/\/www.europesays.com\/fr\/244405\/"},"modified":"2025-07-12T07:43:09","modified_gmt":"2025-07-12T07:43:09","slug":"pres-de-toulouse-un-grave-accident-de-deux-roues-fait-une-victime-decedee-en-pleine-nuit","status":"publish","type":"post","link":"https:\/\/www.europesays.com\/fr\/244405\/","title":{"rendered":"Pr\u00e8s de Toulouse, un grave accident de deux-roues fait une victime, d\u00e9c\u00e9d\u00e9e en pleine nuit"},"content":{"rendered":"<p>            Par<br \/>\n        <strong><br \/>\n            <a href=\"https:\/\/actu.fr\/auteur\/lucie-2\" title=\"Consulter tous les articles de Lucie Fraisse\" rel=\"nofollow noopener\" target=\"_blank\">Lucie Fraisse<\/a><br \/>\n        <\/strong><\/p>\n<p>        Publi\u00e9 le<\/p>\n<p>            12 juil. 2025 \u00e0 8h55        <\/p>\n<p>Un tragique accident de la route a eu lieu dans la nuit du 12 juillet 2025, \u00e0 <strong>Montaigut-sur-Save<\/strong>, pr\u00e8s de <a href=\"https:\/\/actu.fr\/toulouse\/\" rel=\"nofollow noopener\" target=\"_blank\">Toulouse<\/a>. L\u2019alerte a \u00e9t\u00e9 donn\u00e9e vers 1h30 du matin.<\/p>\n<p>    <a href=\"https:\/\/www.google.com\/maps\/embed?pb=!1m18!1m12!1m3!1d66239.3443159082!2d1.1504910592513444!3d43.68564064611773!2m3!1f0!2f0!3f0!3m2!1i1024!2i768!4f13.1!3m3!1m2!1s0x12aeac945e5760ad%3A0xe847fbcea2fd8ea6!2s31530%20Montaigut-sur-Save!5e1!3m2!1sfr!2sfr!4v1752303137861!5m2!1sfr!2sfr\" title=\"Ouvrie le lien\" rel=\"nofollow noopener\" target=\"_blank\">Cliquez ici pour visualiser le contenu<\/a><\/p>\n<p>La victime en arr\u00eat cardiorespiratoire\u00a0<\/p>\n<p class=\" wall-content\">Les pompiers se sont alors rendus <strong>route de L\u00e9vignac<\/strong> o\u00f9 l\u2019accident, impliquant un deux-roues seul, a eu lieu.\u00a0<\/p>\n<p class=\" wall-content\">\u00c0 leur arriv\u00e9e sur place, la victime \u00e9tait en arr\u00eat cardiorespiratoire. Malgr\u00e9 les tentatives de r\u00e9animation des pompiers et des m\u00e9decins du Samu 31, le d\u00e9c\u00e8s de la victime a \u00e9t\u00e9 d\u00e9clar\u00e9.\u00a0<\/p>\n<p class=\" wall-content\">Suivez toute l\u2019actualit\u00e9 de vos villes et m\u00e9dias favoris en vous inscrivant \u00e0 <a href=\"https:\/\/moncompte.actu.fr\" title=\"D\u00e9couvez Mon Actu\" rel=\"nofollow noopener\" data-trk=\"{&quot;cta&quot;:{&quot;action&quot;:&quot;https:\\\/\\\/moncompte.actu.fr&quot;,&quot;category&quot;:&quot;mon compte&quot;,&quot;from&quot;:&quot;article footer&quot;,&quot;name&quot;:&quot;Mon actu&quot;,&quot;type&quot;:&quot;cta&quot;}}\" target=\"_blank\">Mon Actu<\/a>.<\/p>\n","protected":false},"excerpt":{"rendered":"Par Lucie Fraisse Publi\u00e9 le 12 juil. 2025 \u00e0 8h55 Un tragique accident de la route a eu&hellip;\n","protected":false},"author":2,"featured_media":244406,"comment_status":"","ping_status":"","sticky":false,"template":"","format":"standard","meta":{"footnotes":""},"categories":[2816],"tags":[1111,11,1777,674,118,1011,27,12,2680,1311,25,2312],"class_list":{"0":"post-244405","1":"post","2":"type-post","3":"status-publish","4":"format-standard","5":"has-post-thumbnail","7":"category-toulouse","8":"tag-actu","9":"tag-actualites","10":"tag-eu","11":"tag-europe","12":"tag-faits-divers","13":"tag-fr","14":"tag-france","15":"tag-news","16":"tag-occitanie","17":"tag-pompiers","18":"tag-republique-francaise","19":"tag-toulouse"},"share_on_mastodon":{"url":"https:\/\/pubeurope.com\/@fr\/114839145905566683","error":""},"_links":{"self":[{"href":"https:\/\/www.europesays.com\/fr\/wp-json\/wp\/v2\/posts\/244405","targetHints":{"allow":["GET"]}}],"collection":[{"href":"https:\/\/www.europesays.com\/fr\/wp-json\/wp\/v2\/posts"}],"about":[{"href":"https:\/\/www.europesays.com\/fr\/wp-json\/wp\/v2\/types\/post"}],"author":[{"embeddable":true,"href":"https:\/\/www.europesays.com\/fr\/wp-json\/wp\/v2\/users\/2"}],"replies":[{"embeddable":true,"href":"https:\/\/www.europesays.com\/fr\/wp-json\/wp\/v2\/comments?post=244405"}],"version-history":[{"count":0,"href":"https:\/\/www.europesays.com\/fr\/wp-json\/wp\/v2\/posts\/244405\/revisions"}],"wp:featuredmedia":[{"embeddable":true,"href":"https:\/\/www.europesays.com\/fr\/wp-json\/wp\/v2\/media\/244406"}],"wp:attachment":[{"href":"https:\/\/www.europesays.com\/fr\/wp-json\/wp\/v2\/media?parent=244405"}],"wp:term":[{"taxonomy":"category","embeddable":true,"href":"https:\/\/www.europesays.com\/fr\/wp-json\/wp\/v2\/categories?post=244405"},{"taxonomy":"post_tag","embeddable":true,"href":"https:\/\/www.europesays.com\/fr\/wp-json\/wp\/v2\/tags?post=244405"}],"curies":[{"name":"wp","href":"https:\/\/api.w.org\/{rel}","templated":true}]}}