{"id":244407,"date":"2025-07-12T07:44:16","date_gmt":"2025-07-12T07:44:16","guid":{"rendered":"https:\/\/www.europesays.com\/fr\/244407\/"},"modified":"2025-07-12T07:44:16","modified_gmt":"2025-07-12T07:44:16","slug":"toulouse-acces-transport-interdictions-tout-ce-quil-faut-savoir-avant-les-festivites-du-14-juillet","status":"publish","type":"post","link":"https:\/\/www.europesays.com\/fr\/244407\/","title":{"rendered":"Toulouse. Acc\u00e8s, transport, interdictions&#8230; Tout ce qu&rsquo;il faut savoir avant les festivit\u00e9s du 14-Juillet"},"content":{"rendered":"<p>            Par<br \/>\n        <strong><br \/>\n            <a href=\"https:\/\/actu.fr\/auteur\/lucie-2\" title=\"Consulter tous les articles de Lucie Fraisse\" rel=\"nofollow noopener\" target=\"_blank\">Lucie Fraisse<\/a><br \/>\n        <\/strong><\/p>\n<p>        Publi\u00e9 le<\/p>\n<p>            12 juil. 2025 \u00e0 9h32        <\/p>\n<p>200\u2009000\u00a0personnes sont attendues dimanche 13\u00a0juillet 2025 au soir pour assister <a href=\"https:\/\/actu.fr\/occitanie\/toulouse_31555\/pierre-garnier-amir-avant-le-feu-d-artifice-xxl-l-affiche-du-grand-concert-gratuit-du-14-juillet-a-toulouse_62777520.html\" rel=\"nofollow noopener\" target=\"_blank\">au grand concert NRJ prairie des filtres<\/a> et au feu d\u2019artifice sur le th\u00e8me du Tour de France qui sera tir\u00e9 sur la Garonne, \u00e0 Toulouse, \u00e0 la nuit tomb\u00e9e. Le spectacle d\u00e9butera \u00e0 18\u2009h\u200930 avec un concert de jeunes talents locaux. Suivra \u00e0 20\u00a0heures, le <strong>NRJ Music Tour<\/strong> avec des artistes de renomm\u00e9e avant que le feu d\u2019artifice ne soit tir\u00e9.<\/p>\n<p>Comment s\u2019y rendre en transports en commun<\/p>\n<p class=\" wall-content\">On ne saurait que trop conseiller de se rendre <strong>en transports en commun<\/strong> \u00e0 ces festivit\u00e9s du 14-Juillet sur les bords de Garonne.<\/p>\n<p class=\" wall-content\">Pour l\u2019occasion, l\u2019heure des derniers d\u00e9parts des m\u00e9tros <strong>des lignes A et B<\/strong> est report\u00e9 \u00e0 2\u00a0heures. Attention, la station Esquirol sera ferm\u00e9e de 22h30 \u00e0 23h50.<\/p>\n<p class=\" wall-content\">\u00c0 partir de 13\u00a0heures, <strong>la ligne T1 du tram<\/strong> ne circulera plus entre les stations Palais de Justice et Ar\u00e8nes. Dernier d\u00e9part de Palais de Justice \u00e0 12h52. La ligne de tram circulera entre Ar\u00e8nes et MEETT avec des horaires prolong\u00e9s en soir\u00e9e\u2009: dernier d\u00e9part des Ar\u00e8nes \u00e0 2h25\u2009; dernier d\u00e9part de MEETT \u00e0 1h35.<\/p>\n<p class=\" wall-content\"><strong>En bus<\/strong>, les lignes de soir\u00e9es sont prolong\u00e9es jusqu\u2019\u00e0 2\u00a0heures environ, la ligne 106 et TAD 119 jusqu\u2019\u00e0 2h30, TAD 171 jusqu\u2019\u00e0 3h05. \u00c0 noter\u2009: lignes 13 et 44 seront d\u00e9vi\u00e9es \u00e0 partir de 13\u00a0heures.<\/p>\n<p>Vid\u00e9os : en ce moment sur ActuP\u00e9rim\u00e8tre de protection<\/p>\n<p class=\" wall-content\">Un <strong>p\u00e9rim\u00e8tre de protection<\/strong> est par ailleurs \u00e9tabli autour de la prairie des Filtres, de 17\u00a0heures \u00e0 2\u00a0heures. Ce p\u00e9rim\u00e8tre g\u00e9ographique est inclus au sein des axes suivants\u2009:<\/p>\n<ul class=\" wall-content\">\n<li>Place Saint Pierre,<\/li>\n<li>Quai Lucien Lombard,<\/li>\n<li>Place de la Daurade,<\/li>\n<li>Quai de la Daurade,<\/li>\n<li>Place du Pont Neuf,<\/li>\n<li>Descente de la Halle aux Poissons,<\/li>\n<li>Avenue de la Garonnette,<\/li>\n<li>Pont du Halage de Tounis,<\/li>\n<li>Pont Saint Michel,<\/li>\n<li>Rond-point de Catalogne,<\/li>\n<li>Rue Laganne,<\/li>\n<li>Place Laganne,<\/li>\n<li>Pont Neuf<\/li>\n<\/ul>\n<p class=\" wall-content\">Dans ce p\u00e9rim\u00e8tre, les sacs et poches d\u2019une contenance inf\u00e9rieure \u00e0 25 litres\u2009; les en-cas, bouteilles et gourdes vides (hormis celles en verre) et les parapluies pliants <strong>sont autoris\u00e9s<\/strong>.<\/p>\n<p class=\" wall-content\">En revanche, les armes, objets tranchants, bombes lacrymog\u00e8nes et armes factices\u2009; articles pyrotechniques et substances explosives, inflammables ou volatiles\u2009; verre, canettes et alcool\u2009; couverts et objets m\u00e9talliques\u2009; bagages volumineux\u2009; animaux\u2009; v\u00e9los, trottinettes et tous v\u00e9hicules\u2009; casques de tout type\u2009; t\u00e9l\u00e9objectifs et perches \u00e0 selfies\u2009; drones\u2009; supports \u00e0 caract\u00e8re revendicatif\u2009; parapluies (non pliables) et parasols<strong> sont interdits<\/strong>.<\/p>\n<p>Point de filtrage<\/p>\n<p class=\" wall-content\">Des points de filtrage sont mis en place aux endroits suivants\u2009:<\/p>\n<ul class=\" wall-content\">\n<li><strong>Promenade Henri Martin,<\/strong><\/li>\n<li><strong>Place de la Daurade,<\/strong><\/li>\n<li><strong>Pont Neuf,<\/strong><\/li>\n<li><strong>Quai de Tounis,<\/strong><\/li>\n<li><strong>Pont Saint-Michel,<\/strong><\/li>\n<li><strong>Cours Dillon.<\/strong><\/li>\n<\/ul>\n<p class=\" wall-content\">Sur ces points de filtrage, les pi\u00e9tons pourront faire l\u2019objet de <strong>palpations de s\u00e9curit\u00e9<\/strong>, d\u2019inspection visuelle et fouille des bagages par des officiers de police judiciaire, des agents de police judiciaire ou des agents de s\u00e9curit\u00e9 habilit\u00e9s. Les v\u00e9hicules pourront \u00eatre fouill\u00e9s. Ces mesures de v\u00e9rification sont toutefois subordonn\u00e9es au consentement des personnes.<\/p>\n<p>Des voies ferm\u00e9es \u00e0 la circulation<\/p>\n<p class=\" wall-content\">Au-del\u00e0 du p\u00e9rim\u00e8tre de protection, des voies seront ferm\u00e9es \u00e0 la circulation du 13\u00a0juillet \u00e0 13\u00a0heures au 14\u00a0juillet \u00e0 2\u00a0heures.<\/p>\n<p class=\" wall-content\"><strong>En voici la liste\u2009:<\/strong> Rue d\u2019Alsace-Lorraine (de l\u2019intersection avec la rue de Metz \u00e0 la rue du Languedoc)\u2009; Rue Beno\u00eet Arzac\u2009; Rue de la Bourse\u2009; Rue Fran\u00e7ois Boyer-Fonfr\u00e8de\u2009; Rue du Chapeau Rouge\u2009; All\u00e9es Charles-de-Fitte (de la place int\u00e9rieure Saint-Cyprien \u00e0 la place du Fer-\u00e0-Cheval)\u2009; Rue Coupefer\u2009; Rue Courte\u2009; Rue des Couteliers\u2009; Rue Jacques Cujas\u2009; Rue Jacques Darr\u00e9\u2009; Place de la Daurade\u2009; Rue de la Daurade\u2009; Rue du Docteur Louis Delherm\u2009; Cours Dillon\u2009; Rue de l\u2019\u00c9charpe\u2009; Place Esquirol\u2009; Place de l\u2019Estrapade\u2009; Place du Fer-\u00e0-Cheval\u2009; Rue des Feuillants\u2009; Avenue de la Garonnette\u2009; Avenue du Grand Ramier\u2009; Pont de Halage de Tounis\u2009; Avenue Maurice Hauriou (du pont de Halage de Tounis \u00e0 l\u2019intersection avec la rue du Moulin du Ch\u00e2teau)\u2009; Rue Cl\u00e9mence Isaure\u2009; Boulevard du Mar\u00e9chal Juin (du pont Saint-Michel \u00e0 l\u2019intersection avec la rue des Gallois)\u2009; Place Laganne\u2009; Rue Charles Laganne\u2009; Rue du Languedoc (de l\u2019intersection avec la rue Croix-Baragnon \u00e0 la place des Carmes)\u2009; Rue Lanterni\u00e8res\u2009; Rue de la Laque\u2009; Quai Lucien Lombard\u2009; Rue Marie Magn\u00e9\u2009; Rue des Marchands\u2009; Place Jean Maubec\u2009; Rue de Metz (du Pont-Neuf \u00e0 l\u2019intersection avec la rue d\u2019Alsace-Lorraine)\u2009; Avenue de Muret (du pont Saint-Michel au pont de la Croix-de-Pierre)\u2009; Pont Neuf\u2009; Rue des Paradoux (de la rue de Metz \u00e0 l\u2019intersection \u00e0 la rue du Coq d\u2019Inde)\u2009; Rue Peyrolade\u2009; Rue Peyroli\u00e8res\u2009; Rue du Pont de Tounis\u2009; Rue du Pont Vieux\u2009; Rue du Prieur\u00e9\u2009; Rue R\u00e9clusane (de l\u2019intersaction aves la rue du Pont Saint-Pierre \u00e0 la rue de la R\u00e9publique)\u2009; Rue de la R\u00e9publique\u2009; Pont Saint-Michel\u2009; Quai Saint-Pierre\u2009; Place Saint-Pierre\u2009; Pont Saint-Pierre\u2009; Rue Sainte-Lucie (de la place du Fer-\u00e0-Cheval \u00e0 l\u2019intersection avec la rue Jules de Lahondes)\u2009; Rue Jean Suau\u2009; Rue du Tabac\u2009; Rue des Teinturiers\u2009; Quai de Tounis et rue Charles Viguerie.<\/p>\n<p class=\" wall-content\">Le <strong>stationnement<\/strong> sera aussi interdit dans quelques rues du centre-ville. Pour en savoir plus, lisez notre article complet\u2009:<\/p>\n<p>Utilisation des drones<\/p>\n<p class=\" wall-content\">Des drones pourront \u00eatre d\u00e9ploy\u00e9s <strong>en centre-ville de Toulouse et m\u00eame au-del\u00e0<\/strong>. La pr\u00e9fecture de la Haute-Garonne autorise en effet les forces de l\u2019ordre \u00e0 les utiliser sur un p\u00e9rim\u00e8tre d\u00e9fini, du dimanche 13\u00a0juillet 2025 \u00e0 partir de 16\u00a0heures, jusqu\u2019au lundi 14\u00a0juillet 2025 \u00e0 2\u00a0heures.<\/p>\n<p class=\" wall-content\">Voici le p\u00e9rim\u00e8tre de survol autoris\u00e9\u2009:<\/p>\n<p>    <img   decoding=\"async\" loading=\"lazy\" src=\"https:\/\/www.europesays.com\/fr\/wp-content\/uploads\/2025\/07\/drone14-juillet-960x640.jpg\" alt=\"Des drones pourront \u00eatre utilis\u00e9s dans ce p\u00e9rim\u00e8tre par les forces de l'ordre.\" width=\"960\" height=\"640\"\/><br \/>\n    Des drones pourront \u00eatre utilis\u00e9s dans ce p\u00e9rim\u00e8tre par les forces de l\u2019ordre. (\u00a9Pr\u00e9fecture de Haute-Garonne)Des interdictions dans tout le d\u00e9partement<\/p>\n<p>A Toulouse et dans l&rsquo;ensemble du d\u00e9partement, il est interdit, depuis le dimanche 13 juillet 8 heures et jusqu&rsquo;au 15 juillet 8 heures :<br \/>-l\u2019achat et la vente, l\u2019enl\u00e8vement ou le transport de tout carburant, par jerricans,<br \/>cubitainers, bidons, flacons ou r\u00e9cipients divers dans tous les points de distributions.<br \/>&#8211; le port et transport, sans motif l\u00e9gitime, d\u2019armes, de munitions et d\u2019objets pouvant<br \/>constituer une arme au sens de l\u2019article 132-75 du code p\u00e9nal.<br \/>Des contr\u00f4les al\u00e9atoires seront organis\u00e9s pendant cette p\u00e9riode par les services de police et de gendarmerie.<\/p>\n<p class=\" wall-content\">Suivez toute l\u2019actualit\u00e9 de vos villes et m\u00e9dias favoris en vous inscrivant \u00e0 <a href=\"https:\/\/moncompte.actu.fr\" title=\"D\u00e9couvez Mon Actu\" rel=\"nofollow noopener\" data-trk=\"{&quot;cta&quot;:{&quot;action&quot;:&quot;https:\\\/\\\/moncompte.actu.fr&quot;,&quot;category&quot;:&quot;mon compte&quot;,&quot;from&quot;:&quot;article footer&quot;,&quot;name&quot;:&quot;Mon actu&quot;,&quot;type&quot;:&quot;cta&quot;}}\" target=\"_blank\">Mon Actu<\/a>.<\/p>\n","protected":false},"excerpt":{"rendered":"Par Lucie Fraisse Publi\u00e9 le 12 juil. 2025 \u00e0 9h32 200\u2009000\u00a0personnes sont attendues dimanche 13\u00a0juillet 2025 au soir&hellip;\n","protected":false},"author":2,"featured_media":244408,"comment_status":"","ping_status":"","sticky":false,"template":"","format":"standard","meta":{"footnotes":""},"categories":[2816],"tags":[1111,11,1777,674,16701,1011,27,1652,12,2680,25,2312],"class_list":{"0":"post-244407","1":"post","2":"type-post","3":"status-publish","4":"format-standard","5":"has-post-thumbnail","7":"category-toulouse","8":"tag-actu","9":"tag-actualites","10":"tag-eu","11":"tag-europe","12":"tag-feu-dartifice","13":"tag-fr","14":"tag-france","15":"tag-loisirs-culture","16":"tag-news","17":"tag-occitanie","18":"tag-republique-francaise","19":"tag-toulouse"},"share_on_mastodon":{"url":"https:\/\/pubeurope.com\/@fr\/114839149797008483","error":""},"_links":{"self":[{"href":"https:\/\/www.europesays.com\/fr\/wp-json\/wp\/v2\/posts\/244407","targetHints":{"allow":["GET"]}}],"collection":[{"href":"https:\/\/www.europesays.com\/fr\/wp-json\/wp\/v2\/posts"}],"about":[{"href":"https:\/\/www.europesays.com\/fr\/wp-json\/wp\/v2\/types\/post"}],"author":[{"embeddable":true,"href":"https:\/\/www.europesays.com\/fr\/wp-json\/wp\/v2\/users\/2"}],"replies":[{"embeddable":true,"href":"https:\/\/www.europesays.com\/fr\/wp-json\/wp\/v2\/comments?post=244407"}],"version-history":[{"count":0,"href":"https:\/\/www.europesays.com\/fr\/wp-json\/wp\/v2\/posts\/244407\/revisions"}],"wp:featuredmedia":[{"embeddable":true,"href":"https:\/\/www.europesays.com\/fr\/wp-json\/wp\/v2\/media\/244408"}],"wp:attachment":[{"href":"https:\/\/www.europesays.com\/fr\/wp-json\/wp\/v2\/media?parent=244407"}],"wp:term":[{"taxonomy":"category","embeddable":true,"href":"https:\/\/www.europesays.com\/fr\/wp-json\/wp\/v2\/categories?post=244407"},{"taxonomy":"post_tag","embeddable":true,"href":"https:\/\/www.europesays.com\/fr\/wp-json\/wp\/v2\/tags?post=244407"}],"curies":[{"name":"wp","href":"https:\/\/api.w.org\/{rel}","templated":true}]}}