{"id":244410,"date":"2025-07-12T07:47:09","date_gmt":"2025-07-12T07:47:09","guid":{"rendered":"https:\/\/www.europesays.com\/fr\/244410\/"},"modified":"2025-07-12T07:47:09","modified_gmt":"2025-07-12T07:47:09","slug":"thee-sacred-souls-en-majeste-au-theatre-silvain","status":"publish","type":"post","link":"https:\/\/www.europesays.com\/fr\/244410\/","title":{"rendered":"Thee Sacred Souls en majest\u00e9 au th\u00e9\u00e2tre Silvain"},"content":{"rendered":"<p>Ce jeudi 10 juillet au soir, \u00e0 Marseille, \u00e0 l&rsquo;occasion du festival Marseille Jazz des Continents, au th\u00e9\u00e2tre Silvain dans un lieu magnifique, ce vendredi 11 juillet \u00e0 Perouse en Italie, demain \u00e0 Londres, puis ensuite direction la Finlande\u2026En quelques ann\u00e9es, le groupe californien originaire de San Diego et de Sacramento, salu\u00e9 par la critique, <a href=\"https:\/\/www.laprovence.com\/article\/culture-loisirs\/76074355671860\/la-soul-ensoleillee-de-thee-sacred-souls-au-theatre-silvain-a-marseille\" target=\"_blank\" rel=\"nofollow noopener\">Thee Sacred Souls<\/a>, a su se faire une place de choix, dans un univers et une esth\u00e9tique qui combinent soul \u00e9l\u00e9gante et rythm and blues. Leur renomm\u00e9e, le groupe \u00ab\u00a0ancr\u00e9 dans le temps d&rsquo;aujourd&rsquo;hui\u00a0\u00bb le doit aussi \u00e0 leur joie de vivre sur sc\u00e8ne et leur \u00e9nergie communicative.<\/p>\n","protected":false},"excerpt":{"rendered":"Ce jeudi 10 juillet au soir, \u00e0 Marseille, \u00e0 l&rsquo;occasion du festival Marseille Jazz des Continents, au th\u00e9\u00e2tre&hellip;\n","protected":false},"author":2,"featured_media":244411,"comment_status":"","ping_status":"","sticky":false,"template":"","format":"standard","meta":{"footnotes":""},"categories":[2814],"tags":[17,1111,11,1697,251,1777,674,1011,27,38412,884,12,882,25,38410,10968,38411,1347,38409],"class_list":{"0":"post-244410","1":"post","2":"type-post","3":"status-publish","4":"format-standard","5":"has-post-thumbnail","7":"category-marseille","8":"tag-17","9":"tag-actu","10":"tag-actualites","11":"tag-concert","12":"tag-culture","13":"tag-eu","14":"tag-europe","15":"tag-fr","16":"tag-france","17":"tag-majeste","18":"tag-marseille","19":"tag-news","20":"tag-provence-alpes-cote-dazur","21":"tag-republique-francaise","22":"tag-sacred","23":"tag-silvain","24":"tag-souls","25":"tag-theatre","26":"tag-thee"},"share_on_mastodon":{"url":"https:\/\/pubeurope.com\/@fr\/114839161623245808","error":""},"_links":{"self":[{"href":"https:\/\/www.europesays.com\/fr\/wp-json\/wp\/v2\/posts\/244410","targetHints":{"allow":["GET"]}}],"collection":[{"href":"https:\/\/www.europesays.com\/fr\/wp-json\/wp\/v2\/posts"}],"about":[{"href":"https:\/\/www.europesays.com\/fr\/wp-json\/wp\/v2\/types\/post"}],"author":[{"embeddable":true,"href":"https:\/\/www.europesays.com\/fr\/wp-json\/wp\/v2\/users\/2"}],"replies":[{"embeddable":true,"href":"https:\/\/www.europesays.com\/fr\/wp-json\/wp\/v2\/comments?post=244410"}],"version-history":[{"count":0,"href":"https:\/\/www.europesays.com\/fr\/wp-json\/wp\/v2\/posts\/244410\/revisions"}],"wp:featuredmedia":[{"embeddable":true,"href":"https:\/\/www.europesays.com\/fr\/wp-json\/wp\/v2\/media\/244411"}],"wp:attachment":[{"href":"https:\/\/www.europesays.com\/fr\/wp-json\/wp\/v2\/media?parent=244410"}],"wp:term":[{"taxonomy":"category","embeddable":true,"href":"https:\/\/www.europesays.com\/fr\/wp-json\/wp\/v2\/categories?post=244410"},{"taxonomy":"post_tag","embeddable":true,"href":"https:\/\/www.europesays.com\/fr\/wp-json\/wp\/v2\/tags?post=244410"}],"curies":[{"name":"wp","href":"https:\/\/api.w.org\/{rel}","templated":true}]}}