{"id":244414,"date":"2025-07-12T07:49:10","date_gmt":"2025-07-12T07:49:10","guid":{"rendered":"https:\/\/www.europesays.com\/fr\/244414\/"},"modified":"2025-07-12T07:49:10","modified_gmt":"2025-07-12T07:49:10","slug":"rhone-un-homme-de-31-ans-meurt-noye-dans-la-saone-a-lyon","status":"publish","type":"post","link":"https:\/\/www.europesays.com\/fr\/244414\/","title":{"rendered":"Rh\u00f4ne. Un homme de 31 ans meurt noy\u00e9 dans la Sa\u00f4ne \u00e0 Lyon"},"content":{"rendered":"<p class=\"insetTitle\">Plus de 100 personnes sont mortes de noyades en France en un mois<\/p>\n<p>Sant\u00e9 publique France alerte sur un bond de 58\u00a0% des noyades entre le 1\u1d49\u02b3\u00a0juin et le 2\u00a0juillet, par rapport \u00e0 la m\u00eame p\u00e9riode en\u00a02024.<\/p>\n<p>En Auvergne Rh\u00f4ne-Alpes, o\u00f9 la vague de chaleur a \u00e9t\u00e9 longue et pr\u00e9coce, le nombre de noyades s\u2019\u00e9l\u00e8ve \u00e0 37, dont 14 suivies de d\u00e9c\u00e8s, contre 18 noyades, dont 10 suivies de d\u00e9c\u00e8s \u00e0 la m\u00eame p\u00e9riode en 2024.\u00a0<\/p>\n<p>Parmi les drames enregistr\u00e9s depuis le d\u00e9but du mois de juin, figurent notamment le d\u00e9c\u00e8s de <a href=\"https:\/\/www.leprogres.fr\/faits-divers-justice\/2025\/06\/14\/deux-adolescents-meurent-noyes-dans-la-loire\" target=\"_blank\" rel=\"nofollow noopener\"> deux adolescents \u00e0 Saint-Victor-sur-Loire<\/a> (Loire), d\u2019un jeune homme \u00e2g\u00e9 de 25 ans, \u00e0 Miribel-Jonage (Rh\u00f4ne), <a href=\"https:\/\/www.leprogres.fr\/faits-divers-justice\/2025\/06\/23\/jeune-homme-mort-noye-a-miribel-jonage-un-malaise-cardiaque-serait-en-cause\" target=\"_blank\" rel=\"nofollow noopener\">victime d\u2019un arr\u00eat cardiaque, le 22\u00a0juin<\/a>, et le d\u00e9c\u00e8s d\u2019un jeune homme de 18 ans apr\u00e8s s\u2019\u00eatre jet\u00e9 <a href=\"https:\/\/www.leprogres.fr\/faits-divers-justice\/2025\/07\/06\/noye-dans-la-loire-le-jeune-homme-de-18-ans-est-decede\" target=\"_blank\" rel=\"nofollow noopener\">dans la Loire \u00e0 Roanne le 5\u00a0juillet.<\/a><\/p>\n","protected":false},"excerpt":{"rendered":"Plus de 100 personnes sont mortes de noyades en France en un mois Sant\u00e9 publique France alerte sur&hellip;\n","protected":false},"author":2,"featured_media":244415,"comment_status":"","ping_status":"","sticky":false,"template":"","format":"standard","meta":{"footnotes":""},"categories":[1889],"tags":[1111,11,2430,2757,1777,674,274,107,1011,27,2428,12,25,2429],"class_list":{"0":"post-244414","1":"post","2":"type-post","3":"status-publish","4":"format-standard","5":"has-post-thumbnail","7":"category-lyon","8":"tag-actu","9":"tag-actualites","10":"tag-auvergne-rhone-alpes","11":"tag-edition-lyon-villeurbanne","12":"tag-eu","13":"tag-europe","14":"tag-faits-divers-justice","15":"tag-fil-info","16":"tag-fr","17":"tag-france","18":"tag-lyon","19":"tag-news","20":"tag-republique-francaise","21":"tag-rhone"},"share_on_mastodon":{"url":"https:\/\/pubeurope.com\/@fr\/114839169454775523","error":""},"_links":{"self":[{"href":"https:\/\/www.europesays.com\/fr\/wp-json\/wp\/v2\/posts\/244414","targetHints":{"allow":["GET"]}}],"collection":[{"href":"https:\/\/www.europesays.com\/fr\/wp-json\/wp\/v2\/posts"}],"about":[{"href":"https:\/\/www.europesays.com\/fr\/wp-json\/wp\/v2\/types\/post"}],"author":[{"embeddable":true,"href":"https:\/\/www.europesays.com\/fr\/wp-json\/wp\/v2\/users\/2"}],"replies":[{"embeddable":true,"href":"https:\/\/www.europesays.com\/fr\/wp-json\/wp\/v2\/comments?post=244414"}],"version-history":[{"count":0,"href":"https:\/\/www.europesays.com\/fr\/wp-json\/wp\/v2\/posts\/244414\/revisions"}],"wp:featuredmedia":[{"embeddable":true,"href":"https:\/\/www.europesays.com\/fr\/wp-json\/wp\/v2\/media\/244415"}],"wp:attachment":[{"href":"https:\/\/www.europesays.com\/fr\/wp-json\/wp\/v2\/media?parent=244414"}],"wp:term":[{"taxonomy":"category","embeddable":true,"href":"https:\/\/www.europesays.com\/fr\/wp-json\/wp\/v2\/categories?post=244414"},{"taxonomy":"post_tag","embeddable":true,"href":"https:\/\/www.europesays.com\/fr\/wp-json\/wp\/v2\/tags?post=244414"}],"curies":[{"name":"wp","href":"https:\/\/api.w.org\/{rel}","templated":true}]}}