{"id":244425,"date":"2025-07-12T07:56:10","date_gmt":"2025-07-12T07:56:10","guid":{"rendered":"https:\/\/www.europesays.com\/fr\/244425\/"},"modified":"2025-07-12T07:56:10","modified_gmt":"2025-07-12T07:56:10","slug":"a-paris-anne-hidalgo-au-defi-de-la-fin-de-regne-liberation","status":"publish","type":"post","link":"https:\/\/www.europesays.com\/fr\/244425\/","title":{"rendered":"\u00e0 Paris, Anne Hidalgo au d\u00e9fi de la fin de r\u00e8gne \u2013 Lib\u00e9ration"},"content":{"rendered":"<p class=\"sc-ksZaOG ehjQrN text-element\">Mains dans les poches et large sourire, Anne Hidalgo ne cache pas son plaisir. Samedi 5 juillet au petit matin, la maire de Paris est venue assister avec la ministre des Sports, Marie Barsacq, \u00e0 la mise en \u0153uvre d\u2019une vieille promesse : rendre possible la baignade dans la Seine. \u00abC\u2019est trop top\u00bb, lance-t-elle, <a href=\"https:\/\/www.liberation.fr\/lifestyle\/voyages\/a-paris-la-premiere-baignade-dans-la-seine-depuis-100-ans-a-enfin-eu-lieu-depuis-chirac-on-entend-que-ca-va-se-faire-je-pensais-crever-avant-20250705_KBXPID6YHVGOHPDAS43AIBXXAI\/\" target=\"_blank\" rel=\"noreferrer noopener\" title=\"https:\/\/www.liberation.fr\/lifestyle\/voyages\/a-paris-la-premiere-baignade-dans-la-seine-depuis-100-ans-a-enfin-eu-lieu-depuis-chirac-on-entend-que-ca-va-se-faire-je-pensais-crever-avant-20250705_KBXPID6YHVGOHPDAS43AIBXXAI\/\">alors que les premiers Parisiens nagent d\u00e9j\u00e0 dans le fleuve<\/a>. D\u2019ailleurs, elle compte bien en faire de m\u00eame r\u00e9guli\u00e8rement \u00abavant d\u2019aller au travail\u00bb, dit-elle. Devant les cam\u00e9ras des cha\u00eenes infos arriv\u00e9es t\u00f4t sur place pour couvrir l\u2019inauguration du secteur \u00abbras Marie\u00bb, la socialiste se satisfait de la temp\u00e9rature de l\u2019eau \u00abhyper bonne\u00bb et de sa couleur claire. \u00abRegardez on voit les pieds des nageurs\u00bb, poursuit-elle avant de se rendre sur les autres spots de baignade. L\u2019\u00e9lue PS sera ainsi sur le terrain une bonne partie de la journ\u00e9e.<\/p>\n<p class=\"sc-ksZaOG ehjQrN text-element\">Quatre jours plus tard, revoil\u00e0 la maire. Cette fois \u00e0 l\u2019arr\u00eat Arts et m\u00e9tiers pour pr\u00e9sider <a href=\"https:\/\/www.liberation.fr\/economie\/transports\/une-piste-cyclable-nommee-paul-varry-a-paris-afin-de-sensibiliser-contre-la-culture-du-virilisme-routier-20250709_RMBXLJBF55CILJT23XRSYEJ5RU\/\" target=\"_blank\" rel=\"noreferrer noopener\" title=\"https:\/\/www.liberation.fr\/economie\/transports\/une-piste-cyclable-nommee-paul-varry-a-paris-afin-de-sensibiliser-contre-la-culture-du-virilisme-routier-20250709_RMBXLJBF55CILJT23XRSYEJ5RU\/\">l\u2019inauguration de la piste cyclable Paul Varry<\/a>, ce cycliste tu\u00e9 il y a un an par un automobiliste. \u00abDe toute fa\u00e7on, moi, je suis comme \u00e7a, quand je fais quelque chose, je fais les choses \u00e0 fond, je n\u2019arrive pas \u00e0 m\u2019arr\u00eater. En ce moment on n\u2019arr\u00eate pas\u00bb, claironne-t-elle devant Lib\u00e9 le lendemain, avant de m\u00e9dailler Fousseynou Ciss\u00e9, <a href=\"https:\/\/www.liberation.fr\/societe\/familles\/fousseynou-cisse-qui-a-sauve-six-personnes-dun-incendie-a-paris-va-etre-decore-pour-acte-de-courage-20250707_CLHS6D2EPZFOVBJWHKIOM6CAMI\/\" target=\"_blank\" rel=\"noopener\" title=\"https:\/\/www.liberation.fr\/societe\/familles\/fousseynou-cisse-qui-a-sauve-six-personnes-dun-incendie-a-paris-va-etre-decore-pour-acte-de-courage-20250707_CLHS6D2EPZFOVBJWHKIOM6CAMI\/\">citoyen h\u00e9ro\u00efque qui a sauv\u00e9 six personnes des flammes, le 4 juillet<\/a>, dans le XVIIIe arrondissement de Paris. Une pr\u00e9cision un brin surjou\u00e9e pour couper court \u00e0 toute rumeur de fin de r\u00e8gne cr\u00e9pusculaire ?<\/p>\n<p class=\"sc-ksZaOG ehjQrN text-element\">Il y a dix jours, la maire de Paris a subi un revers qui entache quelque peu la fin de son second et dernier mandat \u00e0 la t\u00eate de la capitale. Emmanuel Gr\u00e9goire, son ancien premier adjoint avec qui les relations sont totalement brouill\u00e9es <a href=\"https:\/\/www.liberation.fr\/politique\/municipales-a-paris-emmanuel-gregoire-designe-par-les-militants-socialistes-un-affront-pour-anne-hidalgo-20250630_SFEPKUC4FBAFVAZA5SFVPXGCKQ\/\" target=\"_blank\" rel=\"noreferrer noopener\" title=\"https:\/\/www.liberation.fr\/politique\/municipales-a-paris-emmanuel-gregoire-designe-par-les-militants-socialistes-un-affront-pour-anne-hidalgo-20250630_SFEPKUC4FBAFVAZA5SFVPXGCKQ\/\">a remport\u00e9 la primaire pour repr\u00e9senter le PS aux municipales de 2026<\/a>. Qui plus est d\u00e8s le premier tour. Une d\u00e9faite, donc, pour R\u00e9mi F\u00e9raud qu\u2019elle avait d\u00e9sign\u00e9 comme son successeur. Mais aussi une d\u00e9faite pour elle tant l\u2019\u00e9dile s\u2019est investie dans la campagne interne pour convaincre les socialistes parisiens de choisir son poulain. Elle \u00e9tait l\u00e0 en novembre dernier pour lui remettre son \u00e9charpe porte-bonheur <a href=\"https:\/\/www.liberation.fr\/politique\/municipales-a-paris-le-candidat-remi-feraud-en-campagne-entre-lapsus-affichage-avec-hidalgo-et-appel-au-rassemblement-20241128_2WNBNETWSNBGJOIGWBVTCCJRAY\/\" target=\"_blank\" rel=\"noreferrer noopener\" title=\"https:\/\/www.liberation.fr\/politique\/municipales-a-paris-le-candidat-remi-feraud-en-campagne-entre-lapsus-affichage-avec-hidalgo-et-appel-au-rassemblement-20241128_2WNBNETWSNBGJOIGWBVTCCJRAY\/\">au moment du lancement de sa campagne dans le XXe arrondissement<\/a>. Pendant des mois, elle a vant\u00e9 la \u00abloyaut\u00e9\u00bb et la \u00absolidit\u00e9\u00bb du s\u00e9nateur avant de mettre les bouch\u00e9es doubles dans la derni\u00e8re ligne droite. Comme ce soir d\u2019assembl\u00e9e g\u00e9n\u00e9rale de la f\u00e9d\u00e9ration, \u00e0 cinq jours du vote, o\u00f9 elle a longuement discouru pour faire valoir les m\u00e9rites de son candidat et \u00e9gratigner son rival sans jamais le citer. \u00abElle a m\u00eame re\u00e7u des militants en personne pour leur dire qu\u2019il fallait voter F\u00e9raud\u00bb, raconte un socialiste parisien. \u00ab\u00c7a fait partie de la vie politique. Tout le monde conna\u00eet des victoires et des revers. La victoire de Gr\u00e9goire en est \u00e9videmment un\u00bb, conc\u00e8de son entourage.<\/p>\n<p class=\"sc-ksZaOG ehjQrN text-element\">Pour la droite parisienne, jamais en retard d\u2019un tacle, cette d\u00e9faite est r\u00e9v\u00e9lateur de l\u2019isolement d\u2019une maire qui n\u2019est dor\u00e9navant plus proph\u00e8te en son pays. \u00abA part R\u00e9mi F\u00e9raud et Patrick Bloche [son premier adjoint, ndlr] on a l\u2019impression qu\u2019elle est en d\u00e9fiance avec tout le monde. Elle aurait pu valoriser le fait d\u2019avoir fait deux mandats qui se terminent par les JO, mais elle est en r\u00e9alit\u00e9 dans l\u2019amertume et d\u2019une aigreur assez stup\u00e9fiante\u00bb, persifle <a href=\"https:\/\/www.liberation.fr\/politique\/nelly-garnier-pouce-vers-le-haut-20220119_B3UO4F36CVABPFKJB35VP74DO4\/\" target=\"_blank\" rel=\"noreferrer noopener\" title=\"https:\/\/www.liberation.fr\/politique\/nelly-garnier-pouce-vers-le-haut-20220119_B3UO4F36CVABPFKJB35VP74DO4\/\">l\u2019\u00e9lue LR Nelly Garnier<\/a>, proche parmi les proches de Rachida Dati. Rien de tr\u00e8s surprenant venant de l\u2019opposition. Mais \u00e0 gauche aussi, on d\u00e9crit une \u00e9lue fragilis\u00e9e par la victoire de Gr\u00e9goire. \u00abDans les faits, elle est carr\u00e9ment affaiblie, affirme un adjoint. Normalement, quand un sortant d\u00e9signe un dauphin, tout le monde suit. L\u00e0, son autorit\u00e9 n\u2019aura pas suffi.\u00bb \u00abQuand tu quittes tes fonctions, il vaut mieux le faire avec panache. Elle n\u2019aurait donc pas d\u00fb se m\u00ealer des affaires internes du PS\u00bb, abonde un autre.<\/p>\n<p class=\"sc-ksZaOG ehjQrN text-element\">Quoi qu\u2019il en soit, le cercle proche d\u2019Anne Hidalgo mart\u00e8le que la maire de Paris restera concentr\u00e9e sur sa t\u00e2che jusqu\u2019\u00e0 la fin de son mandat, en mars 2026. \u00abElle n\u2019est pas du tout dans un \u00e9tat d\u2019esprit \u00e0 rester enferm\u00e9e dans sa chambre les volets ferm\u00e9s\u00bb, atteste un proche. \u00abLa maire est quelqu\u2019un qui a continuellement des id\u00e9es et qui va continuer \u00e0 mettre en \u0153uvre ses projets jusqu\u2019au dernier jour\u00bb, explique aussi son fid\u00e8le premier adjoint, Patrick Bloche, rappelant qu\u2019il reste trois Conseils de Paris jusqu\u2019aux municipales, dont celui visant \u00e0 voter le budget de la ville en d\u00e9cembre prochain. \u00abC\u2019est l\u2019acte politique le plus fort\u00bb, ajoute-t-il.<\/p>\n<p class=\"sc-ksZaOG ehjQrN text-element\">\u00abElle est encore pleinement engag\u00e9e. Nous avons inaugur\u00e9 ensemble la nouvelle Direction de la sant\u00e9, le 30 juin dernier\u00bb, confirme l\u2019adjointe \u00e9cologiste \u00e0 la Sant\u00e9, Anne-Claire Boux. Des propos qui visent aussi \u00e0 d\u00e9mentir l\u2019id\u00e9e, v\u00e9hicul\u00e9e par la droite, qu\u2019Anne Hidalgo d\u00e9laisserait la capitale pour multiplier les d\u00e9placements \u00e0 l\u2019\u00e9tranger en vue de sa potentielle reconversion \u00e0 la t\u00eate du Haut-Commissariat des Nations unies pour les r\u00e9fugi\u00e9s. \u00abC\u2019est absurde, la campagne [pour le HCR] n\u2019a pas encore commenc\u00e9 puis tout maire de Paris, quel qu\u2019il soit, est forc\u00e9ment amen\u00e9 \u00e0 voyager. C\u2019est un mandat qui comporte une dimension diplomatique\u00bb, rappelle Patrick Bloche. Selon <a href=\"https:\/\/www.lemonde.fr\/politique\/article\/2025\/06\/03\/anne-hidalgo-une-maire-grande-voyageuse-et-des-deplacements-qui-posent-questions_6610287_823448.html\" target=\"_blank\" rel=\"noreferrer noopener\" title=\"https:\/\/www.lemonde.fr\/politique\/article\/2025\/06\/03\/anne-hidalgo-une-maire-grande-voyageuse-et-des-deplacements-qui-posent-questions_6610287_823448.html\">le Monde<\/a>, la socialiste s\u2019est d\u00e9plac\u00e9e \u00e0 douze reprises \u00e0 l\u2019\u00e9tranger depuis le d\u00e9but de l\u2019ann\u00e9e 2025. D\u2019apr\u00e8s nos informations, au moins deux autres voyages sont pr\u00e9vus d\u2019ici la fin de l\u2019ann\u00e9e. A New-York en septembre pour la Climate week puis \u00e0 Belem au Br\u00e9sil en novembre pour la COP30.<\/p>\n<p class=\"sc-ksZaOG ehjQrN text-element\">Mais d\u2019ici la fin de son mandat, une autre question, plus pragmatique, taraude la gauche parisienne : que fera Anne Hidalgo vis-\u00e0-vis d\u2019Emmanuel Gr\u00e9goire ? Car durant la campagne interne de la primaire PS, l\u2019\u00e9dile avait affirm\u00e9, \u00e0 propos de son ancien bras droit, qu\u2019<a href=\"https:\/\/www.liberation.fr\/politique\/elections\/municipales-a-paris-anne-hidalgo-ne-soutiendra-pas-son-ex-adjoint-emmanuel-gregoire-sil-gagne-la-primaire-ps-20250313_HGTJ2UACOREG3HWF454XHCORZQ\/\" target=\"_blank\" rel=\"noreferrer noopener\" title=\"https:\/\/www.liberation.fr\/politique\/elections\/municipales-a-paris-anne-hidalgo-ne-soutiendra-pas-son-ex-adjoint-emmanuel-gregoire-sil-gagne-la-primaire-ps-20250313_HGTJ2UACOREG3HWF454XHCORZQ\/\">elle \u00abne pourrait pas soutenir quelqu\u2019un qui, ces deux derni\u00e8res ann\u00e9es, a pass\u00e9 son temps \u00e0 [lui] tirer le tapis sous le pied.<\/a>\u00bb Pour Hidalgo, rester ferme sur cette position risquerait d\u2019\u00e9corner son image et de la faire passer pour une mauvaise perdante. Sans certifier qu\u2019elle pourrait finalement envoyer un signal clair en faveur du candidat socialiste, ses proches affirment qu\u2019elle ne fera rien pour lui barrer la route. \u00abAnne Hidalgo veut que Paris reste \u00e0 gauche, elle fera tout pour cela\u00bb, jure Bloche. Certains, dans les couloirs de l\u2019h\u00f4tel de ville, l\u2019imaginent pourtant d\u00e9j\u00e0 \u0153uvrer pour que l\u2019\u00e9ventuel rassemblement de la gauche d\u00e8s le premier tour se fasse derri\u00e8re l\u2019\u00e9cologiste David Belliard ou le communiste Ian Brossat, plut\u00f4t que Gr\u00e9goire.<\/p>\n","protected":false},"excerpt":{"rendered":"Mains dans les poches et large sourire, Anne Hidalgo ne cache pas son plaisir. Samedi 5 juillet au&hellip;\n","protected":false},"author":2,"featured_media":244426,"comment_status":"","ping_status":"","sticky":false,"template":"","format":"standard","meta":{"footnotes":""},"categories":[1888],"tags":[11,2618,8186,1777,674,1011,27,12,626,429,25],"class_list":{"0":"post-244425","1":"post","2":"type-post","3":"status-publish","4":"format-standard","5":"has-post-thumbnail","7":"category-paris","8":"tag-actualites","9":"tag-anne-hidalgo","10":"tag-emmanuel-gregoire","11":"tag-eu","12":"tag-europe","13":"tag-fr","14":"tag-france","15":"tag-news","16":"tag-paris","17":"tag-ps","18":"tag-republique-francaise"},"share_on_mastodon":{"url":"https:\/\/pubeurope.com\/@fr\/114839196963133410","error":""},"_links":{"self":[{"href":"https:\/\/www.europesays.com\/fr\/wp-json\/wp\/v2\/posts\/244425","targetHints":{"allow":["GET"]}}],"collection":[{"href":"https:\/\/www.europesays.com\/fr\/wp-json\/wp\/v2\/posts"}],"about":[{"href":"https:\/\/www.europesays.com\/fr\/wp-json\/wp\/v2\/types\/post"}],"author":[{"embeddable":true,"href":"https:\/\/www.europesays.com\/fr\/wp-json\/wp\/v2\/users\/2"}],"replies":[{"embeddable":true,"href":"https:\/\/www.europesays.com\/fr\/wp-json\/wp\/v2\/comments?post=244425"}],"version-history":[{"count":0,"href":"https:\/\/www.europesays.com\/fr\/wp-json\/wp\/v2\/posts\/244425\/revisions"}],"wp:featuredmedia":[{"embeddable":true,"href":"https:\/\/www.europesays.com\/fr\/wp-json\/wp\/v2\/media\/244426"}],"wp:attachment":[{"href":"https:\/\/www.europesays.com\/fr\/wp-json\/wp\/v2\/media?parent=244425"}],"wp:term":[{"taxonomy":"category","embeddable":true,"href":"https:\/\/www.europesays.com\/fr\/wp-json\/wp\/v2\/categories?post=244425"},{"taxonomy":"post_tag","embeddable":true,"href":"https:\/\/www.europesays.com\/fr\/wp-json\/wp\/v2\/tags?post=244425"}],"curies":[{"name":"wp","href":"https:\/\/api.w.org\/{rel}","templated":true}]}}