{"id":244427,"date":"2025-07-12T07:57:10","date_gmt":"2025-07-12T07:57:10","guid":{"rendered":"https:\/\/www.europesays.com\/fr\/244427\/"},"modified":"2025-07-12T07:57:10","modified_gmt":"2025-07-12T07:57:10","slug":"lennemi-a-attaque-avec-623-armes-aeriennes-annonce-larmee-ukrainienne-apres-de-nouvelles-frappes-russes","status":"publish","type":"post","link":"https:\/\/www.europesays.com\/fr\/244427\/","title":{"rendered":"\u00ab\u00a0L\u2019ennemi a attaqu\u00e9 avec 623 armes a\u00e9riennes\u00a0\u00bb, annonce l\u2019arm\u00e9e ukrainienne apr\u00e8s de nouvelles frappes russes"},"content":{"rendered":"<p>La Russie a lanc\u00e9 dans la nuit de vendredi \u00e0 ce samedi 597 drones et tir\u00e9 26 missiles de croisi\u00e8re contre l\u2019Ukraine, a annonc\u00e9 l\u2019arm\u00e9e de l\u2019air ukrainienne, alors que les frappes russes s\u2019intensifient ces derni\u00e8res semaines.<\/p>\n<p>\u00ab\u00a0L\u2019ennemi a attaqu\u00e9 avec 623 armes a\u00e9riennes\u00a0\u00bb, a indiqu\u00e9 l\u2019arm\u00e9e, pr\u00e9cisant qu\u2019il s\u2019agissait de 597 drones et 26 missiles. Quelque 344 de ces engins ont \u00e9t\u00e9 abattus, soit plus de la moiti\u00e9, dont 25 missiles et 319 drones, selon elle.<\/p>\n","protected":false},"excerpt":{"rendered":"La Russie a lanc\u00e9 dans la nuit de vendredi \u00e0 ce samedi 597 drones et tir\u00e9 26 missiles&hellip;\n","protected":false},"author":2,"featured_media":244428,"comment_status":"","ping_status":"","sticky":false,"template":"","format":"standard","meta":{"footnotes":""},"categories":[1591],"tags":[11,765,1887,2069,74,12,1885,1886,132],"class_list":{"0":"post-244427","1":"post","2":"type-post","3":"status-publish","4":"format-standard","5":"has-post-thumbnail","7":"category-russie","8":"tag-actualites","9":"tag-en-continu","10":"tag-federation-de-russie","11":"tag-guerre-ukraine-russie","12":"tag-monde","13":"tag-news","14":"tag-russia","15":"tag-russian-federation","16":"tag-russie"},"share_on_mastodon":{"url":"https:\/\/pubeurope.com\/@fr\/114839200940072452","error":""},"_links":{"self":[{"href":"https:\/\/www.europesays.com\/fr\/wp-json\/wp\/v2\/posts\/244427","targetHints":{"allow":["GET"]}}],"collection":[{"href":"https:\/\/www.europesays.com\/fr\/wp-json\/wp\/v2\/posts"}],"about":[{"href":"https:\/\/www.europesays.com\/fr\/wp-json\/wp\/v2\/types\/post"}],"author":[{"embeddable":true,"href":"https:\/\/www.europesays.com\/fr\/wp-json\/wp\/v2\/users\/2"}],"replies":[{"embeddable":true,"href":"https:\/\/www.europesays.com\/fr\/wp-json\/wp\/v2\/comments?post=244427"}],"version-history":[{"count":0,"href":"https:\/\/www.europesays.com\/fr\/wp-json\/wp\/v2\/posts\/244427\/revisions"}],"wp:featuredmedia":[{"embeddable":true,"href":"https:\/\/www.europesays.com\/fr\/wp-json\/wp\/v2\/media\/244428"}],"wp:attachment":[{"href":"https:\/\/www.europesays.com\/fr\/wp-json\/wp\/v2\/media?parent=244427"}],"wp:term":[{"taxonomy":"category","embeddable":true,"href":"https:\/\/www.europesays.com\/fr\/wp-json\/wp\/v2\/categories?post=244427"},{"taxonomy":"post_tag","embeddable":true,"href":"https:\/\/www.europesays.com\/fr\/wp-json\/wp\/v2\/tags?post=244427"}],"curies":[{"name":"wp","href":"https:\/\/api.w.org\/{rel}","templated":true}]}}