{"id":24443,"date":"2025-04-14T14:23:12","date_gmt":"2025-04-14T14:23:12","guid":{"rendered":"https:\/\/www.europesays.com\/fr\/24443\/"},"modified":"2025-04-14T14:23:12","modified_gmt":"2025-04-14T14:23:12","slug":"dans-ce-quartier-de-rennes-des-voisins-evitent-un-cambriolage-ils-se-font-tabasser","status":"publish","type":"post","link":"https:\/\/www.europesays.com\/fr\/24443\/","title":{"rendered":"Dans ce quartier de Rennes, des voisins \u00e9vitent un cambriolage : ils se font tabasser"},"content":{"rendered":"<p>            Par<br \/>\n        <strong><br \/>\n            <a href=\"https:\/\/actu.fr\/auteur\/brian-legoff\" title=\"Consulter tous les articles de Brian Le Goff\" rel=\"nofollow noopener\" target=\"_blank\">Brian Le Goff<\/a><br \/>\n        <\/strong><\/p>\n<p>        Publi\u00e9 le<\/p>\n<p>            14 avr. 2025 \u00e0 12h36        <\/p>\n<p><strong>Situation surr\u00e9aliste<\/strong> pour ces habitants au nord de Rennes, en cette fin de week-end. Dimanche 13 avril 2025, vers 17 h 45, un <strong>groupe de jeunes<\/strong> tentent de s\u2019introduire dans des <strong>pavillons du quartier Kerfleury.<\/strong><\/p>\n<p class=\" wall-content\">Ils sont <strong>mis en fuite<\/strong> par un habitant qui contacte la <a href=\"https:\/\/actu.fr\/tag\/police\" rel=\"nofollow noopener\" target=\"_blank\">police<\/a>. Pour autant, ce groupe ne va pas s\u2019arr\u00eater l\u00e0.<\/p>\n<p>Le groupe r\u00e9iti\u00e8re quelques rues plus loin\u00a0<\/p>\n<p class=\" wall-content\">Quelques minutes plus tard, la police re\u00e7oit un<strong> second appel<\/strong> pour des faits similaires, rue <strong>Fran\u00e7ois D\u00e9sir\u00e9e Roullin<\/strong>, dans le quartier de la Bellangerais, toujours dans le nord de la capitale bretonne.<\/p>\n<p class=\" wall-content\">Le <strong>groupe s\u2019introduit une nouvelle fois<\/strong> dans une propri\u00e9t\u00e9, en particulier dans un garage. Seulement, il <strong>se fait surprendre<\/strong> par un voisin.<\/p>\n<p>Trois riverains bless\u00e9s au visage<\/p>\n<p class=\" wall-content\">D\u2019autres voisins rejoignent ce dernier et <strong>tentent de retenir l\u2019un des jeunes sur place<\/strong>, sans succ\u00e8s.<\/p>\n<p class=\" wall-content\">Plusieurs jeunes du groupe vont s\u2019en prendre physiquement aux voisins en leur portant <strong>plusieurs coups<\/strong>. R\u00e9sultat : trois riverains sont bless\u00e9s au visage.<\/p>\n<p class=\" wall-content\">La <strong>police<\/strong> r\u00e9ussit \u00e0 <strong>interpeller<\/strong> trois des auteurs. <strong>Une enqu\u00eate<\/strong> a \u00e9t\u00e9 ouverte.<\/p>\n<p class=\" wall-content\">Suivez toute l\u2019actualit\u00e9 de vos villes et m\u00e9dias favoris en vous inscrivant \u00e0 <a href=\"https:\/\/moncompte.actu.fr\" title=\"D\u00e9couvez Mon Actu\" rel=\"nofollow noopener\" data-trk=\"{&quot;cta&quot;:{&quot;action&quot;:&quot;https:\\\/\\\/moncompte.actu.fr&quot;,&quot;category&quot;:&quot;mon compte&quot;,&quot;from&quot;:&quot;article footer&quot;,&quot;name&quot;:&quot;Mon actu&quot;,&quot;type&quot;:&quot;cta&quot;}}\" target=\"_blank\">Mon Actu<\/a>.<\/p>\n","protected":false},"excerpt":{"rendered":"Par Brian Le Goff Publi\u00e9 le 14 avr. 2025 \u00e0 12h36 Situation surr\u00e9aliste pour ces habitants au nord&hellip;\n","protected":false},"author":2,"featured_media":24444,"comment_status":"","ping_status":"","sticky":false,"template":"","format":"standard","meta":{"footnotes":""},"categories":[2821],"tags":[1111,11,829,1174,1777,674,118,1011,27,12,1072,584,25],"class_list":{"0":"post-24443","1":"post","2":"type-post","3":"status-publish","4":"format-standard","5":"has-post-thumbnail","7":"category-rennes","8":"tag-actu","9":"tag-actualites","10":"tag-bretagne","11":"tag-cambriolage","12":"tag-eu","13":"tag-europe","14":"tag-faits-divers","15":"tag-fr","16":"tag-france","17":"tag-news","18":"tag-police","19":"tag-rennes","20":"tag-republique-francaise"},"share_on_mastodon":{"url":"https:\/\/pubeurope.com\/@fr\/114336773126756120","error":""},"_links":{"self":[{"href":"https:\/\/www.europesays.com\/fr\/wp-json\/wp\/v2\/posts\/24443","targetHints":{"allow":["GET"]}}],"collection":[{"href":"https:\/\/www.europesays.com\/fr\/wp-json\/wp\/v2\/posts"}],"about":[{"href":"https:\/\/www.europesays.com\/fr\/wp-json\/wp\/v2\/types\/post"}],"author":[{"embeddable":true,"href":"https:\/\/www.europesays.com\/fr\/wp-json\/wp\/v2\/users\/2"}],"replies":[{"embeddable":true,"href":"https:\/\/www.europesays.com\/fr\/wp-json\/wp\/v2\/comments?post=24443"}],"version-history":[{"count":0,"href":"https:\/\/www.europesays.com\/fr\/wp-json\/wp\/v2\/posts\/24443\/revisions"}],"wp:featuredmedia":[{"embeddable":true,"href":"https:\/\/www.europesays.com\/fr\/wp-json\/wp\/v2\/media\/24444"}],"wp:attachment":[{"href":"https:\/\/www.europesays.com\/fr\/wp-json\/wp\/v2\/media?parent=24443"}],"wp:term":[{"taxonomy":"category","embeddable":true,"href":"https:\/\/www.europesays.com\/fr\/wp-json\/wp\/v2\/categories?post=24443"},{"taxonomy":"post_tag","embeddable":true,"href":"https:\/\/www.europesays.com\/fr\/wp-json\/wp\/v2\/tags?post=24443"}],"curies":[{"name":"wp","href":"https:\/\/api.w.org\/{rel}","templated":true}]}}