{"id":244435,"date":"2025-07-12T08:01:19","date_gmt":"2025-07-12T08:01:19","guid":{"rendered":"https:\/\/www.europesays.com\/fr\/244435\/"},"modified":"2025-07-12T08:01:19","modified_gmt":"2025-07-12T08:01:19","slug":"euro-2025-f-suede","status":"publish","type":"post","link":"https:\/\/www.europesays.com\/fr\/244435\/","title":{"rendered":"Euro 2025 (F) : Su\u00e8de"},"content":{"rendered":"<p class=\"date\">\n                                                            Mathieu Warnier, Media365 : publi\u00e9 le samedi 12 juillet 2025 \u00e0 09h25\n                                                    <\/p>\n<p>Ce samedi \u00e0 21h00, la pelouse du Stadion Letzigrund de Zurich accueille la rencontre entre la Su\u00e8de et l&rsquo;Allemagne, comptant pour le groupe C de l&rsquo;Euro 2025.<\/p>\n<p>Les confrontations : Avantage pour l&rsquo;Allemagne<\/p>\n<p>Depuis 2008, les deux formations se sont crois\u00e9es \u00e0 quinze reprises avec un bilan tr\u00e8s clairement en faveur de la Mannschaft. En effet, les Allemandes se sont impos\u00e9es \u00e0 dix reprises pour trois succ\u00e8s des Su\u00e9doises et deux matchs nul. La derni\u00e8re confrontation, qui remonte au 21 f\u00e9vrier 2023 sur la pelouse de la Schauinsland-Reisen-Arena de Duisbourg s&rsquo;\u00e9tait achev\u00e9e sur un score nul et vierge (0-0). Mais, en ce qui concerne les comp\u00e9titions officielles, le dernier rendez-vous \u00e9tait un quart de finale de la Coupe du Monde organis\u00e9e en France en 2019 et une victoire su\u00e9doise. Si Lina Magull avait ouvert le score au quart d&rsquo;heure de jeu, Sofia Jakobsson avait \u00e9galis\u00e9 six minutes plus tard. Stina Blackstenius avait alors fait la d\u00e9cision peu apr\u00e8s le retour sur la pelouse du Roazhon Park de Rennes. Dans un match pour lequel le seul enjeu est la premi\u00e8re place du groupe C, les Allemandes auront sans doute un petit go\u00fbt de revanche. Une rencontre qui sera arbitr\u00e9e par l&rsquo;Italienne Siliva Gasperotti.<\/p>\n<p>Le mot des coachs<\/p>\n<p>Le s\u00e9lectionneur su\u00e9dois Peter Gerhardsson n&rsquo;a pas cach\u00e9 ses intentions avant ce duel face \u00e0 l&rsquo;Allemagne, qui vient apr\u00e8s un succ\u00e8s poussif contre le Danemark puis <a href=\"https:\/\/sports.orange.fr\/football\/football-feminin\/euro\/article\/euro-2025-f-l-allemagne-s-impose-aisement-contre-la-pologne-CNT000002jrvDQ.html\" rel=\"nofollow noopener\" target=\"_blank\">un autre plus net face \u00e0 la Pologne<\/a>. \u00ab\u00a0Nous aimerions vraiment remporter ce groupe et jouer les quarts de finale jeudi, a-t-il d\u00e9clar\u00e9 en conf\u00e9rence de presse. Nous verrons bien.\u00a0\u00bb Il a toutefois ouvert la porte \u00e0 une rotation de son groupe avant le quart de finale pr\u00e9vu en fin de semaine prochaine. \u00ab\u00a0Cela pourrait signifier que nous n&rsquo;aurons pas la m\u00eame composition de d\u00e9part, a-t-il ajout\u00e9. Comme je l&rsquo;ai d\u00e9j\u00e0 dit, ce n&rsquo;est jamais le cas. Mais nous verrons bien. Parfois, je me surprends moi-m\u00eame.\u00a0\u00bb N\u00e9anmoins, il reconna\u00eet que l&rsquo;Allemagne est un adversaire qu&rsquo;il conna\u00eet bien \u00ab\u00a0m\u00eame si ce n&rsquo;est que pour des d\u00e9tails\u00a0\u00bb. \u00ab\u00a0Certaines joueuses les ont d\u00e9j\u00e0 affront\u00e9s \u00e0 l&rsquo;entra\u00eenement ou en championnat, et cette exp\u00e9rience sera pr\u00e9cieuse, a-t-il rappel\u00e9. Mais d&rsquo;un autre c\u00f4t\u00e9, on peut dire que les joueuses allemandes auront le m\u00eame avantage.\u00a0\u00bb<\/p>\n<p>Christian W\u00fcck, pour sa part, ne se fait pas d&rsquo;illusion sur la motivation de la s\u00e9lection su\u00e9doise. \u00ab\u00a0Les deux \u00e9quipes veulent terminer premi\u00e8res du groupe\u00a0\u00bb, a-t-il lanc\u00e9 face \u00e0 la presse avant d&rsquo;ajouter s&rsquo;attendre \u00e0 \u00ab\u00a0un match tr\u00e8s \u00e9quilibr\u00e9, o\u00f9 les petits d\u00e9tails feront la diff\u00e9rence\u00a0\u00bb sur la pelouse du Letzigrund. Dominatrices face \u00e0 la Pologne puis <a href=\"https:\/\/sports.orange.fr\/football\/football-feminin\/euro\/article\/euro-2025-f-l-allemagne-et-la-suede-s-imposent-et-se-hissent-en-quarts-CNT000002junpR.html\" rel=\"nofollow noopener\" target=\"_blank\">accroch\u00e9es par le Danemark pour rester invaincues dans la comp\u00e9tition<\/a>, les Allemandes ne comptent pas perdre de vue leur but dans ce d\u00e9but de tournoi. \u00ab\u00a0Notre objectif a toujours \u00e9t\u00e9 de terminer premiers du groupe, a affirm\u00e9 leur s\u00e9lectionneur national. Ce qui pourrait se passer si nous terminons premiers ou deuxi\u00e8mes n&rsquo;a aucune importance pour nous pour le moment. Nous voulons vraiment remporter le groupe afin d&rsquo;accro\u00eetre notre confiance, ce qui est notre priorit\u00e9.\u00a0\u00bb<\/p>\n<p><strong>Compos probables<\/strong><\/p>\n<p><strong>Su\u00e8de :<\/strong> Falk &#8211; Holmgren, Bj\u00f6rn, Sembrant, Andersson &#8211; Angeldahl, Asllani, Zigiotti Olme &#8211; Rytting Kaneryd, Blackstenius, Rolf\u00f6<\/p>\n<p><strong>Allemagne :<\/strong> Berger &#8211; Wamser, Minge, Knaak, Linder &#8211; Senss, N\u00fcsken &#8211; Brand, Dallmann, B\u00fchl &#8211; Sch\u00fcller<\/p>\n<p><strong>EURO 2025 FEMININ &#8211; JOURNEE 3<\/strong><\/p>\n<p>Su\u00e8de &#8211; Allemagne \/ GROUPE C<\/p>\n<p><strong>Lieu :<\/strong> Stadion Letzigrund (Zurich)<\/p>\n<p><strong>Heure :<\/strong> 21h00<\/p>\n","protected":false},"excerpt":{"rendered":"Mathieu Warnier, Media365 : publi\u00e9 le samedi 12 juillet 2025 \u00e0 09h25 Ce samedi \u00e0 21h00, la pelouse&hellip;\n","protected":false},"author":2,"featured_media":244436,"comment_status":"","ping_status":"","sticky":false,"template":"","format":"standard","meta":{"footnotes":""},"categories":[1587],"tags":[11,672,1804,1805,1803,1777,674,1801,12,1802],"class_list":{"0":"post-244435","1":"post","2":"type-post","3":"status-publish","4":"format-standard","5":"has-post-thumbnail","7":"category-allemagne","8":"tag-actualites","9":"tag-allemagne","10":"tag-bundesrepublik-deutschland","11":"tag-de","12":"tag-deutschland","13":"tag-eu","14":"tag-europe","15":"tag-germany","16":"tag-news","17":"tag-republique-federale-dallemagne"},"share_on_mastodon":{"url":"https:\/\/pubeurope.com\/@fr\/114839216679713424","error":""},"_links":{"self":[{"href":"https:\/\/www.europesays.com\/fr\/wp-json\/wp\/v2\/posts\/244435","targetHints":{"allow":["GET"]}}],"collection":[{"href":"https:\/\/www.europesays.com\/fr\/wp-json\/wp\/v2\/posts"}],"about":[{"href":"https:\/\/www.europesays.com\/fr\/wp-json\/wp\/v2\/types\/post"}],"author":[{"embeddable":true,"href":"https:\/\/www.europesays.com\/fr\/wp-json\/wp\/v2\/users\/2"}],"replies":[{"embeddable":true,"href":"https:\/\/www.europesays.com\/fr\/wp-json\/wp\/v2\/comments?post=244435"}],"version-history":[{"count":0,"href":"https:\/\/www.europesays.com\/fr\/wp-json\/wp\/v2\/posts\/244435\/revisions"}],"wp:featuredmedia":[{"embeddable":true,"href":"https:\/\/www.europesays.com\/fr\/wp-json\/wp\/v2\/media\/244436"}],"wp:attachment":[{"href":"https:\/\/www.europesays.com\/fr\/wp-json\/wp\/v2\/media?parent=244435"}],"wp:term":[{"taxonomy":"category","embeddable":true,"href":"https:\/\/www.europesays.com\/fr\/wp-json\/wp\/v2\/categories?post=244435"},{"taxonomy":"post_tag","embeddable":true,"href":"https:\/\/www.europesays.com\/fr\/wp-json\/wp\/v2\/tags?post=244435"}],"curies":[{"name":"wp","href":"https:\/\/api.w.org\/{rel}","templated":true}]}}