{"id":244449,"date":"2025-07-12T08:09:10","date_gmt":"2025-07-12T08:09:10","guid":{"rendered":"https:\/\/www.europesays.com\/fr\/244449\/"},"modified":"2025-07-12T08:09:10","modified_gmt":"2025-07-12T08:09:10","slug":"nouvelle-zelande-france-en-video-le-traditionnel-haka-des-all-blacks-avant-daffronter-les-bleus-le-figaro","status":"publish","type":"post","link":"https:\/\/www.europesays.com\/fr\/244449\/","title":{"rendered":"Nouvelle-Z\u00e9lande &#8211; France : en vid\u00e9o, le traditionnel haka des All Blacks avant d\u2019affronter les Bleus &#8211; Le Figaro"},"content":{"rendered":"<ol>\n<li><a href=\"https:\/\/news.google.com\/rss\/articles\/CBMi1gFBVV95cUxQb1F0UDRyNkhTRjlIX0d0UXc1UjY4dDQtZ3pVeVNpUDd1VGZPS3NhaVg1SW56cDNWYmdtdU1qRHpwZzcwdFF1SlZ1dUIwYjZsSE85bFN5bXlXV3VHMml1eFVBMVVLMUVRUEdrZXlObzZaN1V2eS1nZjViRVpMMDVTWm5LelNWcU9qajlKMXJHVHJhdUtBR1Y0Q2g5YWYyaE1STUtTLVZkNnVFSTg4Q3Uwd0ZuQ2RLcDYxdHdXbkl3UXNXaXExbWRkWjd4U0pLUjA5VGFwY3Jn?oc=5\" target=\"_blank\" rel=\"nofollow noopener\">Nouvelle-Z\u00e9lande &#8211; France : en vid\u00e9o, le traditionnel haka des All Blacks avant d\u2019affronter les Bleus<\/a>&nbsp;&nbsp;Le Figaro<\/li>\n<li><a href=\"https:\/\/news.google.com\/rss\/articles\/CBMihgJBVV95cUxPeHVDRENTWmhsN1QxRzJycFRaLWlWNUdmZGJpOGFybXg0ZHM5dE1KSFlJcFJBVEgwSTRuRWxrX2pDbUU3WXlIR19MOXhmUm1hTW5ZYVdMLThmN1p2Tjl2czJ2X1dyM3FPWW1RdjFEeVRNOUdRYW9jcXZFRlVFUHlZeUo0U1lpazhvZ2daY2didm1aYVRLaU1NSzgwVGZZUVRsOERnb2RNWk53TUFzN2tRWjJpSFB1ZEpCWFA0MkwzNmZBWGhRU05sYW43bFFIMXl4b0JoUzd3emNfVGdMZ1g1czM1WFVYcnlGcXQ4cnoxeXZJdHB4dGFnV0pCTHBzUkRHdXZXY1p3?oc=5\" target=\"_blank\" rel=\"nofollow noopener\">\u00ab \u00catre talonneur, c&rsquo;est allier force et finesse \u00bb : Codie Taylor, cadre des All Blacks, devrait encha\u00eener une 98e s\u00e9lection face aux Bleus<\/a>&nbsp;&nbsp;L&rsquo;\u00c9quipe<\/li>\n<li><a href=\"https:\/\/news.google.com\/rss\/articles\/CBMi3gFBVV95cUxPWEFieGhJd1VWeTNZN1FuRUZKTFpEUG1XSi13UEV5R2haUDVqTG9XRXIwemN0YkFZMzZwQk5lM1dSaGZ1cDV4UXdSMlA5cWFnWC1ES2VOTlhHQlZsdURnMzN0UWdJQjR2WUxYSXFkQVBsWVBwSTBBcDZ6VHRkWEJ6MGU2cXA5c0d1ejRCZG1CN2lldmtTT1JNWmppUkFjWjRVMDVNelM1Q19ILTJvTEZhalkwS1hvWEc5UTczb3E4OGR2Q3U5ek9FWHgyV2pTMFdkRFNDY0trU1ZaUlk1SWc?oc=5\" target=\"_blank\" rel=\"nofollow noopener\">Insolite. XV de France : quand Gailleton, Spring et Erdocio sont invit\u00e9s \u00e0 faire le haka des All Blacks<\/a>&nbsp;&nbsp;Actu.fr<\/li>\n<li><a href=\"https:\/\/news.google.com\/rss\/articles\/CBMixgFBVV95cUxPenVuX0xlS1lvWGpab0swS0Y0TEFjU1dkSF9URTZkUWlOXzZHak01anpWbFlBX3FZNDluTUpCckU1cnhiMy1sRjNsd09EUkJoVGFqTHdyNU9jRllwdWc5eEo0M3VLLUZ6ZkdfV1VEZ1BISGVVNk81S1RZaU5zVGo0NnhsUmhmVkxkSU5fTWI4NkN4LXN1a0x0REVaX09mZjQ0LWV2WXROQnZDQ21sWVBrdGNmQkZ5MWNHbC1DVDB5cTlwaXJrZGc?oc=5\" target=\"_blank\" rel=\"nofollow noopener\">\u00ab Une exp\u00e9rience excitante \u00bb : Thierry Dusautoir raconte ses tourn\u00e9es chez les All Blacks<\/a>&nbsp;&nbsp;Le Dauphin\u00e9 Lib\u00e9r\u00e9<\/li>\n<li><a href=\"https:\/\/news.google.com\/rss\/articles\/CBMi9AFBVV95cUxQNzB4MkMyUmVlbllEanZmSEhzT3RBYUJRaFlPX05qbnVfLTMtUUdMTXFaSUVwSGhzbDN5MmVSc1dWaDJHZ3hwa1FlY1lTX2MycGRMM2lucVVXWWtNem1xTGItMlpvbjZ2aXU1aEwtMTVJNk5TeEJxNDJSTjM4WXVaNEU0QjFmZjBTb1Bkcnp6MWZDQWRycGtHdUpzZ3FNS3VIbUR2by1kVl9hMlQ4UmZ4ay1VajR4LWdDUTRBT2VQZlVWWW5lMDZDQ3NRdDNvNk5TX1dpeUctR0tQRUxrUTZxZnN3dW5xZjViOHFSZXQxdDh2NmY2?oc=5\" target=\"_blank\" rel=\"nofollow noopener\">Codie Taylor a utilis\u00e9 un Maripi, outil ou arme traditionnelle maorie, pour mener le Haka contre la France<\/a>&nbsp;&nbsp;MSN<\/li>\n<\/ol>\n","protected":false},"excerpt":{"rendered":"Nouvelle-Z\u00e9lande &#8211; France : en vid\u00e9o, le traditionnel haka des All Blacks avant d\u2019affronter les Bleus&nbsp;&nbsp;Le Figaro \u00ab&hellip;\n","protected":false},"author":2,"featured_media":244450,"comment_status":"","ping_status":"","sticky":false,"template":"","format":"standard","meta":{"footnotes":""},"categories":[1416],"tags":[2305,1011,27,479,1468,60,513],"class_list":{"0":"post-244449","1":"post","2":"type-post","3":"status-publish","4":"format-standard","5":"has-post-thumbnail","7":"category-rugby","8":"tag-all-blacks","9":"tag-fr","10":"tag-france","11":"tag-rugby","12":"tag-rugby-football","13":"tag-sports","14":"tag-xv-de-france"},"share_on_mastodon":{"url":"https:\/\/pubeurope.com\/@fr\/114839248115015680","error":""},"_links":{"self":[{"href":"https:\/\/www.europesays.com\/fr\/wp-json\/wp\/v2\/posts\/244449","targetHints":{"allow":["GET"]}}],"collection":[{"href":"https:\/\/www.europesays.com\/fr\/wp-json\/wp\/v2\/posts"}],"about":[{"href":"https:\/\/www.europesays.com\/fr\/wp-json\/wp\/v2\/types\/post"}],"author":[{"embeddable":true,"href":"https:\/\/www.europesays.com\/fr\/wp-json\/wp\/v2\/users\/2"}],"replies":[{"embeddable":true,"href":"https:\/\/www.europesays.com\/fr\/wp-json\/wp\/v2\/comments?post=244449"}],"version-history":[{"count":0,"href":"https:\/\/www.europesays.com\/fr\/wp-json\/wp\/v2\/posts\/244449\/revisions"}],"wp:featuredmedia":[{"embeddable":true,"href":"https:\/\/www.europesays.com\/fr\/wp-json\/wp\/v2\/media\/244450"}],"wp:attachment":[{"href":"https:\/\/www.europesays.com\/fr\/wp-json\/wp\/v2\/media?parent=244449"}],"wp:term":[{"taxonomy":"category","embeddable":true,"href":"https:\/\/www.europesays.com\/fr\/wp-json\/wp\/v2\/categories?post=244449"},{"taxonomy":"post_tag","embeddable":true,"href":"https:\/\/www.europesays.com\/fr\/wp-json\/wp\/v2\/tags?post=244449"}],"curies":[{"name":"wp","href":"https:\/\/api.w.org\/{rel}","templated":true}]}}