{"id":244451,"date":"2025-07-12T08:10:12","date_gmt":"2025-07-12T08:10:12","guid":{"rendered":"https:\/\/www.europesays.com\/fr\/244451\/"},"modified":"2025-07-12T08:10:12","modified_gmt":"2025-07-12T08:10:12","slug":"sinner-etrille-djokovic-et-retrouvera-alcaraz-en-finale","status":"publish","type":"post","link":"https:\/\/www.europesays.com\/fr\/244451\/","title":{"rendered":"Sinner \u00e9trille Djokovic et retrouvera Alcaraz en finale"},"content":{"rendered":"<p class=\"date\">\n                                                            Guillaume Marion, Media365, publi\u00e9 le vendredi 11 juillet 2025 \u00e0 19h55\n                                                    <\/p>\n<p>En demi-finale \u00e0 Wimbledon, Jannik Sinner n&rsquo;a laiss\u00e9 aucune chance ce vendredi \u00e0 Novak Djokovic et s&rsquo;est impos\u00e9 en trois sets. D\u00e9sormais, l&rsquo;Italien a rendez-vous dimanche avec Carlos Alcaraz en finale.<\/p>\n<p>Un peu plus d&rsquo;un mois apr\u00e8s une finale m\u00e9morable \u00e0 Roland-Garros (qui a dur\u00e9 5h29), on aura le droit \u00e0 un nouveau duel entre les deux patrons du circuit ATP. En effet, ce vendredi, <strong>Jannik Sinner a \u00e9cras\u00e9 Novak Djokovic en trois sets (6-3, 6-3, 6-4 en 1h53 de jeu) et a rejoint Carlos Alcaraz, tombeur de Taylor Fritz, en finale \u00e0 Wimbledon.<\/strong> Si, un peu plus t\u00f4t, l&rsquo;Espagnol avait laiss\u00e9 une manche en route pour l&#8217;emporter, \u00e7a n&rsquo;a pas \u00e9t\u00e9 le cas du num\u00e9ro 1 mondial qui s&rsquo;est une nouvelle fois montr\u00e9 imp\u00e9rial lors de cette quinzaine londonienne (hormis contre Grigor Dimitrov en 8e de finale). Car, <strong>face au septuple vainqueur du tournoi, le natif de San Candido a r\u00e9alis\u00e9 une v\u00e9ritable d\u00e9monstration sur le gazon du Centre Court.<\/strong> Dans la premi\u00e8re manche, Sinner n&rsquo;a pas mis longtemps pour faire la diff\u00e9rence en faisant une premi\u00e8re fois le break, \u00e0 1-1, avant de prendre \u00e0 nouveau le service du Serbe \u00e0 5-3.<\/p>\n<p><strong>Sinner va disputer une 4e finale de suite en GC<\/strong><\/p>\n<p>Sur sa lanc\u00e9e et pas loin d&rsquo;\u00eatre intouchable, l&rsquo;Italien a remis \u00e7a en d\u00e9but de deuxi\u00e8me set, \u00e0 1-0, suffisant pour mener deux manches \u00e0 rien et ainsi prendre une belle option sur la qualification pour la finale. Apr\u00e8s avoir pris un temps mort m\u00e9dical, Djokovic est reparti au combat et a profit\u00e9 d&rsquo;un l\u00e9ger coup de moins bien de son adversaire pour enfin le breaker et mener 3-0. Mais, <strong>malheureusement pour lui, cette embellie a \u00e9t\u00e9 de courte dur\u00e9e car le num\u00e9ro 1 mondial a ensuite rapidement remis la marche avant pour empocher six des sept jeux suivants<\/strong> et ainsi dominer \u00e0 nouveau le natif de Belgrade. Dimanche, face \u00e0 Alcaraz, Sinner va donc disputer sa cinqui\u00e8me finale en Grand Chelem, et la quatri\u00e8me de suite. <strong>Face \u00e0 son meilleur rival, le num\u00e9ro 1 mondial tentera de prendre sa revanche et de remporter pour la premi\u00e8re fois Wimbledon.<\/strong> Pour cela, il devra battre sur le gazon londonien celui qui reste sur 24 succ\u00e8s de suite. Pas une mince affaire.<\/p>\n","protected":false},"excerpt":{"rendered":"Guillaume Marion, Media365, publi\u00e9 le vendredi 11 juillet 2025 \u00e0 19h55 En demi-finale \u00e0 Wimbledon, Jannik Sinner n&rsquo;a&hellip;\n","protected":false},"author":2,"featured_media":244452,"comment_status":"","ping_status":"","sticky":false,"template":"","format":"standard","meta":{"footnotes":""},"categories":[1415],"tags":[1011,27,60,1467],"class_list":{"0":"post-244451","1":"post","2":"type-post","3":"status-publish","4":"format-standard","5":"has-post-thumbnail","7":"category-tennis","8":"tag-fr","9":"tag-france","10":"tag-sports","11":"tag-tennis"},"share_on_mastodon":{"url":"https:\/\/pubeurope.com\/@fr\/114839251967996077","error":""},"_links":{"self":[{"href":"https:\/\/www.europesays.com\/fr\/wp-json\/wp\/v2\/posts\/244451","targetHints":{"allow":["GET"]}}],"collection":[{"href":"https:\/\/www.europesays.com\/fr\/wp-json\/wp\/v2\/posts"}],"about":[{"href":"https:\/\/www.europesays.com\/fr\/wp-json\/wp\/v2\/types\/post"}],"author":[{"embeddable":true,"href":"https:\/\/www.europesays.com\/fr\/wp-json\/wp\/v2\/users\/2"}],"replies":[{"embeddable":true,"href":"https:\/\/www.europesays.com\/fr\/wp-json\/wp\/v2\/comments?post=244451"}],"version-history":[{"count":0,"href":"https:\/\/www.europesays.com\/fr\/wp-json\/wp\/v2\/posts\/244451\/revisions"}],"wp:featuredmedia":[{"embeddable":true,"href":"https:\/\/www.europesays.com\/fr\/wp-json\/wp\/v2\/media\/244452"}],"wp:attachment":[{"href":"https:\/\/www.europesays.com\/fr\/wp-json\/wp\/v2\/media?parent=244451"}],"wp:term":[{"taxonomy":"category","embeddable":true,"href":"https:\/\/www.europesays.com\/fr\/wp-json\/wp\/v2\/categories?post=244451"},{"taxonomy":"post_tag","embeddable":true,"href":"https:\/\/www.europesays.com\/fr\/wp-json\/wp\/v2\/tags?post=244451"}],"curies":[{"name":"wp","href":"https:\/\/api.w.org\/{rel}","templated":true}]}}