{"id":244453,"date":"2025-07-12T08:12:11","date_gmt":"2025-07-12T08:12:11","guid":{"rendered":"https:\/\/www.europesays.com\/fr\/244453\/"},"modified":"2025-07-12T08:12:11","modified_gmt":"2025-07-12T08:12:11","slug":"fabio-di-giannantonio-assume-un-parcours-hors-normes","status":"publish","type":"post","link":"https:\/\/www.europesays.com\/fr\/244453\/","title":{"rendered":"Fabio Di Giannantonio assume un parcours hors normes"},"content":{"rendered":"<p>Fabio Di Giannantonio, actuel pilote VR46, a livr\u00e9 un message fort et touchant \u00e0 la presse : il ne veut ressembler \u00e0 personne, suivre personne, et encore moins entrer dans des cases. Ce qu\u2019il cherche, c\u2019est \u00eatre fid\u00e8le \u00e0 ce qu\u2019il est. Dans une discipline o\u00f9 les trajectoires sont souvent compar\u00e9es et les r\u00e9sultats constamment scrut\u00e9s, Diggia rappelle qu\u2019il n\u2019existe pas une seule fa\u00e7on d\u2019arriver au sommet assumant ainsi une vision plus humaine du sport.<\/p>\n<blockquote>\n<p>\u201cJe suis un pilote qui suit son \u00e2me. J\u2019aime prendre du plaisir et faire les choses \u00e0 ma mani\u00e8re. Et quand je me sens bien, je peux \u00eatre tr\u00e8s rapide. Je n\u2019ai peut-\u00eatre pas une grande structure derri\u00e8re moi, mais j\u2019ai la passion et des gens formidables autour de moi. C\u2019est \u00e7a, finalement, qui me permet de gagner des courses.\u201d Explique le pilote de la VR46, source : <a href=\"http:\/\/paddock-gp.com\" rel=\"nofollow noopener\" target=\"_blank\">paddock-gp.com<\/a>\u00a0<\/p>\n<\/blockquote>\n<p>Cette philosophie, le pilote italien l\u2019applique \u00e0 chaque week-end de course. Pas de posture, pas d\u2019imitation : il veut briller \u00e0 sa mani\u00e8re, dans son style, quitte \u00e0 prendre des chemins moins directs que d\u2019autres. Cette authenticit\u00e9 semble porter ses fruits, puisque Di Giannantonio s\u2019affirme comme l\u2019un des pilotes les plus constants de cette premi\u00e8re moiti\u00e9 de saison. Dans un MotoGP en constante \u00e9volution, ce type de discours rafra\u00eechissant rappelle que la course est aussi une aventure humaine.<\/p>\n<p>Fabio Di Giannantonio n\u2019a jamais int\u00e9gr\u00e9 la prestigieuse VR46 Acad\u00e9mie fond\u00e9e par Valentino Rossi, pourtant tremplin naturel pour bon nombre de ses compatriotes. Une absence remarqu\u00e9e, mais qu\u2019il assume pleinement maintenant qu\u2019il roule pour l\u2019\u00e9curie de Rossi.<\/p>\n<blockquote>\n<p>\u201cJe ne sais pas pourquoi, ils ne m\u2019ont jamais contact\u00e9. J\u2019ai toujours suivi ma propre voie. C\u2019est plus difficile, car sans structure solide derri\u00e8re soi, il faut tout construire seul. Mais j\u2019aime \u00e7a, parce que tout ce que j\u2019ai accompli, c\u2019est gr\u00e2ce \u00e0 moi, ma famille et ceux qui croient en moi\u2026 C\u2019est bizarre, mais aussi agr\u00e9able. Je suis tr\u00e8s heureux. M\u00eame si je ne fais pas partie de l\u2019Acad\u00e9mie, ils m\u2019ont tr\u00e8s bien accueilli. Valentino, quand il est l\u00e0, vient nous parler et nous donner des conseils. L\u2019avoir \u00e0 ses c\u00f4t\u00e9s, c\u2019est incroyable.\u201d D\u00e9clare Fabio Di Giannantonio, source : <a href=\"http:\/\/paddock-gp.com\" rel=\"nofollow noopener\" target=\"_blank\">paddock-gp.com<\/a>\u00a0<\/p>\n<\/blockquote>\n<p>En assumant sa diff\u00e9rence, Fabio Di Giannantonio rappelle qu\u2019il est possible de r\u00e9ussir sans suivre les sentiers battus. Dans un univers calibr\u00e9 comme le MotoGP, son parcours atypique et sa fid\u00e9lit\u00e9 \u00e0 ses valeurs font de lui un pilote \u00e0 part qui est respect\u00e9 non seulement pour sa vitesse, mais aussi pour son int\u00e9grit\u00e9.<\/p>\n<p>    Partagez cette info avec vos amis et vos proches en cliquant ici  <\/p>\n<p> Podcasts \u00e0 la une MEN LIFE <\/p>\n<p>    MotoGP : Di Giannantonio, l\u2019outsider qui trace sa voie<\/p>\n<p>Fabio Di Giannantonio assume un parcours atypique, loin des acad\u00e9mies et des standards du MotoGP. Sans appui massif, il s\u2019impose par sa passion, sa sinc\u00e9rit\u00e9 et ses r\u00e9sultats. Un exemple rare d\u2019authenticit\u00e9 dans le paddock.<\/p>\n<p>R\u00e9dacteur<\/p>\n<p><img decoding=\"async\" width=\"76\" height=\"76\" loading=\"lazy\" src=\"https:\/\/www.europesays.com\/fr\/wp-content\/uploads\/2025\/04\/avatar-sport-am.png\" alt=\"Victor Teyssier\"\/><\/p>\n","protected":false},"excerpt":{"rendered":"Fabio Di Giannantonio, actuel pilote VR46, a livr\u00e9 un message fort et touchant \u00e0 la presse : il&hellip;\n","protected":false},"author":2,"featured_media":244454,"comment_status":"","ping_status":"","sticky":false,"template":"","format":"standard","meta":{"footnotes":""},"categories":[1413],"tags":[1011,27,1457,1456,60],"class_list":{"0":"post-244453","1":"post","2":"type-post","3":"status-publish","4":"format-standard","5":"has-post-thumbnail","7":"category-moto","8":"tag-fr","9":"tag-france","10":"tag-moto","11":"tag-motocycle","12":"tag-sports"},"share_on_mastodon":{"url":"https:\/\/pubeurope.com\/@fr\/114839259928780837","error":""},"_links":{"self":[{"href":"https:\/\/www.europesays.com\/fr\/wp-json\/wp\/v2\/posts\/244453","targetHints":{"allow":["GET"]}}],"collection":[{"href":"https:\/\/www.europesays.com\/fr\/wp-json\/wp\/v2\/posts"}],"about":[{"href":"https:\/\/www.europesays.com\/fr\/wp-json\/wp\/v2\/types\/post"}],"author":[{"embeddable":true,"href":"https:\/\/www.europesays.com\/fr\/wp-json\/wp\/v2\/users\/2"}],"replies":[{"embeddable":true,"href":"https:\/\/www.europesays.com\/fr\/wp-json\/wp\/v2\/comments?post=244453"}],"version-history":[{"count":0,"href":"https:\/\/www.europesays.com\/fr\/wp-json\/wp\/v2\/posts\/244453\/revisions"}],"wp:featuredmedia":[{"embeddable":true,"href":"https:\/\/www.europesays.com\/fr\/wp-json\/wp\/v2\/media\/244454"}],"wp:attachment":[{"href":"https:\/\/www.europesays.com\/fr\/wp-json\/wp\/v2\/media?parent=244453"}],"wp:term":[{"taxonomy":"category","embeddable":true,"href":"https:\/\/www.europesays.com\/fr\/wp-json\/wp\/v2\/categories?post=244453"},{"taxonomy":"post_tag","embeddable":true,"href":"https:\/\/www.europesays.com\/fr\/wp-json\/wp\/v2\/tags?post=244453"}],"curies":[{"name":"wp","href":"https:\/\/api.w.org\/{rel}","templated":true}]}}