{"id":244455,"date":"2025-07-12T08:13:16","date_gmt":"2025-07-12T08:13:16","guid":{"rendered":"https:\/\/www.europesays.com\/fr\/244455\/"},"modified":"2025-07-12T08:13:16","modified_gmt":"2025-07-12T08:13:16","slug":"quand-le-proprietaire-de-haas-pilote-sa-propre-f1","status":"publish","type":"post","link":"https:\/\/www.europesays.com\/fr\/244455\/","title":{"rendered":"quand le propri\u00e9taire de Haas pilote sa propre F1"},"content":{"rendered":"<p><strong>LE SCAN SPORT<\/strong> <strong>&#8211;<\/strong> Gene Haas, propri\u00e9taire de l\u2019\u00e9curie de F1 \u00e9ponyme, a pilot\u00e9 deux monoplaces lors du festival de Goodwood. Son directeur d\u2019\u00e9quipe Ayao Komatsu a pu faire de m\u00eame.<\/p>\n<p class=\"fig-paragraph\">Un nouveau duo de pilotes pour deux jours chez Haas. Hier 10 juillet et aujourd\u2019hui, Gene Haas (fondateur et propri\u00e9taire\u00a0<a href=\"http:\/\/www.lefigaro.fr\/sports\/formule-1\/formule-1-en-images-la-livree-hommage-de-haas-pour-sa-200e-course-au-grand-prix-du-canada-20250613\" data-fig-type=\"NewsFlash\" data-gtm-custom-categorie=\"navigation\" data-gtm-custom-action=\"crossclick\" data-gtm-custom-label=\"Contextuel\" data-gtm-event=\"customEventSPE\" data-fig-domain=\"LEFIGARO\" rel=\"nofollow noopener\" target=\"_blank\">de l\u2019\u00e9quipe de F1)\u00a0<\/a>et Ayao Komatsu ont pris le volant de deux Formule 1 de l\u2019\u00e9curie am\u00e9ricaine \u00e0 l\u2019occasion du festival de Goodwood.<\/p>\n<p class=\"fig-paragraph\">Haas avait mis \u00e0 disposition les mod\u00e8les de 2023 et de 2024, tr\u00e8s proches de la monoplace qui court actuellement dans la cat\u00e9gorie reine. Les deux hommes ont navigu\u00e9 entre les ballots de paille sans endommager leurs Formule 1.<\/p>\n<p>                                    <a class=\"fig-a11y-skip a11y-hidden\" href=\"#fig-a11y-skip-main-inarticle\"><br \/>\n        Passer la publicit\u00e9<br \/>\n    <\/a><\/p>\n<p class=\"fig-paragraph\">Ayao Komatsu et Gene Haas avaient d\u00e9j\u00e0 eu le droit \u00e0 un tour de piste \u00e0 Silverstone lors d\u2019un roulage priv\u00e9 il y a quelques semaines, en guise d\u2019entra\u00eenement. Le circuit britannique \u00e9tait alors en configuration \u00abStowe\u00bb et non Grand Prix.<\/p>\n<p>F\u00eater les 10 ans de l\u2019\u00e9quipe<\/p>\n<p class=\"fig-paragraph\">Cet \u00e9v\u00e8nement a \u00e9t\u00e9 organis\u00e9 pour c\u00e9l\u00e9brer les 10 ans de l\u2019\u00e9quipe en Formule 1, qui a rejoint la grille en 2016 avec une paire de pilotes \u00e0 l\u2019\u00e9poque compos\u00e9e du Franco-suisse Romain Grosjean et du Mexicain Esteban Gutierrez. Cette saison 2025 a \u00e9galement \u00e9t\u00e9 marqu\u00e9e par le 200e Grand Prix de l\u2019\u00e9curie.<\/p>\n<p class=\"fig-paragraph\">Gene Haas et Ayao Komatsu vont rendre leur volant \u00e0\u00a0<a href=\"http:\/\/www.lefigaro.fr\/sports\/formule-1\/esteban-ocon-je-suis-triste-qu-il-n-y-ait-plus-de-grand-prix-en-france-20250524\" data-fig-type=\"Article\" data-gtm-custom-categorie=\"navigation\" data-gtm-custom-action=\"crossclick\" data-gtm-custom-label=\"Contextuel\" data-gtm-event=\"customEventSPE\" data-fig-domain=\"LEFIGARO\" rel=\"nofollow noopener\" target=\"_blank\">leurs pilotes Esteban Ocon\u00a0<\/a>et Oliver Bearman demain 12 et dimanche 13 juillet. Le prochain rendez-vous important aura lieu \u00e0 Spa-Francorchamps dans deux semaines \u00e0 l\u2019occasion du Grand Prix de Belgique. Haas occupe actuellement la 9e place du championnat constructeur.<\/p>\n","protected":false},"excerpt":{"rendered":"LE SCAN SPORT &#8211; Gene Haas, propri\u00e9taire de l\u2019\u00e9curie de F1 \u00e9ponyme, a pilot\u00e9 deux monoplaces lors du&hellip;\n","protected":false},"author":2,"featured_media":244456,"comment_status":"","ping_status":"","sticky":false,"template":"","format":"standard","meta":{"footnotes":""},"categories":[1412],"tags":[2249,1451,1452,1453,1454,1455,1011,27,4977,60],"class_list":{"0":"post-244455","1":"post","2":"type-post","3":"status-publish","4":"format-standard","5":"has-post-thumbnail","7":"category-f1","8":"tag-esteban-ocon","9":"tag-f1","10":"tag-formula-1","11":"tag-formula1","12":"tag-formule-1","13":"tag-formule1","14":"tag-fr","15":"tag-france","16":"tag-le-scan-sport","17":"tag-sports"},"share_on_mastodon":{"url":"https:\/\/pubeurope.com\/@fr\/114839263814929514","error":""},"_links":{"self":[{"href":"https:\/\/www.europesays.com\/fr\/wp-json\/wp\/v2\/posts\/244455","targetHints":{"allow":["GET"]}}],"collection":[{"href":"https:\/\/www.europesays.com\/fr\/wp-json\/wp\/v2\/posts"}],"about":[{"href":"https:\/\/www.europesays.com\/fr\/wp-json\/wp\/v2\/types\/post"}],"author":[{"embeddable":true,"href":"https:\/\/www.europesays.com\/fr\/wp-json\/wp\/v2\/users\/2"}],"replies":[{"embeddable":true,"href":"https:\/\/www.europesays.com\/fr\/wp-json\/wp\/v2\/comments?post=244455"}],"version-history":[{"count":0,"href":"https:\/\/www.europesays.com\/fr\/wp-json\/wp\/v2\/posts\/244455\/revisions"}],"wp:featuredmedia":[{"embeddable":true,"href":"https:\/\/www.europesays.com\/fr\/wp-json\/wp\/v2\/media\/244456"}],"wp:attachment":[{"href":"https:\/\/www.europesays.com\/fr\/wp-json\/wp\/v2\/media?parent=244455"}],"wp:term":[{"taxonomy":"category","embeddable":true,"href":"https:\/\/www.europesays.com\/fr\/wp-json\/wp\/v2\/categories?post=244455"},{"taxonomy":"post_tag","embeddable":true,"href":"https:\/\/www.europesays.com\/fr\/wp-json\/wp\/v2\/tags?post=244455"}],"curies":[{"name":"wp","href":"https:\/\/api.w.org\/{rel}","templated":true}]}}