{"id":244465,"date":"2025-07-12T08:18:24","date_gmt":"2025-07-12T08:18:24","guid":{"rendered":"https:\/\/www.europesays.com\/fr\/244465\/"},"modified":"2025-07-12T08:18:24","modified_gmt":"2025-07-12T08:18:24","slug":"paris-decouvrez-les-beaux-livres-de-fin-dannee-des-editions-gourcuff-gradenigo","status":"publish","type":"post","link":"https:\/\/www.europesays.com\/fr\/244465\/","title":{"rendered":"PARIS : D\u00e9couvrez les beaux livres de fin d&rsquo;ann\u00e9e des \u00c9ditions Gourcuff Gradenigo"},"content":{"rendered":"<p><strong>Les \u00c9ditions Gourcuff Gradenigo pr\u00e9sentent une s\u00e9lection de beaux livres pour la fin de l\u2019ann\u00e9e, c\u00e9l\u00e9brant l\u2019histoire, l\u2019art de vivre, les grandes figures culturelles et les lieux charg\u00e9s de m\u00e9moire.<\/strong><br \/><strong>La Divine Com\u00e9die : L\u2019Univers de Dante<\/strong><\/p>\n<p>Daniel Thierry propose une travers\u00e9e sensorielle de\u00a0La Divine Com\u00e9die\u00a0de Dante Alighieri. Ce livre d\u2019art, richement illustr\u00e9, conjugue mots et images pour red\u00e9couvrir l\u2019actualit\u00e9 de Dante et la puissance de son imaginaire. L\u2019ouvrage, imprim\u00e9 sur papier 1\u20442 mat 170 g, comprend 408 pages et environ 280 illustrations. Il sera disponible fin novembre au prix de\u00a0<strong>120,00 euros TTC<\/strong>.<\/p>\n<p><img fetchpriority=\"high\" decoding=\"async\" class=\"size-full wp-image-841366 aligncenter\" src=\"https:\/\/www.europesays.com\/fr\/wp-content\/uploads\/2025\/07\/unnamed-79.png\" alt=\"\" width=\"416\" height=\"527\"\/><\/p>\n<p><strong>Caroline Bonaparte et Joachim Murat : Un Couple et ses Palais<\/strong><\/p>\n<p>Jehanne Lazaj retrace l\u2019histoire de Caroline Murat, s\u0153ur cadette de Napol\u00e9on, et de son \u00e9poux Joachim Murat. Devenus souverains de Naples en 1808, ils ont poss\u00e9d\u00e9 et d\u00e9cor\u00e9 de nombreuses r\u00e9sidences, refl\u00e9tant un art de vivre raffin\u00e9 et un go\u00fbt marqu\u00e9 pour les arts et les antiquit\u00e9s. L\u2019ouvrage, reli\u00e9 et imprim\u00e9 sur papier 1\u20442 mat, comprend 200 pages et sera disponible fin novembre au prix de\u00a0<strong>59,00 euros<\/strong>.<\/p>\n<p><img loading=\"lazy\" decoding=\"async\" class=\"size-full wp-image-841367 aligncenter\" src=\"https:\/\/www.europesays.com\/fr\/wp-content\/uploads\/2025\/07\/unnamed-80.png\" alt=\"\" width=\"428\" height=\"574\"\/><\/p>\n<p><strong>Dresser la Table : Tout un Art<\/strong><\/p>\n<p>Hubert de Vinols, architecte d\u2019int\u00e9rieur, c\u00e9l\u00e8bre l\u2019art de vivre \u00e0 la fran\u00e7aise \u00e0 travers des tables d\u2019exception. Ce premier ouvrage, richement illustr\u00e9, retrace chronologiquement l\u2019histoire des arts de la table du XVIIIe au d\u00e9but du XXe si\u00e8cle. Imprim\u00e9 sur papier 1\u20442 mat 150 g, il comprend 176 pages et environ 200 illustrations. Il sera disponible fin novembre au prix de\u00a0<strong>45,00 euros TTC<\/strong>.<\/p>\n<p><img loading=\"lazy\" decoding=\"async\" class=\"size-full wp-image-841368 aligncenter\" src=\"https:\/\/www.europesays.com\/fr\/wp-content\/uploads\/2025\/07\/unnamed-81.png\" alt=\"\" width=\"418\" height=\"573\"\/><\/p>\n<p><strong>Chroniques Dilettantes<\/strong><\/p>\n<p>Philippe B\u00e9laval, figure majeure du patrimoine et de la culture, livre une quinzaine de chroniques personnelles m\u00ealant architecture, litt\u00e9rature, arts plastiques et musique. L\u2019ouvrage, broch\u00e9 et imprim\u00e9 sur papier 1\u20442 mat 150 g, comprend 112 pages et environ 40 illustrations. Il est disponible d\u00e8s maintenant en librairie au prix de\u00a0<strong>29 euros TTC<\/strong>.<\/p>\n<p><img loading=\"lazy\" decoding=\"async\" class=\"size-full wp-image-841369 aligncenter\" src=\"https:\/\/www.europesays.com\/fr\/wp-content\/uploads\/2025\/07\/unnamed-82.png\" alt=\"\" width=\"379\" height=\"545\"\/><\/p>\n<p><strong>Le Monde d\u2019Andr\u00e9 Ostier : Photographe du Tout-Paris<\/strong><\/p>\n<p>Thierry Coudert rend hommage \u00e0 Andr\u00e9 Ostier, figure discr\u00e8te mais essentielle de la photographie mondaine des ann\u00e9es 1940-1950. Ce livre r\u00e9v\u00e8le une galerie de portraits vibrante d\u2019un monde raffin\u00e9 aujourd\u2019hui disparu. L\u2019ouvrage, reli\u00e9 et imprim\u00e9 sur papier 1\u20442 mat, comprend 208 pages et 270 illustrations. Il est disponible au prix de\u00a0<strong>49 euros<\/strong>.<\/p>\n<p><img loading=\"lazy\" decoding=\"async\" class=\"size-full wp-image-841370 aligncenter\" src=\"https:\/\/www.europesays.com\/fr\/wp-content\/uploads\/2025\/07\/unnamed-83.png\" alt=\"\" width=\"425\" height=\"548\"\/><\/p>\n<p><strong>Un \u00c9t\u00e9 \u00e0 Capri<\/strong><\/p>\n<p>\u00c9ric Jansen invite \u00e0 une fl\u00e2nerie nostalgique dans un Capri o\u00f9 le pass\u00e9 semble encore palpiter. Ce livre, broch\u00e9, comprend 144 pages et est disponible au prix de\u00a0<strong>26 euros<\/strong>.<\/p>\n<p><img loading=\"lazy\" decoding=\"async\" class=\"size-full wp-image-841371 aligncenter\" src=\"https:\/\/www.europesays.com\/fr\/wp-content\/uploads\/2025\/07\/unnamed-84.png\" alt=\"\" width=\"381\" height=\"523\"\/><\/p>\n<p>Pour plus d\u2019informations, visitez le site des \u00c9ditions Gourcuff Gradenigo :\u00a0<a href=\"http:\/\/www.gourcuff-gradenigo.com\/\" target=\"_blank\" rel=\"noopener nofollow\" data-saferedirecturl=\"https:\/\/www.google.com\/url?q=http:\/\/www.gourcuff-gradenigo.com&amp;source=gmail&amp;ust=1752344678673000&amp;usg=AOvVaw0dfPwdbrUcvHbpqoB7_szr\">www.gourcuff-gradenigo.com<\/a>.<\/p>\n","protected":false},"excerpt":{"rendered":"Les \u00c9ditions Gourcuff Gradenigo pr\u00e9sentent une s\u00e9lection de beaux livres pour la fin de l\u2019ann\u00e9e, c\u00e9l\u00e9brant l\u2019histoire, l\u2019art&hellip;\n","protected":false},"author":2,"featured_media":244466,"comment_status":"","ping_status":"","sticky":false,"template":"","format":"standard","meta":{"footnotes":""},"categories":[1357],"tags":[1379,58,59,1011,27,1380],"class_list":{"0":"post-244465","1":"post","2":"type-post","3":"status-publish","4":"format-standard","5":"has-post-thumbnail","7":"category-livres","8":"tag-books","9":"tag-divertissement","10":"tag-entertainment","11":"tag-fr","12":"tag-france","13":"tag-livres"},"share_on_mastodon":{"url":"https:\/\/pubeurope.com\/@fr\/114839284656831516","error":""},"_links":{"self":[{"href":"https:\/\/www.europesays.com\/fr\/wp-json\/wp\/v2\/posts\/244465","targetHints":{"allow":["GET"]}}],"collection":[{"href":"https:\/\/www.europesays.com\/fr\/wp-json\/wp\/v2\/posts"}],"about":[{"href":"https:\/\/www.europesays.com\/fr\/wp-json\/wp\/v2\/types\/post"}],"author":[{"embeddable":true,"href":"https:\/\/www.europesays.com\/fr\/wp-json\/wp\/v2\/users\/2"}],"replies":[{"embeddable":true,"href":"https:\/\/www.europesays.com\/fr\/wp-json\/wp\/v2\/comments?post=244465"}],"version-history":[{"count":0,"href":"https:\/\/www.europesays.com\/fr\/wp-json\/wp\/v2\/posts\/244465\/revisions"}],"wp:featuredmedia":[{"embeddable":true,"href":"https:\/\/www.europesays.com\/fr\/wp-json\/wp\/v2\/media\/244466"}],"wp:attachment":[{"href":"https:\/\/www.europesays.com\/fr\/wp-json\/wp\/v2\/media?parent=244465"}],"wp:term":[{"taxonomy":"category","embeddable":true,"href":"https:\/\/www.europesays.com\/fr\/wp-json\/wp\/v2\/categories?post=244465"},{"taxonomy":"post_tag","embeddable":true,"href":"https:\/\/www.europesays.com\/fr\/wp-json\/wp\/v2\/tags?post=244465"}],"curies":[{"name":"wp","href":"https:\/\/api.w.org\/{rel}","templated":true}]}}