{"id":244469,"date":"2025-07-12T08:20:14","date_gmt":"2025-07-12T08:20:14","guid":{"rendered":"https:\/\/www.europesays.com\/fr\/244469\/"},"modified":"2025-07-12T08:20:14","modified_gmt":"2025-07-12T08:20:14","slug":"des-douches-dans-des-prefabriques-clara-luciani-frole-la-condescendance-sur-bfmtv","status":"publish","type":"post","link":"https:\/\/www.europesays.com\/fr\/244469\/","title":{"rendered":"\u00ab\u00a0Des douches dans des pr\u00e9fabriqu\u00e9s\u00a0\u00bb : Clara Luciani fr\u00f4le la condescendance sur BFMTV"},"content":{"rendered":"<p class=\"p2\"><a href=\"https:\/\/www.closermag.fr\/people\/clara-luciani-ces-moqueries-dont-elle-etait-victime-etant-enfant-1423368\" rel=\"nofollow noopener\" target=\"_blank\"><br \/>\nClara Luciani<\/a> multiplie les projets ces derniers mois. Son<br \/>\ntroisi\u00e8me disque, Mon Sang, sorti fin 2024, a re\u00e7u pas<br \/>\nmoins de <strong>trois nominations aux Victoires de la<br \/>\nMusique<\/strong> (Meilleur Album, Meilleure Artiste F\u00e9minine et<br \/>\nMeilleure Chanson Originale de l\u2019ann\u00e9e pour le titre\u00a0Tout<br \/>\npour moi). La chanteuse s\u00a0\u00bbest essay\u00e9e <strong>au cin\u00e9ma avec<br \/>\nJoli, Joli<\/strong>, com\u00e9die musicale r\u00e9alis\u00e9e par<br \/>\nDiast\u00e8me sur une BO d&rsquo;Alex Beaupain.<\/p>\n<p class=\"p2\">\u00ab\u00a0Je viens d\u2019apprendre que je suis<br \/>\n<strong>l\u2019artiste la plus programm\u00e9e en festivals cette<br \/>\nann\u00e9e<\/strong> c\u2019est une folie. Cette vie itin\u00e9rante me rend hyper<br \/>\nheureuse et j\u2019esp\u00e8re que vous avez aim\u00e9\/ que vous aimerez nos rdv<br \/>\nde cet \u00e9t\u00e9 !\u00a0\u00bb, a-t-elle r\u00e9cemment inform\u00e9 ses fans via une<br \/>\nstory Instagram. Ce vendredi 11 juillet, <strong>Les Francofolies<br \/>\nde La Rochelle<\/strong> lui ont ainsi d\u00e9roul\u00e9 le tapis rouge<br \/>\npendant plus d&rsquo;une heure.<\/p>\n<p>Clara Luciani : pourquoi s&rsquo;en prend-elle aux douches<br \/>\ndans des pr\u00e9fabriqu\u00e9s ?<\/p>\n<p class=\"p2\">Un r\u00eave \u00e9veill\u00e9. \u00ab\u00a0<strong>Je n&rsquo;aurais jamais<br \/>\nimagin\u00e9 \u00e7a<\/strong>, confie Clara Luciani dans une interview<br \/>\ndiffus\u00e9e par BFMTV ce samedi matin. Certainement pas quand je<br \/>\nvais jouer devant 20 personnes dans des tout petits bars. Et puis<br \/>\nmoi, vraiment, les festivals, c&rsquo;est un truc qui me tient<br \/>\nparticuli\u00e8rement \u00e0 c\u0153ur.\u00a0\u00bb <a href=\"https:\/\/www.closermag.fr\/people\/clara-luciani-complexee-la-chanteuse-evoque-ses-difficultes-a-seduire-1337795\" rel=\"nofollow noopener\" target=\"_blank\"><br \/>\nL&rsquo;interpr\u00e8te de La Grenade<\/a> se lance ensuite dans<br \/>\n<strong>une comparaison maladroite<\/strong>.<\/p>\n<p class=\"p2\">\u00ab\u00a0Quand j&rsquo;\u00e9tais petite fille, <strong>j&rsquo;adorais<br \/>\npartir en colonie de vacances<\/strong>. J&rsquo;ai l&rsquo;impression que c&rsquo;est<br \/>\nce qui se rapproche le plus de l&rsquo;ambiance des colonies de<br \/>\nvacances\u00a0\u00bb, poursuit-elle. Et de <strong>friser la<br \/>\ncondescendance<\/strong> : \u00ab\u00a0On prend <strong>des douches dans<br \/>\ndes pr\u00e9fabriqu\u00e9s qui ne sentent pas toujours tr\u00e8s<br \/>\nbons<\/strong>.\u00a0\u00bb La chanteuse dit n\u00e9anmoins adorer l&rsquo;atmosph\u00e8re<br \/>\ndes camps de vacances&#8230;<\/p>\n<p>Clara Luciani : \u00ab\u00a0Si \u00e7a devait<br \/>\ns&rsquo;arr\u00eater aujourd&rsquo;hui&#8230;\u00a0\u00bb<\/p>\n<p class=\"p2\">Selon nos confr\u00e8res de BFMTV, <a href=\"https:\/\/www.closermag.fr\/people\/alex-nest-jamais-evoquant-son-conjoint-clara-luciani-balance-un-tacle-a-peine-voile-a-une-journaliste-3493587\" rel=\"nofollow noopener\" target=\"_blank\"><br \/>\nla compagne d&rsquo;Alex Kapranos<\/a> \u00ab\u00a0estime qu&rsquo;elle a r\u00e9ussi un<br \/>\npetit peu d&rsquo;une certaine mani\u00e8re dans sa vie\u00a0\u00bb. \u00ab\u00a0J&rsquo;ai fait<br \/>\ntellement de belles choses. <strong>J&rsquo;ai eu trop de chance<\/strong><br \/>\n: tous ces concerts, tous ces rendez-vous avec les gens, tous ces<br \/>\nregards\u2026 C&rsquo;est extraordinaire ce qui m&rsquo;est arriv\u00e9\u00a0\u00bb, r\u00e9sume<br \/>\nl&rsquo;artiste, pleine de reconnaissance dans la suite de<br \/>\nl&rsquo;interview.<\/p>\n<p class=\"p2\">Si elle souhaite que <strong>\u00ab\u00a0\u00e7a dure pour<br \/>\ntoujours\u00a0\u00bb<\/strong>, la chanteuse garde les pieds sur terre.<br \/>\n\u00ab\u00a0<strong>Si \u00e7a devait s&rsquo;arr\u00eater aujourd&rsquo;hui, je le prendrais<br \/>\navec plus de philosophie<\/strong> que si \u00e7a s&rsquo;\u00e9tait arr\u00eat\u00e9 juste<br \/>\napr\u00e8s La Grenade.\u00a0\u00bb Clara Luciani sillonnera les routes de<br \/>\nFrance cet \u00e9t\u00e9, de Brive-la-Gaillarde le 18 juillet prochain au<br \/>\nMont\u00e9limar Agglo Festival le 26 juillet, puis au Ronqui\u00e8res<br \/>\nFestival le 1er ao\u00fbt.<\/p>\n","protected":false},"excerpt":{"rendered":"Clara Luciani multiplie les projets ces derniers mois. Son troisi\u00e8me disque, Mon Sang, sorti fin 2024, a re\u00e7u&hellip;\n","protected":false},"author":2,"featured_media":244470,"comment_status":"","ping_status":"","sticky":false,"template":"","format":"standard","meta":{"footnotes":""},"categories":[1355],"tags":[548,10831,22007,58,59,1011,27,1361,873],"class_list":{"0":"post-244469","1":"post","2":"type-post","3":"status-publish","4":"format-standard","5":"has-post-thumbnail","7":"category-musique","8":"tag-article-simple","9":"tag-bfmtv","10":"tag-clara-luciani","11":"tag-divertissement","12":"tag-entertainment","13":"tag-fr","14":"tag-france","15":"tag-music","16":"tag-musique"},"share_on_mastodon":{"url":"https:\/\/pubeurope.com\/@fr\/114839291374927108","error":""},"_links":{"self":[{"href":"https:\/\/www.europesays.com\/fr\/wp-json\/wp\/v2\/posts\/244469","targetHints":{"allow":["GET"]}}],"collection":[{"href":"https:\/\/www.europesays.com\/fr\/wp-json\/wp\/v2\/posts"}],"about":[{"href":"https:\/\/www.europesays.com\/fr\/wp-json\/wp\/v2\/types\/post"}],"author":[{"embeddable":true,"href":"https:\/\/www.europesays.com\/fr\/wp-json\/wp\/v2\/users\/2"}],"replies":[{"embeddable":true,"href":"https:\/\/www.europesays.com\/fr\/wp-json\/wp\/v2\/comments?post=244469"}],"version-history":[{"count":0,"href":"https:\/\/www.europesays.com\/fr\/wp-json\/wp\/v2\/posts\/244469\/revisions"}],"wp:featuredmedia":[{"embeddable":true,"href":"https:\/\/www.europesays.com\/fr\/wp-json\/wp\/v2\/media\/244470"}],"wp:attachment":[{"href":"https:\/\/www.europesays.com\/fr\/wp-json\/wp\/v2\/media?parent=244469"}],"wp:term":[{"taxonomy":"category","embeddable":true,"href":"https:\/\/www.europesays.com\/fr\/wp-json\/wp\/v2\/categories?post=244469"},{"taxonomy":"post_tag","embeddable":true,"href":"https:\/\/www.europesays.com\/fr\/wp-json\/wp\/v2\/tags?post=244469"}],"curies":[{"name":"wp","href":"https:\/\/api.w.org\/{rel}","templated":true}]}}