{"id":244473,"date":"2025-07-12T08:22:09","date_gmt":"2025-07-12T08:22:09","guid":{"rendered":"https:\/\/www.europesays.com\/fr\/244473\/"},"modified":"2025-07-12T08:22:09","modified_gmt":"2025-07-12T08:22:09","slug":"sun-tattoo-le-tatouage-a-la-creme-solaire-la-tendance-qui-fait-palir-les-dermatos","status":"publish","type":"post","link":"https:\/\/www.europesays.com\/fr\/244473\/","title":{"rendered":"\u00ab\u00a0Sun tattoo\u00a0\u00bb\u00a0: le tatouage \u00e0 la cr\u00e8me solaire, la tendance qui fait p\u00e2lir les dermatos"},"content":{"rendered":"<p class=\"paragraph text_align_left lp-f-body-02\">Vous avez s\u00fbrement d\u00e9j\u00e0 eu une marque de bronzage rat\u00e9 : un coup de soleil avec une marque de la main dans le dos, des traces rouges sur l\u2019arri\u00e8re du mollet ou le bord des chaussettes, car la cr\u00e8me solaire n\u2019avait pas \u00e9t\u00e9 appliqu\u00e9e partout. Seulement voil\u00e0, de ces rat\u00e9s, une nouvelle tendance a \u00e9merg\u00e9 <a href=\"https:\/\/www.leparisien.fr\/high-tech\/tiktok-algorithme-formats-et-contenu-plongee-dans-les-rouages-dun-piege-presque-parfait-18-06-2025-BTM5KJAVBFHGBNB4NC7ULPC6EY.php\" target=\"_self\" rel=\"nofollow noopener\">sur TikTok<\/a> : le \u00ab sun tattoo \u00bb.<\/p>\n<p class=\"paragraph text_align_left lp-f-body-02\">Cette fois, plus question d\u2019erreur, le geste est tout \u00e0 fait intentionnel. Il s\u2019agit d\u2019esquisser une \u00e9toile, un c\u0153ur, un papillon, ou tout autre motif en cr\u00e8me solaire et d\u2019attendre que le soleil fasse son effet. Une fois la peau bronz\u00e9e, le dessin appara\u00eetra plus clair. Mais cela implique que vous n\u2019ayez pas mis de cr\u00e8me solaire <a href=\"https:\/\/www.leparisien.fr\/societe\/sante\/vacances-dete-coup-de-soleil-cabines-uv-et-gelules-permettent-ils-de-mieux-bronzer-16-07-2024-QDWNRXA3QZG6LHJMPPQPTNMZOQ.php\" target=\"_blank\" rel=\"noreferrer nofollow noopener\">pour prot\u00e9ger le reste de votre peau<\/a>.<\/p>\n","protected":false},"excerpt":{"rendered":"Vous avez s\u00fbrement d\u00e9j\u00e0 eu une marque de bronzage rat\u00e9 : un coup de soleil avec une marque&hellip;\n","protected":false},"author":2,"featured_media":244474,"comment_status":"","ping_status":"","sticky":false,"template":"","format":"standard","meta":{"footnotes":""},"categories":[10],"tags":[1011,27,72,71,104],"class_list":{"0":"post-244473","1":"post","2":"type-post","3":"status-publish","4":"format-standard","5":"has-post-thumbnail","7":"category-sante","8":"tag-fr","9":"tag-france","10":"tag-health","11":"tag-sante","12":"tag-societe"},"share_on_mastodon":{"url":"https:\/\/pubeurope.com\/@fr\/114839299283608528","error":""},"_links":{"self":[{"href":"https:\/\/www.europesays.com\/fr\/wp-json\/wp\/v2\/posts\/244473","targetHints":{"allow":["GET"]}}],"collection":[{"href":"https:\/\/www.europesays.com\/fr\/wp-json\/wp\/v2\/posts"}],"about":[{"href":"https:\/\/www.europesays.com\/fr\/wp-json\/wp\/v2\/types\/post"}],"author":[{"embeddable":true,"href":"https:\/\/www.europesays.com\/fr\/wp-json\/wp\/v2\/users\/2"}],"replies":[{"embeddable":true,"href":"https:\/\/www.europesays.com\/fr\/wp-json\/wp\/v2\/comments?post=244473"}],"version-history":[{"count":0,"href":"https:\/\/www.europesays.com\/fr\/wp-json\/wp\/v2\/posts\/244473\/revisions"}],"wp:featuredmedia":[{"embeddable":true,"href":"https:\/\/www.europesays.com\/fr\/wp-json\/wp\/v2\/media\/244474"}],"wp:attachment":[{"href":"https:\/\/www.europesays.com\/fr\/wp-json\/wp\/v2\/media?parent=244473"}],"wp:term":[{"taxonomy":"category","embeddable":true,"href":"https:\/\/www.europesays.com\/fr\/wp-json\/wp\/v2\/categories?post=244473"},{"taxonomy":"post_tag","embeddable":true,"href":"https:\/\/www.europesays.com\/fr\/wp-json\/wp\/v2\/tags?post=244473"}],"curies":[{"name":"wp","href":"https:\/\/api.w.org\/{rel}","templated":true}]}}